{"id":749922,"date":"2026-09-05T22:42:23","date_gmt":"2026-09-05T22:42:23","guid":{"rendered":"https:\/\/www.europesays.com\/es\/749922\/"},"modified":"2026-09-05T22:42:23","modified_gmt":"2026-09-05T22:42:23","slug":"celine-dion-demuestra-en-paris-que-el-total-black-mas-sencillo-tambien-puede-ser-el-mas-elegante-para-este-otono","status":"publish","type":"post","link":"https:\/\/www.europesays.com\/es\/749922\/","title":{"rendered":"C\u00e9line Dion demuestra en Par\u00eds que el total black m\u00e1s sencillo tambi\u00e9n puede ser el m\u00e1s elegante para este oto\u00f1o"},"content":{"rendered":"<p><a title=\"C\u00e9line Dion\" href=\"https:\/\/www.larazon.es\/lifestyle\/moda\/celine-dion-lleva-paris-vaqueros-protagonistas-otono-blazer-escultorica-givenchy_202609046a9a68954941316b1e771c61.html\" target=\"_blank\" rel=\"nofollow noopener\">C\u00e9line Dion<\/a> contin\u00faa convirtiendo <b>las calles de Par\u00eds en su particular pasarela<\/b>. Durante los \u00faltimos d\u00edas, la cantante ha protagonizado varias apariciones en la capital francesa, coincidiendo con un momento especialmente significativo de su carrera y con <b>la expectaci\u00f3n en torno a su regreso a los escenarios.<\/b><\/p>\n<p>Despu\u00e9s de varios a\u00f1os en los que sus apariciones p\u00fablicas han sido mucho m\u00e1s medidas, cada nueva imagen de la artista adquiere ahora una dimensi\u00f3n especial. Par\u00eds, una ciudad estrechamente vinculada a algunos de los cap\u00edtulos m\u00e1s importantes de <a title=\"su trayectoria\" href=\"https:\/\/www.larazon.es\/gente\/famosos\/celine-dion-paraliza-torre-eiffel-anunciar-regreso-58-cumpleano_2026033169cb6d9683aca52e0e3f1e82.html\" target=\"_blank\" rel=\"nofollow noopener\">su trayectoria<\/a> y a su relaci\u00f3n con la moda, vuelve a convertirse en el escenario de esta nueva etapa de la artista.<\/p>\n<p>En sus \u00faltimas salidas, adem\u00e1s, la canadiense ha recuperado esa faceta que durante d\u00e9cadas la convirti\u00f3 en una de las figuras m\u00e1s interesantes para la industria: <b>su capacidad para experimentar con la moda<\/b> y pasar de propuestas m\u00e1s teatrales a otras mucho m\u00e1s depuradas sin perder su identidad.<\/p>\n<p>Esta vez, fotografiada a la salida del hotel Le Royal Monceau, Dion volvi\u00f3 a recurrir a uno de los c\u00f3digos que m\u00e1s se repiten en su armario: el negro.<\/p>\n<p>C\u00e9line Dion apuesta por el total black m\u00e1s minimalista<img decoding=\"async\" loading=\"lazy\" src=\"https:\/\/www.europesays.com\/es\/wp-content\/uploads\/2026\/09\/celine-dion-paris_123.jpg\" alt=\"C\u00e9line Dion en Par\u00eds\" width=\"2333\" height=\"3500\"\/><b>C\u00e9line Dion en Par\u00eds<\/b> Gtres<\/p>\n<p>La pieza que articula el conjunto es <a title=\"una camiseta negra \" href=\"https:\/\/www.larazon.es\/lifestyle\/moda\/vicky-martin-berrocal-tiene-look-comodo-que-falla-viajar-avion-vaqueros-rectos-camiseta-negra-basica_202607286a6889574687a22bded29692.html\" target=\"_blank\" rel=\"nofollow noopener\">una camiseta negra <\/a>de manga corta y cuello alto, con una silueta amplia y alargada que cae por debajo de la cadera. Frente a la cl\u00e1sica camiseta ajustada, este dise\u00f1o juega con un volumen m\u00e1s relajado en la parte superior, mientras que el cuello elevado introduce un punto mucho m\u00e1s sofisticado.<\/p>\n<p>C\u00e9line la ha combinado con <b>unos pantalones negros estrechos y de largo ligeramente por encima del tobillo<\/b>, creando un contraste de proporciones entre la amplitud de la parte superior y una l\u00ednea mucho m\u00e1s definida en las piernas.<\/p>\n<p>La ausencia de color hace que sean precisamente esas diferencias de silueta las que construyan el estilismo. Una f\u00f3rmula sencilla que recuerda que vestir completamente de negro no tiene por qu\u00e9 depender de superponer numerosas prendas o texturas para funcionar.<\/p>\n<p><img decoding=\"async\" loading=\"lazy\" src=\"https:\/\/www.europesays.com\/es\/wp-content\/uploads\/2026\/09\/1788648143_246_celine-dion-paris_123.jpg\" alt=\"C\u00e9line Dion en Par\u00eds\" width=\"2333\" height=\"3500\"\/><b>C\u00e9line Dion en Par\u00eds<\/b> C\u00e9line Dion en Par\u00eds Gtres<\/p>\n<p>El \u00fanico accesorio visible son unas gafas de sol negras de montura angular, mientras que el cabello completamente recogido refuerza todav\u00eda m\u00e1s la limpieza del conjunto.<\/p>\n<p>Los kitten heels ponen el toque final al look<\/p>\n<p><b>Si hay un detalle que transforma el estilismo est\u00e1 en los pies<\/b>. C\u00e9line Dion ha dejado a un lado los tacones altos para escoger unos zapatos negros destalonados, de puntera afilada y kitten heel.<\/p>\n<p>El tac\u00f3n bajo y fino mantiene la elegancia de un sal\u00f3n tradicional, pero resulta mucho m\u00e1s c\u00f3modo para caminar, una de las razones por las que esta silueta ha recuperado protagonismo durante las \u00faltimas temporadas. La puntera pronunciada, adem\u00e1s, <b>ayuda a estilizar visualmente la pierna pese a la escasa altura del tac\u00f3n<\/b>.<\/p>\n<p>La cantante completa as\u00ed una nueva aparici\u00f3n parisina radicalmente diferente a la anterior. Si hace apenas unos d\u00edas recurr\u00eda a <a title=\"una blazer escult\u00f3rica de Givenchy\" href=\"https:\/\/www.larazon.es\/lifestyle\/moda\/celine-dion-lleva-paris-vaqueros-protagonistas-otono-blazer-escultorica-givenchy_202609046a9a68954941316b1e771c61.html\" target=\"_blank\" rel=\"nofollow noopener\">una blazer escult\u00f3rica de Givenchy<\/a> dise\u00f1ada por Sarah Burton combinada con vaqueros, ahora demuestra que no hacen falta construcciones complejas para conseguir un estilismo sofisticado.<\/p>\n","protected":false},"excerpt":{"rendered":"C\u00e9line Dion contin\u00faa convirtiendo las calles de Par\u00eds en su particular pasarela. Durante los \u00faltimos d\u00edas, la cantante&hellip;\n","protected":false},"author":2,"featured_media":749923,"comment_status":"","ping_status":"","sticky":false,"template":"","format":"standard","meta":{"footnotes":""},"categories":[170],"tags":[77612,146,147,25,24,1023,184,185,4759,23,2922],"class_list":["post-749922","post","type-post","status-publish","format-standard","has-post-thumbnail","category-musica","tag-celine-dion","tag-entertainment","tag-entretenimiento","tag-es","tag-espana","tag-moda","tag-music","tag-musica","tag-paris","tag-spain","tag-tendencias"],"share_on_mastodon":{"url":"https:\/\/pubeurope.com\/@es\/117220852624019958","error":""},"_links":{"self":[{"href":"https:\/\/www.europesays.com\/es\/wp-json\/wp\/v2\/posts\/749922","targetHints":{"allow":["GET"]}}],"collection":[{"href":"https:\/\/www.europesays.com\/es\/wp-json\/wp\/v2\/posts"}],"about":[{"href":"https:\/\/www.europesays.com\/es\/wp-json\/wp\/v2\/types\/post"}],"author":[{"embeddable":true,"href":"https:\/\/www.europesays.com\/es\/wp-json\/wp\/v2\/users\/2"}],"replies":[{"embeddable":true,"href":"https:\/\/www.europesays.com\/es\/wp-json\/wp\/v2\/comments?post=749922"}],"version-history":[{"count":0,"href":"https:\/\/www.europesays.com\/es\/wp-json\/wp\/v2\/posts\/749922\/revisions"}],"wp:featuredmedia":[{"embeddable":true,"href":"https:\/\/www.europesays.com\/es\/wp-json\/wp\/v2\/media\/749923"}],"wp:attachment":[{"href":"https:\/\/www.europesays.com\/es\/wp-json\/wp\/v2\/media?parent=749922"}],"wp:term":[{"taxonomy":"category","embeddable":true,"href":"https:\/\/www.europesays.com\/es\/wp-json\/wp\/v2\/categories?post=749922"},{"taxonomy":"post_tag","embeddable":true,"href":"https:\/\/www.europesays.com\/es\/wp-json\/wp\/v2\/tags?post=749922"}],"curies":[{"name":"wp","href":"https:\/\/api.w.org\/{rel}","templated":true}]}}