{"id":749924,"date":"2026-09-05T22:43:13","date_gmt":"2026-09-05T22:43:13","guid":{"rendered":"https:\/\/www.europesays.com\/es\/749924\/"},"modified":"2026-09-05T22:43:13","modified_gmt":"2026-09-05T22:43:13","slug":"el-cine-de-ciencia-ficcion-toma-bueu","status":"publish","type":"post","link":"https:\/\/www.europesays.com\/es\/749924\/","title":{"rendered":"El cine de ciencia ficci\u00f3n toma Bueu"},"content":{"rendered":"<p class=\"ft-text ft-helper-closenews\">El FicBueu dedic\u00f3 la jornada de ayer, la segunda de este certamen que se prolonga hasta el d\u00eda 19, a reflexionar sobre el cine contempor\u00e1neo en las Xornadas Cinematogr\u00e1ficas, que se celebraron en el Centro Social do Mar. Hubo mesas redondas y clases magistrales a lo largo de todo el d\u00eda con la participaci\u00f3n de diferentes profesionales  de la cr\u00edtica, del guion, de la direcci\u00f3n de escena o de revistas que abordaron cuestiones como la representaci\u00f3n pol\u00edtica, la autocensura, la cultura de la cancelaci\u00f3n, las fronteras entre industria e independencia o la cacapidad real del audiovisual para construir formas de resistencia. Tambi\u00e9n hubo cine al final con la proyecci\u00f3n, a las 20:30, de <strong>\u00abLes Rendez vous d\u00c1nna\u00bb (1978), del belga Chantal Akerman,<\/strong> sobre una directora de cine que viaja por Europa y la gente, que se siente atra\u00edda por ella, tiende a revelarle sus secretos m\u00e1s \u00edntimos.<\/p>\n<p class=\"ft-text\">Las Xornadas se abrieron con la mesa redonda \u00abL\u00edmites, potenciais e paradoxos da representaci\u00f3n do cinema contempor\u00e1neo\u00bb con <strong>Layla Mart\u00edne<\/strong>z (editora que est\u00e1 escribiendo su primer guion), <strong>Oriol Erausquin<\/strong> (graduado en Filosof\u00eda y activista) y <strong>Ricci Galiano<\/strong> (formado en direcci\u00f3n de escena y teatro y que investiga el papel del arte y la cultura como mediaciones pol\u00edticas). Abordaron los riesgos de la s\u00e1tira y de la caricatura cuando se reduce un fen\u00f3meno pol\u00edtico a burla y de que el humor tiene la capacidad de normalizar comportamientos marchistas, racistas o autoritarios a trav\u00e9s de la ficci\u00f3n. Analizaron casos como el de Torrente o de las comedias televisivas como \u00abLa que se avecina\u00bb, en la que la reproducci\u00f3n de frases de personajes representados de forma c\u00f3mica como machistas o racistas puede llegar a normalizarse en la sociedad. <strong>Tambi\u00e9n hablaron del pueblo palestino<\/strong> y la manera en que una parte del audiovisual occidental tiende a situarlo exclusivamente en el lugar de v\u00edctima y que puede invisibilizar la capacidad de organizaci\u00f3n, resistencia o construcci\u00f3n de un proyecto pol\u00edtico.<\/p>\n<p><img decoding=\"async\" src=\"https:\/\/www.europesays.com\/es\/wp-content\/uploads\/2026\/09\/929c820c-2d70-4358-8831-81c04b3028ff_alta-libre-aspect-ratio_default_0_x883y318.jpg\" width=\"1200\" height=\"650\" alt=\"Imagen del corto gallego &quot;A trav\u00e9s&quot;.\" class=\"ft-helper-img-rd\" loading=\"lazy\" fetchpriority=\"auto\"\/><\/p>\n<p class=\"ft-helper-fontColor-quaternary ft-helper-fontSize-body-S ft-helper-spacer-t-xxs\">Imagen del corto gallego \u00abA trav\u00e9s\u00bb.  \/ FIC<\/p>\n<p class=\"ft-text\">El cr\u00edtico espa\u00f1ol Antonio<strong> Jos\u00e9 Navarro<\/strong> ofreci\u00f3 la clase magistral 2Autocensura e cancelaci\u00f3n no cinema\u00bb tomando la figura de Pier Paolo Pasolini como hilo conductor. Por su parte, <strong>Jara Y\u00e1\u00f1ez<\/strong>, directora de la revista \u00abCaim\u00e1n Cuadernos de Cine\u00bb, abord\u00f3 en \u00abFronteiras difusas: a industria e as s\u00faas marxes\u00bb la dificultad de de establecer una separaci\u00f3n clara entre el cine industrial y el independiente. Casos como el de \u00abSirat\u00bb o el de la productora \u00abEl Deseo\u00bb sirvieron para analizar el papel de los festivales, especialmente Cannes, como espacios de legitimaci\u00f3n e impulso internacional. En \u00abColonizaci\u00f3n audiovisual e resistencia performativa\u00bb, <strong>\u00c1lvaro Pe\u00f1a<\/strong> (coordinador de Cine Divergente), <strong>Yago Paris<\/strong> (docente de Humanidades en la Juan Carlos de Madrid), <strong>Pepa Llaus\u00e1s<\/strong> (analista de narrativas) y <strong> Ariadna Cordal<\/strong> (directora y montadora), se cuestion\u00f3 el mantenimiento de la posici\u00f3n combativa.<\/p>\n<p>Programa para el domingo<\/p>\n<p class=\"ft-text\">Este domingo el FICBueu habla de ciencia ficci\u00f3n. Lo hace en la proyecci\u00f3n de <strong>la secci\u00f3n \u00abRetrospectiva\u00bb, a las 12:30, con 11 piezas<\/strong> seleccionadas por<strong> Irene de Lucas Ram\u00f3n, doctora en Comunicaci\u00f3n Audiovisual, investigadora y directora de cortos, que presenta a las 11:00 el Cuaderno FICBueu<\/strong>, en donde analiza la relaci\u00f3n entre la narrativa de ciencia ficci\u00f3n, la experimentaci\u00f3n visual y el formato corto. En <strong>esta secci\u00f3n se pueden ver  las proyeccione<\/strong>s de \u00abLa charcuter\u00eda mec\u00e1nica\u00bb (Francia, 1895), \u00abDemonio de Rayos X\u00bb (Reino Unido, 1897), \u00abGugusse y el aut\u00f3mata\u00bb (Francia, 1897), \u00abLas consecuencias del feminismo\u00bb (Francia, 1906), \u00abEl hotel el\u00e9ctrico\u00bb (Francia, 1908), \u00abUn d\u00eda despu\u00e9s de cien a\u00f1os\u00bb (Jap\u00f3n, 1933) \u00abEs peligroso asomarse\u00bb, (B\u00e9lgica-Francia, 1984), \u00abEl ataque de los robots de Nebulosa A-5\u00bb (Espa\u00f1a, 2008), \u00abSkhizein\u00bb (Francia, 2008), \u00abM\u00e1quina del tiempo de un minuto\u00bb (Reino Unido, 2014) y \u00abRealidad +\u00bb (Francia, 2014).<\/p>\n<p><img decoding=\"async\" src=\"https:\/\/www.europesays.com\/es\/wp-content\/uploads\/2026\/09\/95f47081-7cb8-4e40-9c06-64efc548f23c_alta-libre-aspect-ratio_default_0_x558y274.jpg\" width=\"1200\" height=\"884\" alt=\"&quot;La charcuter\u00eda mec\u00e1nica&quot; que se puede ver en la secci\u00f3n &quot;Retrospectiva&quot;.\" class=\"ft-helper-img-rd\" loading=\"lazy\" fetchpriority=\"auto\"\/><\/p>\n<p class=\"ft-helper-fontColor-quaternary ft-helper-fontSize-body-S ft-helper-spacer-t-xxs\">\u00abLa charcuter\u00eda mec\u00e1nica\u00bb que se puede ver en la secci\u00f3n \u00abRetrospectiva\u00bb.  \/ FIC<\/p>\n<p class=\"ft-text\"><strong>A las 18:00 horas comienza la secci\u00f3n competitiva de \u00abDescubertas\u00bb<\/strong> con las proyecciones de \u00ab\u00d3pera\u00bb (Cracia, 2025), \u00abMerrimundi\u00bb (Chile, 2025). \u00abEsp\u00edritu\u00bb (Estados Unidos-Francia, 2025) y \u00abR\u00edo de Janeiro contin\u00faa lindo\u00bb (B\u00e9lgica-Brasil,-Suiza, 2025).<\/p>\n<p class=\"ft-text\"><strong>A las 20:00 es la secci\u00f3n competitiva con las cintas gallegas GZ-00,<\/strong> en la que se presentan a premio 5 proyecciones:  \u00abA voz de todas as cousas\u00bb, \u00abA trav\u00e9s\u00bb, \u00abFurada negra\u00bb, \u00abMoon safari\u00bb y \u00abBroom broom follar\u00bb.  <\/p>\n<p data-close=\"closedContent\" class=\"subscribeHideForDisplay\">Suscr\u00edbete para seguir leyendo<\/p>\n","protected":false},"excerpt":{"rendered":"El FicBueu dedic\u00f3 la jornada de ayer, la segunda de este certamen que se prolonga hasta el d\u00eda&hellip;\n","protected":false},"author":2,"featured_media":749925,"comment_status":"","ping_status":"","sticky":false,"template":"","format":"standard","meta":{"footnotes":""},"categories":[169],"tags":[15475,119,177,146,147,25,24,62577,6935,176,175,23,4350],"class_list":["post-749924","post","type-post","status-publish","format-standard","has-post-thumbnail","category-cine","tag-bueu","tag-ciencia","tag-cine","tag-entertainment","tag-entretenimiento","tag-es","tag-espana","tag-ficbueu","tag-ficcion","tag-film","tag-movies","tag-spain","tag-toma"],"share_on_mastodon":{"url":"https:\/\/pubeurope.com\/@es\/117220855317850330","error":""},"_links":{"self":[{"href":"https:\/\/www.europesays.com\/es\/wp-json\/wp\/v2\/posts\/749924","targetHints":{"allow":["GET"]}}],"collection":[{"href":"https:\/\/www.europesays.com\/es\/wp-json\/wp\/v2\/posts"}],"about":[{"href":"https:\/\/www.europesays.com\/es\/wp-json\/wp\/v2\/types\/post"}],"author":[{"embeddable":true,"href":"https:\/\/www.europesays.com\/es\/wp-json\/wp\/v2\/users\/2"}],"replies":[{"embeddable":true,"href":"https:\/\/www.europesays.com\/es\/wp-json\/wp\/v2\/comments?post=749924"}],"version-history":[{"count":0,"href":"https:\/\/www.europesays.com\/es\/wp-json\/wp\/v2\/posts\/749924\/revisions"}],"wp:featuredmedia":[{"embeddable":true,"href":"https:\/\/www.europesays.com\/es\/wp-json\/wp\/v2\/media\/749925"}],"wp:attachment":[{"href":"https:\/\/www.europesays.com\/es\/wp-json\/wp\/v2\/media?parent=749924"}],"wp:term":[{"taxonomy":"category","embeddable":true,"href":"https:\/\/www.europesays.com\/es\/wp-json\/wp\/v2\/categories?post=749924"},{"taxonomy":"post_tag","embeddable":true,"href":"https:\/\/www.europesays.com\/es\/wp-json\/wp\/v2\/tags?post=749924"}],"curies":[{"name":"wp","href":"https:\/\/api.w.org\/{rel}","templated":true}]}}