{"id":749938,"date":"2026-09-05T22:51:13","date_gmt":"2026-09-05T22:51:13","guid":{"rendered":"https:\/\/www.europesays.com\/es\/749938\/"},"modified":"2026-09-05T22:51:13","modified_gmt":"2026-09-05T22:51:13","slug":"abucheos-al-fulham-tras-otra-derrota-alvaro-arbeloa-insiste-en-que-su-equipo-no-merecio-perder-despues-de-que-el-crystal-palace-le-infligiera-su-tercera-derrota-consecutiva","status":"publish","type":"post","link":"https:\/\/www.europesays.com\/es\/749938\/","title":{"rendered":"\u00a1Abucheos al Fulham tras otra derrota! \u00c1lvaro Arbeloa insiste en que su equipo \u00abno mereci\u00f3 perder\u00bb despu\u00e9s de que el Crystal Palace le infligiera su tercera derrota consecutiva"},"content":{"rendered":"<p>El ambiente en el Fulham se volvi\u00f3 t\u00f3xico tras el pitido final del s\u00e1bado, ya que los aficionados dejaron claro lo que pensaban despu\u00e9s de una <a href=\"https:\/\/www.fulhamfc.com\/news\/2026\/september\/05\/fulham-2-3-crystal-palace\/\" target=\"_blank\" data-affiliate-type=\"NONE\" rel=\"nofollow noopener\">derrota por 3-2 en la Premier League<\/a> ante el Crystal Palace. Alvaro Arbeloa, que tom\u00f3 las riendas de Marco Silva despu\u00e9s de que este se marchara al Benfica, ha encadenado ahora tres derrotas consecutivas para comenzar la nueva campa\u00f1a. El resultado deja al Fulham como uno de los dos \u00fanicos equipos, junto al Coventry City, que todav\u00eda no han sumado ni un solo punto esta temporada, tras los anteriores tropiezos ante el Sunderland y el Chelsea.<\/p>\n<p>Hablando despu\u00e9s del partido, Arbeloa se mostr\u00f3 desafiante pese a la creciente presi\u00f3n y a los audibles abucheos desde la grada. \u00abNo merec\u00edamos perder este partido\u00bb, <a href=\"https:\/\/www.bbc.com\/sport\/football\/articles\/cx2zqp52pr2o\" target=\"_blank\" data-affiliate-type=\"NONE\" rel=\"nofollow noopener\">dijo Arbeloa a Match of the Day de la BBC<\/a>. \u00abMis jugadores lo dieron todo, buena actitud, fueron valientes, tuvimos muchas ocasiones para marcar m\u00e1s goles. Ellos [Palace] aprovecharon sus ocasiones; al final el f\u00fatbol va de eso. Hicimos muchas cosas buenas para ganar el partido. Fue parecido contra el Chelsea, pero perdemos\u00bb.<\/p>\n","protected":false},"excerpt":{"rendered":"El ambiente en el Fulham se volvi\u00f3 t\u00f3xico tras el pitido final del s\u00e1bado, ya que los aficionados&hellip;\n","protected":false},"author":2,"featured_media":749939,"comment_status":"","ping_status":"","sticky":false,"template":"","format":"standard","meta":{"footnotes":""},"categories":[5],"tags":[133282,13033,17,18,18966,25,24,13,14,29785,11,19,20,9,10,15,16,1240,23,12,21,22],"class_list":["post-749938","post","type-post","status-publish","format-standard","has-post-thumbnail","category-titulares","tag-a-arbeloa","tag-alvaro-arbeloa","tag-breaking-news","tag-breakingnews","tag-crystal-palace","tag-es","tag-espana","tag-featured-news","tag-featurednews","tag-fulham","tag-headlines","tag-latest-news","tag-latestnews","tag-news","tag-noticias","tag-noticias-destacadas","tag-noticiasdestacadas","tag-premier-league","tag-spain","tag-titulares","tag-ultimas-noticias","tag-ultimasnoticias"],"share_on_mastodon":{"url":"https:\/\/pubeurope.com\/@es\/117220886578478609","error":""},"_links":{"self":[{"href":"https:\/\/www.europesays.com\/es\/wp-json\/wp\/v2\/posts\/749938","targetHints":{"allow":["GET"]}}],"collection":[{"href":"https:\/\/www.europesays.com\/es\/wp-json\/wp\/v2\/posts"}],"about":[{"href":"https:\/\/www.europesays.com\/es\/wp-json\/wp\/v2\/types\/post"}],"author":[{"embeddable":true,"href":"https:\/\/www.europesays.com\/es\/wp-json\/wp\/v2\/users\/2"}],"replies":[{"embeddable":true,"href":"https:\/\/www.europesays.com\/es\/wp-json\/wp\/v2\/comments?post=749938"}],"version-history":[{"count":0,"href":"https:\/\/www.europesays.com\/es\/wp-json\/wp\/v2\/posts\/749938\/revisions"}],"wp:featuredmedia":[{"embeddable":true,"href":"https:\/\/www.europesays.com\/es\/wp-json\/wp\/v2\/media\/749939"}],"wp:attachment":[{"href":"https:\/\/www.europesays.com\/es\/wp-json\/wp\/v2\/media?parent=749938"}],"wp:term":[{"taxonomy":"category","embeddable":true,"href":"https:\/\/www.europesays.com\/es\/wp-json\/wp\/v2\/categories?post=749938"},{"taxonomy":"post_tag","embeddable":true,"href":"https:\/\/www.europesays.com\/es\/wp-json\/wp\/v2\/tags?post=749938"}],"curies":[{"name":"wp","href":"https:\/\/api.w.org\/{rel}","templated":true}]}}