{"id":749942,"date":"2026-09-05T22:59:15","date_gmt":"2026-09-05T22:59:15","guid":{"rendered":"https:\/\/www.europesays.com\/es\/749942\/"},"modified":"2026-09-05T22:59:15","modified_gmt":"2026-09-05T22:59:15","slug":"el-unicaja-cumple-para-llevarse-la-copa-de-andalucia-y-su-segunda-victoria-de-la-pretemporada","status":"publish","type":"post","link":"https:\/\/www.europesays.com\/es\/749942\/","title":{"rendered":"El Unicaja cumple para llevarse la Copa de Andaluc\u00eda y su segunda victoria de la pretemporada"},"content":{"rendered":"<p>Segundo partido y segunda victoria de la pretemporada cajista, aunque esta con una clara novedad: el equipo al completo. En realidad, causaron baja Tyler Kalinoski,  &#8230; recuper\u00e1ndose de unas molestias en el tobillo, y Yannick Nzosa, reci\u00e9n lesionado. Sin embargo, el t\u00e9cnico del Unicaja, Txus Vidorreta, al fin pudo contar con los cuatro jugadores internacional que causaron baja en el primer amistoso: Willy Hernang\u00f3mez, Amine Noua y Melwin Pantzar, que disputaron sus primeros minutos como cajistas, y el capit\u00e1n, Alberto D\u00edaz. Fue un triunfo c\u00f3modo para cumplir con su papel de favorito e imponerse al Caja 87 sevillano, reci\u00e9n ascendido a Primera FEB y llevarse as\u00ed un nuevo t\u00edtulo de campe\u00f3n de la Copa de Andaluc\u00eda (86-61), en una final celebrada en el pabell\u00f3n Vista Alegre de C\u00f3rdoba.<\/p>\n<p class=\"v-d-p\">Sin embargo, hubo luces y sombras. Algunos jugadores no se mostraron tan l\u00facidos como en el primer amistoso, en Melilla, y lo cierto es que las cifras en el tiro son mejorables, sobre todo en el triple (8\/20), adem\u00e1s de las carencias en una l\u00ednea interior que necesita m\u00e1s dureza y empaque. Pero m\u00e1s all\u00e1 de esto, la realidad es que se vio a un equipo din\u00e1mico, compacto especialmente en el juego exterior y con muchas posibilidades cara a esta nueva campa\u00f1a.<\/p>\n<ul class=\"v-cmp-rld__u\">\n<li class=\"v-cmp-rld__l\">\n<p><a class=\"v-a-lnk\" href=\"http:\/\/www.diariosur.es\/unicaja\/txus-vidorreta-falta-jugador-queremos-mejor-posible-20260905230021-nt.html#vtm_modulosEngag=noticiasrelacionadas-cmp-uno:unicaja:noticia:1\" data-voc-vtm-id=\"in-text-traffic\" rel=\"nofollow noopener\" target=\"_blank\"><br \/>\n<img decoding=\"async\" loading=\"lazy\" src=\"https:\/\/www.europesays.com\/es\/wp-content\/uploads\/2026\/09\/_DSC8315-U46457732280XWJ-366x256@Diario Sur.jpg\" class=\"v-a-img\" width=\"258\" height=\"180\" alt=\"Vidorreta: \u00abFalta un jugador, pero queremos al mejor posible y no hay prisa\u00bb\"\/><br \/>\n<\/a><\/p>\n<\/li>\n<\/ul>\n<p class=\"v-d-p\">Vidorreta apost\u00f3 por Barreiro, Brazdeikis, Pantzar, Perry y Kravish en el cinco titular. Estaba previsto que Djedovic saliese de inicio para hacer el salto inicial junto a su hermano Nedim, que juega en el cuadro sevillano, pero finalmente no fue as\u00ed. El Unicaja comenz\u00f3 con un parcial de 5-0 y con Melwin abriendo la lata en su debut como cajista con un triple. Se vio un cuadro malague\u00f1o muy serio en estos minutos, que no dio opciones al cuadro rival en los primeros compases. Adem\u00e1s, se vieron combinaciones interesantes en la l\u00ednea exterior: Perry y Pantzar, por un lado, y Alberto D\u00edaz con Hunt, por otro. En esta ocasi\u00f3n, funcion\u00f3 mejor la primera, adem\u00e1s porque Hunt arrastra ciertas molestias. Por su parte, Kravish adquiri\u00f3 la titularidad en el &#8216;5&#8217;, turn\u00e1ndose con Tyson P\u00e9rez, que ante la escasez de p\u00edvots, apoy\u00f3 al equipo en este rol.<\/p>\n<ul class=\"v-cmp-flg__u\">\n<li class=\"v-cmp-flg__l\">\n<ul class=\"v-u\">\n<li class=\"v-u__l\">\n<p class=\"v-u__p\">\nUnicaja (86)<br \/>\nBarreiro (9), Brazdeikis (15), Pantzar (7), Kravish (6) y Perru (11) -cinco inicial-; P\u00e9rez (7), D\u00edaz, Lukosius (7), Djedovic (6), Hunt (5) y Hernang\u00f3mez (7).\n<\/p>\n<\/li>\n<li class=\"v-u__l\">\n<p class=\"v-u__p\">\nCaja 87 (61)<br \/>\nCecilia (5), Moody (8), Webster, Djedovic (2) e Izaw (8) -cinco inicial-; Soumbey (6), Mendikote (6), Vil\u00e1 (9), La Torre (7), Arroyo (8), Franch (2) y Garc\u00eda.\n<\/p>\n<\/li>\n<li class=\"v-u__l\">\n<p class=\"v-u__p\">\nParciales<br \/>\n23-11, 20-17 (43-28), 23-17 (65-45), 21-16 (86-61).\n<\/p>\n<\/li>\n<li class=\"v-u__l\">\n<p class=\"v-u__p\">\nSede<br \/>\nFinal de la Copa de Andaluc\u00eda, disputada, con buena entrada, en el pabell\u00f3n Vista Alegre de C\u00f3rdoba.\n<\/p>\n<\/li>\n<li class=\"v-u__l\">\n<p class=\"v-u__p\">\n\u00c1rbitros<br \/>\nGerm\u00e1n Morales Ruiz, Enrique L\u00f3pez Herrada y Jos\u00e9 Mar\u00eda Arresa Quintero.\n<\/p>\n<\/li>\n<\/ul>\n<\/li>\n<\/ul>\n<p class=\"v-d-p\">Con un c\u00f3mo 23-11 lleg\u00f3 el segundo cuarto. Willy Hernang\u00f3mez jug\u00f3 sus primeros minutos como cajista. Entr\u00f3 algo dubitativo, con buena energ\u00eda, pero falta de contundencia en ataque y acierto bajo el aro. Pero fue de menos a m\u00e1s durante el partido. Por su parte, Brazdeikis, al igual que en Melilla (anot\u00f3 20 puntos), volvi\u00f3 a ser crucial en el plano ofensivo con su capacidad para sacar tiros. Su presencia en pista aporta seguridad. Adem\u00e1s, Amine Noua tambi\u00e9n jug\u00f3 sus primeros minutos antes del descanso y tambi\u00e9n fue de menos a m\u00e1s (43-28).<\/p>\n<p class=\"v-d-p\">En el tercer cuarto, Lukosius volvi\u00f3 a ganar protagonismo con sus canastas desde lej\u00edsimos y su frescura a la hora de buscar espacios y su velocidad. Aun as\u00ed, no tuvo tanto acierto como en Melilla. Dej\u00f3 buenos momentos Hernang\u00f3mez en estos minutos, especialmente gracias a la especial comuni\u00f3n que mantiene con Alberto D\u00edaz. Sus pases fueron cruciales para que Willy se sacase la espinita, anotase y cogiese confianza (65-45).<\/p>\n<p>\nBrazdeikis, &#8216;MVP&#8217;\n<\/p>\n<p class=\"v-d-p\">Pese a medirse a un rival ya bastante alica\u00eddo y que not\u00f3 el cambio de nivel y f\u00edsico entre una y otra plantilla, en el \u00faltimo cuarto, el Unicaja no aminor\u00f3 la marcha en el tiro y llev\u00f3 el marcador hasta el 86-61 final, con Brazdeikis como m\u00e1ximo anotador y &#8216;MVP&#8217; con 15 puntos (s\u00f3lo fall\u00f3 dos tiros de dos), 8 rebotes y 18 de valoraci\u00f3n. Cabe hacer una menci\u00f3n especial a Barreiro, que sin generar demasiado ruido, volvi\u00f3 a demostrar la importancia de su presencia en el equipo, su regularidad, seguridad y tablas. Aportando en los cuatro cuartos y en varios roles (sum\u00f3 9 puntos y 4 rebotes), adem\u00e1s del siempre indispensable Perry, que lleg\u00f3 a los 11 puntos y dej\u00f3 claro una vez m\u00e1s que es el pilar de este equipo, de la mano de Alberto D\u00edaz.<\/p>\n<p class=\"v-d-p\">As\u00ed las cosas, con un partido no demasiado deslumbrante pero que deja entrever un proyecto ilusionante, el cuadro malague\u00f1o levant\u00f3 su Copa de Andaluc\u00eda. Este es el \u00faltimo test antes de afrontar el gran cl\u00e1sico de cada verano, un Trofeo Costa del Sol en el que ya se medir\u00e1 a rivales de ACB: el Real Madrid (el s\u00e1bado, en el Carpena) y el Tenerife (el jueves, en Rinc\u00f3n de la Victoria). En lo que respecta a conclusiones, es dif\u00edcil extraerlas en plena pretemporada y en una semana en la que se han incorporado tres piezas nuevas. El equipo necesita tiempo para asentarse y m\u00e1s trabajo en la l\u00ednea interior que en la exterior.<\/p>\n","protected":false},"excerpt":{"rendered":"Segundo partido y segunda victoria de la pretemporada cajista, aunque esta con una clara novedad: el equipo al&hellip;\n","protected":false},"author":2,"featured_media":749943,"comment_status":"","ping_status":"","sticky":false,"template":"","format":"standard","meta":{"footnotes":""},"categories":[269],"tags":[259,299,298,2493,7677,168,25,24,26662,961,3745,23,167,2246,1261],"class_list":["post-749942","post","type-post","status-publish","format-standard","has-post-thumbnail","category-baloncesto","tag-andalucia","tag-baloncesto","tag-basketball","tag-copa","tag-cumple","tag-deportes","tag-es","tag-espana","tag-llevarse","tag-pretemporada","tag-segunda","tag-spain","tag-sports","tag-unicaja","tag-victoria"],"share_on_mastodon":{"url":"https:\/\/pubeurope.com\/@es\/117220919472729917","error":""},"_links":{"self":[{"href":"https:\/\/www.europesays.com\/es\/wp-json\/wp\/v2\/posts\/749942","targetHints":{"allow":["GET"]}}],"collection":[{"href":"https:\/\/www.europesays.com\/es\/wp-json\/wp\/v2\/posts"}],"about":[{"href":"https:\/\/www.europesays.com\/es\/wp-json\/wp\/v2\/types\/post"}],"author":[{"embeddable":true,"href":"https:\/\/www.europesays.com\/es\/wp-json\/wp\/v2\/users\/2"}],"replies":[{"embeddable":true,"href":"https:\/\/www.europesays.com\/es\/wp-json\/wp\/v2\/comments?post=749942"}],"version-history":[{"count":0,"href":"https:\/\/www.europesays.com\/es\/wp-json\/wp\/v2\/posts\/749942\/revisions"}],"wp:featuredmedia":[{"embeddable":true,"href":"https:\/\/www.europesays.com\/es\/wp-json\/wp\/v2\/media\/749943"}],"wp:attachment":[{"href":"https:\/\/www.europesays.com\/es\/wp-json\/wp\/v2\/media?parent=749942"}],"wp:term":[{"taxonomy":"category","embeddable":true,"href":"https:\/\/www.europesays.com\/es\/wp-json\/wp\/v2\/categories?post=749942"},{"taxonomy":"post_tag","embeddable":true,"href":"https:\/\/www.europesays.com\/es\/wp-json\/wp\/v2\/tags?post=749942"}],"curies":[{"name":"wp","href":"https:\/\/api.w.org\/{rel}","templated":true}]}}