{"id":749958,"date":"2026-09-05T23:11:15","date_gmt":"2026-09-05T23:11:15","guid":{"rendered":"https:\/\/www.europesays.com\/es\/749958\/"},"modified":"2026-09-05T23:11:15","modified_gmt":"2026-09-05T23:11:15","slug":"precio-de-la-luz-hoy-y-manana-domingo-6-de-septiembre-las-horas-mas-baratas-y-mas-caras","status":"publish","type":"post","link":"https:\/\/www.europesays.com\/es\/749958\/","title":{"rendered":"Precio de la luz hoy y ma\u00f1ana domingo 6 de septiembre: las horas m\u00e1s baratas y m\u00e1s caras"},"content":{"rendered":"<p>El precio de la luz en Espa\u00f1a vuelve a estar por las nubes. Si el s\u00e1bado los consumidores pagaron de media <a href=\"https:\/\/www.lasprovincias.es\/economia\/precio-luz-cambia-sabado-horas-baratas-caras-20260904192602-nt.html\" target=\"_blank\" data-voc-vtm-id=\"in-text-traffic\" rel=\"nofollow noopener\">138&#8217;11 euros\/MWh<\/a>, este  &#8230; <strong>domingo 6 de septiembre<\/strong> la tarifa sube hasta los <strong>140,1 \u20ac\/MWh<\/strong>, con el agravante de que hay 5 horas a coste cero o pr\u00e1cticamente gratis mientras que otras 9 se disparan por encima de 200 euros, seg\u00fan los datos de OMIE, el Operador del Mercado Ib\u00e9rico de Energ\u00eda. Una locura para muchas familias. <\/p>\n<p>\nLas horas m\u00e1s baratas\n<\/p>\n<p class=\"v-d-p\">Seg\u00fan los datos oficiales, los consumidores del mercado regulado encontrar\u00e1n un peque\u00f1o respiro con el precio a 0 euros entre las 11:00 y las 16:00 horas, con m\u00ednimas de 0&#8217;00 y 0&#8217;01 euros\/MWh entre las 12.00 y las 14.00 horas. <\/p>\n<p>\nLa hora m\u00e1s cara\n<\/p>\n<p class=\"v-d-p\">Sin embargo, este valle de precios contrasta con las \u00abhoras prohibidas\u00bb del d\u00eda, es especial durante toda la madrugada y a primera hora de la ma\u00f1ana (con 9 horas seguidas rondando los 200 euros) y la tarde-noche, cuando se alcanzan los picos m\u00e1ximos con un tramo a 246 euros\/MWh y otros 4 por encima de los 220, lo que supone el momento de mayor presi\u00f3n para el bolsillo del usuario de tarifa regulada.<\/p>\n<p>Precio de la luz por horas<\/p>\n<tr class=\"v-tbl__r\">\n<\/tr>\n<tr class=\"v-tbl__r\">\n<td class=\"v-tbl__d\">Tramo horario<\/td>\n<td class=\"v-tbl__d\">Euros\/MWh<\/td>\n<\/tr>\n<tr class=\"v-tbl__r\">\n<td class=\"v-tbl__d\">00.00-01.00<\/td>\n<td class=\"v-tbl__d\">207,39 euros<\/td>\n<\/tr>\n<tr class=\"v-tbl__r\">\n<td class=\"v-tbl__d\">01.00-02.00<\/td>\n<td class=\"v-tbl__d\">205,94 euros<\/td>\n<\/tr>\n<tr class=\"v-tbl__r\">\n<td class=\"v-tbl__d\">02.00-03.00<\/td>\n<td class=\"v-tbl__d\">202,96 euros<\/td>\n<\/tr>\n<tr class=\"v-tbl__r\">\n<td class=\"v-tbl__d\">03.00-04.00<\/td>\n<td class=\"v-tbl__d\">200,87 euros<\/td>\n<\/tr>\n<tr class=\"v-tbl__r\">\n<td class=\"v-tbl__d\">04.00-05.00<\/td>\n<td class=\"v-tbl__d\">197,35 euros<\/td>\n<\/tr>\n<tr class=\"v-tbl__r\">\n<td class=\"v-tbl__d\">05.00-06.00<\/td>\n<td class=\"v-tbl__d\">195,41 euros<\/td>\n<\/tr>\n<tr class=\"v-tbl__r\">\n<td class=\"v-tbl__d\">06.00-07.00<\/td>\n<td class=\"v-tbl__d\">195,39 euros<\/td>\n<\/tr>\n<tr class=\"v-tbl__r\">\n<td class=\"v-tbl__d\">07.00-08.00<\/td>\n<td class=\"v-tbl__d\">199,27 euros<\/td>\n<\/tr>\n<tr class=\"v-tbl__r\">\n<td class=\"v-tbl__d\">08.00-09.00<\/td>\n<td class=\"v-tbl__d\">192,44 euros<\/td>\n<\/tr>\n<tr class=\"v-tbl__r\">\n<td class=\"v-tbl__d\">09.00-10.00<\/td>\n<td class=\"v-tbl__d\">108,89 euros<\/td>\n<\/tr>\n<tr class=\"v-tbl__r\">\n<td class=\"v-tbl__d\">10.00-11.00<\/td>\n<td class=\"v-tbl__d\">28,79 euros<\/td>\n<\/tr>\n<tr class=\"v-tbl__r\">\n<td class=\"v-tbl__d\">11.00-12.00<\/td>\n<td class=\"v-tbl__d\">0,45 euros<\/td>\n<\/tr>\n<tr class=\"v-tbl__r\">\n<td class=\"v-tbl__d\">12.00-13.00<\/td>\n<td class=\"v-tbl__d\">0,00 euros<\/td>\n<\/tr>\n<tr class=\"v-tbl__r\">\n<td class=\"v-tbl__d\">13.00-14.00<\/td>\n<td class=\"v-tbl__d\">0,01 euros<\/td>\n<\/tr>\n<tr class=\"v-tbl__r\">\n<td class=\"v-tbl__d\">14.00-15.00<\/td>\n<td class=\"v-tbl__d\">0,51 euros<\/td>\n<\/tr>\n<tr class=\"v-tbl__r\">\n<td class=\"v-tbl__d\">15.00-16.00<\/td>\n<td class=\"v-tbl__d\">0,40 euros<\/td>\n<\/tr>\n<tr class=\"v-tbl__r\">\n<td class=\"v-tbl__d\">16.00-17.00<\/td>\n<td class=\"v-tbl__d\">20,07 euros<\/td>\n<\/tr>\n<tr class=\"v-tbl__r\">\n<td class=\"v-tbl__d\">17.00-18.00<\/td>\n<td class=\"v-tbl__d\">96,63 euros<\/td>\n<\/tr>\n<tr class=\"v-tbl__r\">\n<td class=\"v-tbl__d\">18.00-19.00<\/td>\n<td class=\"v-tbl__d\">156,42 euros<\/td>\n<\/tr>\n<tr class=\"v-tbl__r\">\n<td class=\"v-tbl__d\">19.00-20.00<\/td>\n<td class=\"v-tbl__d\">219,02 euros<\/td>\n<\/tr>\n<tr class=\"v-tbl__r\">\n<td class=\"v-tbl__d\">20.00-21.00<\/td>\n<td class=\"v-tbl__d\">231,16 euros<\/td>\n<\/tr>\n<tr class=\"v-tbl__r\">\n<td class=\"v-tbl__d\">21.00-22.00<\/td>\n<td class=\"v-tbl__d\">246,75 euros<\/td>\n<\/tr>\n<tr class=\"v-tbl__r\">\n<td class=\"v-tbl__d\">22.00-23.00<\/td>\n<td class=\"v-tbl__d\">231,28 euros<\/td>\n<\/tr>\n<tr class=\"v-tbl__r\">\n<td class=\"v-tbl__d\">23.00-24.00<\/td>\n<td class=\"v-tbl__d\">222,93 euros<\/td>\n<\/tr>\n<p>\nLos cambios fiscales\n<\/p>\n<p class=\"v-d-p\">El precio de la electricidad en el mercado mayorista en agosto subi\u00f3 un 70% frente al mismo periodo del a\u00f1o anterior hasta los 118 euros por megavatio\/h (MWh) de media. En concreto, el coste para un consumidor medio con tarifa regulada -PVPC- se situ\u00f3 en los 96,65 euros, seg\u00fan el an\u00e1lisis realizado por FACUA-Consumidores en Acci\u00f3n. Hay que remontarse a octubre de 2022 para encontrar una factura m\u00e1s alta, cuando alcanz\u00f3 los 103,34 euros.<\/p>\n<p class=\"v-d-p\">Seg\u00fan sus c\u00e1lculos, el recibo subi\u00f3 un 19,8% con respecto a los 80,71 euros que cost\u00f3 en agosto de 2025. En los \u00faltimos a\u00f1os, la factura del usuario medio -un cliente con una potencia contratada de 4,4 kilovatios (kW) y un consumo de 366 kilovatios hora (kWh) mensuales- de agosto ha sido de 96,65 euros en 2026, 80,71 euros en 2025, 78,21 euros en 2024, 73,21 euros en 2023 y 158,30 euros en 2022.<\/p>\n<p class=\"v-d-p\">Hasta finales de mayo, las medidas aprobadas para contener el impacto de la guerra en Ir\u00e1n contribuyeron a aliviar la factura. Pero desde el 1 de junio el IVA de la luz volvi\u00f3 al 21%, frente al 10% aplicado hasta entonces. A finales de ese mes, un nuevo decreto introdujo una reducci\u00f3n progresiva del Impuesto sobre el Valor de la Producci\u00f3n de Energ\u00eda El\u00e9ctrica (IVPEE), que bajar\u00e1 del 7% actual al 5% en 2026, al 3,5% en 2027 y se eliminar\u00e1 en 2028.<\/p>\n<p>Un tercio de las familias paga m\u00e1s por contratar m\u00e1s potencia de la necesaria<\/p>\n<p class=\"v-d-p \">\nM\u00e1s all\u00e1 de la evoluci\u00f3n de los precios regulados, el coste final de la electricidad tambi\u00e9n depende de c\u00f3mo est\u00e1n configurados los contratos. El estudio elaborado por la Organizaci\u00f3n de Consumidores y Usuarios (OCU) a partir de un an\u00e1lisis de 10.000 facturas del mercado libre entre octubre de 2025 y marzo de 2026 concluye que un 34% de los consumidores mantiene una potencia contratada superior a la que realmente necesita. Esta circunstancia, de acuerdo a estos datos, supone un sobrecoste medio de 88 euros al a\u00f1o. El an\u00e1lisis tambi\u00e9n revela que \u00fanicamente un 2% de los usuarios dispone de dos potencias diferenciadas, una posibilidad que permite ajustar mejor el coste fijo del suministro pero que contin\u00faa siendo poco utilizada por falta de informaci\u00f3n. Para un mismo perfil de consumo, la diferencia en la factura puede alcanzar el 57%, lo que equivale a pagar hasta 450 euros m\u00e1s al a\u00f1o por un suministro id\u00e9ntico.\n<\/p>\n<p>\nC\u00f3mo se calcula la factura\n<\/p>\n<p class=\"v-d-p\">Pese al repunte de la luz, el precio del mercado mayorista no se traslada directamente al recibo de los hogares con tarifa regulada. El PVPC toma un 40% de su precio del mercado el\u00e9ctrico diario y el 60% restante de una cesta de precios negociados a futuro para que la volatilidad del &#8216;pool&#8217; tengan un impacto menor y m\u00e1s gradual en la factura. Pero eso no significa que el PVPC quede al margen de una escalada de precios como la actual, ya que la tarifa incorpora otros costes, entre ellos los asociados a la operaci\u00f3n reforzada que mantiene REE desde el apag\u00f3n del a\u00f1o pasado. El resultado es que el encarecimiento acaba llegando tambi\u00e9n, aunque de forma distinta y con cierto retraso, al consumidor regulado. <\/p>\n<p class=\"v-d-p\">La situaci\u00f3n es diferente para quienes tienen un contrato a precio fijo en el mercado libre. En su caso, una subida puntual del mercado mayorista no cambia de inmediato lo que pagan porque mientras el contrato mantenga el precio pactado, el consumidor queda protegido frente a estos repuntes. Pero el impacto puede llegar m\u00e1s adelante, cuando toque renovar el contrato y si la comercializadora decide trasladar entonces el encarecimiento de la energ\u00eda a las nuevas condiciones. Seg\u00fan los \u00faltimos datos de la CNMC, el n\u00famero de consumidores acogidos al PVPC de la luz representa el 27,4% y un 37,4% de los hogares tiene una tarifa el\u00e9ctrica con el mismo precio en todas las horas.<\/p>\n","protected":false},"excerpt":{"rendered":"El precio de la luz en Espa\u00f1a vuelve a estar por las nubes. Si el s\u00e1bado los consumidores&hellip;\n","protected":false},"author":2,"featured_media":749959,"comment_status":"","ping_status":"","sticky":false,"template":"","format":"standard","meta":{"footnotes":""},"categories":[80],"tags":[6815,82,1053,95,94,2343,25,24,59440,126,297,22451,1875,3282,23,739],"class_list":["post-749958","post","type-post","status-publish","format-standard","has-post-thumbnail","category-economia","tag-6815","tag-business","tag-domingo","tag-economia","tag-economy","tag-encima","tag-es","tag-espana","tag-eurosmwh","tag-gratis","tag-horas","tag-loco","tag-luz","tag-precio","tag-spain","tag-vuelve"],"share_on_mastodon":{"url":"https:\/\/pubeurope.com\/@es\/117220965557107220","error":""},"_links":{"self":[{"href":"https:\/\/www.europesays.com\/es\/wp-json\/wp\/v2\/posts\/749958","targetHints":{"allow":["GET"]}}],"collection":[{"href":"https:\/\/www.europesays.com\/es\/wp-json\/wp\/v2\/posts"}],"about":[{"href":"https:\/\/www.europesays.com\/es\/wp-json\/wp\/v2\/types\/post"}],"author":[{"embeddable":true,"href":"https:\/\/www.europesays.com\/es\/wp-json\/wp\/v2\/users\/2"}],"replies":[{"embeddable":true,"href":"https:\/\/www.europesays.com\/es\/wp-json\/wp\/v2\/comments?post=749958"}],"version-history":[{"count":0,"href":"https:\/\/www.europesays.com\/es\/wp-json\/wp\/v2\/posts\/749958\/revisions"}],"wp:featuredmedia":[{"embeddable":true,"href":"https:\/\/www.europesays.com\/es\/wp-json\/wp\/v2\/media\/749959"}],"wp:attachment":[{"href":"https:\/\/www.europesays.com\/es\/wp-json\/wp\/v2\/media?parent=749958"}],"wp:term":[{"taxonomy":"category","embeddable":true,"href":"https:\/\/www.europesays.com\/es\/wp-json\/wp\/v2\/categories?post=749958"},{"taxonomy":"post_tag","embeddable":true,"href":"https:\/\/www.europesays.com\/es\/wp-json\/wp\/v2\/tags?post=749958"}],"curies":[{"name":"wp","href":"https:\/\/api.w.org\/{rel}","templated":true}]}}