{"id":749974,"date":"2026-09-05T23:29:34","date_gmt":"2026-09-05T23:29:34","guid":{"rendered":"https:\/\/www.europesays.com\/es\/749974\/"},"modified":"2026-09-05T23:29:34","modified_gmt":"2026-09-05T23:29:34","slug":"los-estrenos-de-streaming-de-la-semana-de-lo-ultimo-de-star-wars-al-regreso-de-the-gentlemen","status":"publish","type":"post","link":"https:\/\/www.europesays.com\/es\/749974\/","title":{"rendered":"Los estrenos de streaming de la semana: de lo \u00faltimo de Star Wars al regreso de The Gentlemen"},"content":{"rendered":"\n<p id=\"p-1788528080563-70639\" dir=\"ltr\">Septiembre arranc\u00f3 fuerte en materia de <strong><a href=\"https:\/\/www.mdzol.com\/temas\/streaming-2062.html\" target=\"_blank\" rel=\"follow nofollow noopener\">streaming<\/a><\/strong>. Las plataformas coincidieron en la misma semana con varios <strong> estrenos<\/strong> de peso, desde series esperadas desde hace tiempo por los fans hasta pel\u00edculas que ya hicieron su paso por los cines para llegar a la comodidad del hogar. <\/p>\n<p id=\"p-1788528115185-90690\" dir=\"ltr\"> Hay drama de \u00e9poca, comedia de acci\u00f3n, ciencia ficci\u00f3n y hasta un thriller de atracos. Repasamos los seis mejores estrenos de la semana para ver en <strong>Netflix<\/strong>, <strong>Prime Video<\/strong>,<strong> HBO Max<\/strong>, <strong>Disney Plus<\/strong> y <strong>Apple TV<\/strong>.<\/p>\n<p> The Gentlemen (Temporada 2) | Netflix   <img src=\"https:\/\/www.europesays.com\/es\/wp-content\/uploads\/2026\/09\/the-gentlemen-temporada-2.jpg\" decoding=\"async\" fetchpriority=\"low\" loading=\"lazy\" alt=\"Theo James interpreta a Eddie en The Gentlemen.\u00a0\" title=\"Theo James interpreta a Eddie en The Gentlemen.\u00a0\" width=\"760\" height=\"undefined\" id=\"1999654-Libre-1505692837_embed\"\/>    <\/p>\n<p id=\"p-1788529281580-81027\">Theo James interpreta a Eddie en The Gentlemen. <\/p>\n<p>Netflix<\/p>\n<p id=\"p-1788528080563-62099\" dir=\"ltr\">Dos a\u00f1os tuvieron que esperar los fans para que <strong>Guy Ritchie <\/strong>retomara esta serie que fue una de las sorpresas de <strong>Netflix<\/strong> en 2024. Hablamos de <strong><a href=\"https:\/\/www.quever.news\/temas\/the-gentlemen-1321.html\" target=\"_blank\" rel=\"follow nofollow noopener\">The Gentlemen<\/a><\/strong> (o Los Caballeros), la serie basada en la pel\u00edcula del mismo nombres estrenada en 2019.<\/p>\n<p id=\"p-1788528325722-21434\" dir=\"ltr\"> La segunda temporada cuenta con 8 nuevos episodios que retoman la historia un a\u00f1o despu\u00e9s de los sucesos de la primera entrega. Eddie Horniman y Susie Glass ya unieron fuerzas para manejar el imperio criminal de Bobby, pero ahora buscan expandirlo m\u00e1s all\u00e1 de Inglaterra, hasta los lagos del norte de Italia. Theo James y Kaya Scodelario repiten como protagonistas, acompa\u00f1ados por Ray Winstone, Joely Richardson y Vinnie Jones, m\u00e1s las incorporaciones de Hugh Bonneville, Michele Morrone y Maya Jama.<\/p>\n<p id=\"p-1788528391959-9981\" dir=\"ltr\">Al igual que la primera temporada, The Gentlemen mantiene el tono de thriller y comedia negra que caracteriza el universo de Ritchie y que acompa\u00f1\u00f3 al primera tanda de episodios, Si te gust\u00f3 la mezcla de humor, violencia y arist\u00f3cratas metidos en negocios turbios de la primera temporada, esta segunda entrega promete llevar esa f\u00f3rmula un paso m\u00e1s all\u00e1.<\/p>\n<p> Mal de amores | Netflix   <img src=\"https:\/\/www.europesays.com\/es\/wp-content\/uploads\/2026\/09\/mal-amores-01.jpg\" decoding=\"async\" fetchpriority=\"low\" loading=\"lazy\" alt=\"\" title=\"\" width=\"760\" height=\"undefined\" id=\"1903838-Libre-1605858868_embed\"\/>     <\/p>\n<p id=\"p-1788528520456-45422\" dir=\"ltr\"><strong>Netflix<\/strong> acaba de sumar a su cat\u00e1logo la serie <strong>Mal de amores,<\/strong> basada en la novela hom\u00f3nima de \u00c1ngeles Mastretta de 1995. La historia ya hab\u00eda tenido una adaptaci\u00f3n en 2008 con la pel\u00edcula Arr\u00e1ncame la vida. Ahora, fue la hija de la autora, Catalina Aguilar Mastretta, quien se propuso llevar la historia de vuelta a la pantalla como una serie de 7 episodios. <\/p>\n<p id=\"p-1788528638291-79882\" dir=\"ltr\">La trama comienza en pleno estallido de la Revoluci\u00f3n Mexicana, all\u00ed conocemos a Emilia Sauri, interpretada por Renata Vaca, una joven que sue\u00f1a con estudiar medicina en una \u00e9poca en la que eso era casi impensado para una mujer. En el camino se cruzan Daniel Cuenca (Juan Pablo Fuentes), un revolucionario que conoce desde chica, y Antonio Zavalza (Iv\u00e1n Amozurrutia), un m\u00e9dico que apuesta por la paz en medio de la guerra.<\/p>\n<p id=\"p-1788528672858-24717\" dir=\"ltr\">La producci\u00f3n, que cuenta con un gran recibimiento por parte de la cr\u00edtica, no escatim\u00f3 el detalles y se film\u00f3 en 44 locaciones de M\u00e9xico, Puebla y San Luis Potos\u00ed, con m\u00e1s de 11 mil prendas de vestuario y unos 3 mil extras en pantalla.<\/p>\n<p> Star Wars: The Mandalorian and Grogu| Disney Plus   <img src=\"https:\/\/www.europesays.com\/es\/wp-content\/uploads\/2026\/09\/the-mandalorian-and-grogu-din-grogu-walker.jpg\" decoding=\"async\" fetchpriority=\"low\" loading=\"lazy\" alt=\"\" title=\"\" width=\"760\" height=\"undefined\" id=\"1949468-Libre-913940879_embed\"\/>     <\/p>\n<p id=\"p-1788528080563-52268\" dir=\"ltr\">Despu\u00e9s de su paso por los cines, la nueva pel\u00edcula de <strong>Star Wars<\/strong> lleg\u00f3 a <strong>Disney Plus<\/strong>. Jon Favreau vuelve a dirigir a<strong> Pedro Pascal <\/strong>como Din Djarin, quien esta vez se ve envuelto en una misi\u00f3n para la Nueva Rep\u00fablica junto a Grogu. La aventura los lleva a rescatar al heredero de Jabba the Hutt, Rotta, con la voz de Jeremy Allen White, mientras Sigourney Weaver se suma como la coronel Ward. Hasta Martin Scorsese tiene un peque\u00f1o cameo como cocinero.<\/p>\n<p id=\"p-1788528080563-24578\" dir=\"ltr\">La pel\u00edcula no tuvo el recorrido que Lucasfilm esperaba en la taquilla, termin\u00f3 siendo la entrega live-action de Star Wars con 345 millones de d\u00f3lares, una de las recaudaciones m\u00e1s bajas de toda la franquicia. Con todo, se qued\u00f3 con un 60% de aprobaci\u00f3n en Rotten Tomatoes y buena parte de la cr\u00edtica coincidi\u00f3 en que se trata de una aventura entretenida y sin sobresaltos, ideal para quienes disfrutaron la serie original y quieren m\u00e1s de este d\u00fao.<\/p>\n<p> Mayday| Apple TV <\/p>\n<p id=\"p-1788528080563-97639\" dir=\"ltr\"><strong>Ryan Reynold<\/strong>s y <strong>Kenneth Branagh<\/strong> hacen dupla en esta comedia de acci\u00f3n ambientada en plena Guerra Fr\u00eda, reci\u00e9n estrenada en <strong>Apple TV<\/strong>. Reynolds interpreta a Troy Kelly, un piloto de la Marina estadounidense que queda varado en territorio sovi\u00e9tico despu\u00e9s de que una misi\u00f3n secreta sale mal. Para sobrevivir, tiene que aliarse con Nikolai Ustinov (Branagh), un exagente de la KGB tan rudo como fan\u00e1tico de la cultura pop estadounidense. Completan el elenco Maria Bakalova, Marcin Dorociski y David Morse.<\/p>\n<p>   <img src=\"https:\/\/www.europesays.com\/es\/wp-content\/uploads\/2026\/09\/kenneth-branagh-y-ryan-reynolds-protagonizan-mayday.png\" decoding=\"async\" fetchpriority=\"low\" loading=\"lazy\" alt=\"Kenneth Branagh y Ryan Reynolds protagonizan Mayday. \" title=\"Kenneth Branagh y Ryan Reynolds protagonizan Mayday. \" width=\"760\" height=\"undefined\" id=\"2001010-Libre-1578987025_embed\"\/>    <\/p>\n<p id=\"p-1788550203430-45810\">Kenneth Branagh y Ryan Reynolds protagonizan Mayday. <\/p>\n<p>Apple TV<\/p>\n<p id=\"p-1788528080563-46527\" dir=\"ltr\">Detr\u00e1s de c\u00e1mara est\u00e1n Jonathan Goldstein y John Francis Daley, la dupla responsable de Dungeons &amp; Dragons: Honor entre ladrones y Noche de juegos, y la pel\u00edcula llega adem\u00e1s avalada por los productores de Deadpool &amp; Wolverine. Con buena aprobaci\u00f3n por parte de la cr\u00edtica, es ideal para quienes buscan una propuesta entretenida que combina comedia y espionaje. <\/p>\n<p> Zona de riesgo | Prime Video   <img src=\"https:\/\/www.europesays.com\/es\/wp-content\/uploads\/2026\/09\/aaron-taylor-johnson-protagoniza-zona-riesgo.png\" decoding=\"async\" fetchpriority=\"low\" loading=\"lazy\" alt=\"Aaron Taylor-Johnson protagoniza Zona de riesgo. \" title=\"Aaron Taylor-Johnson protagoniza Zona de riesgo. \" width=\"760\" height=\"undefined\" id=\"2003794-Libre-780773868_embed\"\/>    <\/p>\n<p id=\"p-1788549655676-80311\">Aaron Taylor-Johnson protagoniza Zona de riesgo. <\/p>\n<p>StudioCanal<\/p>\n<p id=\"p-1788528080563-14534\" dir=\"ltr\">David Mackenzie, el director de Sin nada que perder, vuelve al thriller con esta pel\u00edcula que combina desactivaci\u00f3n de bombas con un atraco en tiempo real. Todo arranca cuando unos obreros encuentran, en pleno centro de Londres, una bomba de 500 libras de la Segunda Guerra Mundial que nunca lleg\u00f3 a explotar. La ciudad entera tiene que evacuarse, y ese caos es justo lo que un grupo de ladrones aprovecha para ejecutar un plan que vienen preparando hace tiempo.<\/p>\n<p id=\"p-1788528080563-15873\" dir=\"ltr\"><strong> Aaron Taylor-Johnson<\/strong> encabeza el reparto como el mayor Will Tranter, mientras que <strong>Theo James<\/strong>, otra vez presente en esta lista gracias a The Gentlemen, se suma como uno de los ladrones junto a <strong>Sam Worthington<\/strong> y <strong>Gugu Mbatha-Raw<\/strong>. Justamente Taylor-Johnson y James son dos de los nombres que m\u00e1s sonaron en los \u00faltimos a\u00f1os para quedarse con el papel de James Bond, as\u00ed que verlos compartir pantalla es parte del atractivo. La cr\u00edtica destac\u00f3 sobre todo el manejo del ritmo, con dos historias que corren en paralelo y funcionan casi como dos pel\u00edculas en una.<\/p>\n<p> En el camino| HBO Max   <img src=\"https:\/\/www.europesays.com\/es\/wp-content\/uploads\/2026\/09\/en-el-camino.jpg\" decoding=\"async\" fetchpriority=\"low\" loading=\"lazy\" alt=\"V\u00edctor Prieto y Osvaldo S\u00e1nchez protagonizan En el camino. \" title=\"V\u00edctor Prieto y Osvaldo S\u00e1nchez protagonizan En el camino. \" width=\"760\" height=\"undefined\" id=\"2003791-Libre-1286062512_embed\"\/>    <\/p>\n<p id=\"p-1788549227917-7783\">V\u00edctor Prieto y Osvaldo S\u00e1nchez protagonizan En el camino. <\/p>\n<p>Wonder Pictures<\/p>\n<p id=\"p-1788528080563-41859\" dir=\"ltr\">La nueva pel\u00edcula de David Pablos, el director de La vida despu\u00e9s, lleg\u00f3 a <strong>HBO Max<\/strong> luego de un importante recorrido por festivales, incluido el el premio a Mejor Pel\u00edcula en la secci\u00f3n Orizzonti del Festival Internacional de Cine de Venecia. Adem\u00e1s de contar con 13 nominaciones a los Premios Aries, ha sido el t\u00edtulo elegido para representar a M\u00e9xico en la pr\u00f3xima edici\u00f3n de los Oscar en la categor\u00eda de Mejor pel\u00edcula internacional. <\/p>\n<p id=\"p-1788528080563-23118\" dir=\"ltr\"> <strong>En el camino <\/strong> sigue a Veneno (Osvaldo S\u00e1nchez), un joven que recorre las rutas del norte de M\u00e9xico y suele frecuentar paradores de camioneros. Ah\u00ed conoce a Mu\u00f1eco (V\u00edctor Prieto), un conductor solitario, y entre los dos arranca un v\u00ednculo que mezcla atracci\u00f3n, negocios de dudosa legalidad y algo parecido al amor, mientras el pasado de Veneno amenaza con volver y complicarlo todo. Es una propuesta m\u00e1s pausada y melanc\u00f3lica que otras pel\u00edculas ambientadas en ese mundo, con un romance inesperado como motor de la historia.<\/p>\n","protected":false},"excerpt":{"rendered":"Septiembre arranc\u00f3 fuerte en materia de streaming. Las plataformas coincidieron en la misma semana con varios estrenos de&hellip;\n","protected":false},"author":2,"featured_media":749975,"comment_status":"","ping_status":"","sticky":false,"template":"","format":"standard","meta":{"footnotes":""},"categories":[169],"tags":[177,146,147,25,24,6750,176,175,8050,805,23,6879],"class_list":["post-749974","post","type-post","status-publish","format-standard","has-post-thumbnail","category-cine","tag-cine","tag-entertainment","tag-entretenimiento","tag-es","tag-espana","tag-estrenos","tag-film","tag-movies","tag-pelu00edculas","tag-series","tag-spain","tag-streaming"],"share_on_mastodon":{"url":"https:\/\/pubeurope.com\/@es\/117221037533028995","error":""},"_links":{"self":[{"href":"https:\/\/www.europesays.com\/es\/wp-json\/wp\/v2\/posts\/749974","targetHints":{"allow":["GET"]}}],"collection":[{"href":"https:\/\/www.europesays.com\/es\/wp-json\/wp\/v2\/posts"}],"about":[{"href":"https:\/\/www.europesays.com\/es\/wp-json\/wp\/v2\/types\/post"}],"author":[{"embeddable":true,"href":"https:\/\/www.europesays.com\/es\/wp-json\/wp\/v2\/users\/2"}],"replies":[{"embeddable":true,"href":"https:\/\/www.europesays.com\/es\/wp-json\/wp\/v2\/comments?post=749974"}],"version-history":[{"count":0,"href":"https:\/\/www.europesays.com\/es\/wp-json\/wp\/v2\/posts\/749974\/revisions"}],"wp:featuredmedia":[{"embeddable":true,"href":"https:\/\/www.europesays.com\/es\/wp-json\/wp\/v2\/media\/749975"}],"wp:attachment":[{"href":"https:\/\/www.europesays.com\/es\/wp-json\/wp\/v2\/media?parent=749974"}],"wp:term":[{"taxonomy":"category","embeddable":true,"href":"https:\/\/www.europesays.com\/es\/wp-json\/wp\/v2\/categories?post=749974"},{"taxonomy":"post_tag","embeddable":true,"href":"https:\/\/www.europesays.com\/es\/wp-json\/wp\/v2\/tags?post=749974"}],"curies":[{"name":"wp","href":"https:\/\/api.w.org\/{rel}","templated":true}]}}