{"id":749986,"date":"2026-09-05T23:37:17","date_gmt":"2026-09-05T23:37:17","guid":{"rendered":"https:\/\/www.europesays.com\/es\/749986\/"},"modified":"2026-09-05T23:37:17","modified_gmt":"2026-09-05T23:37:17","slug":"sanxenxo-cocina-la-tortilla-mas-grande-del-mundo-con-17-000-huevos","status":"publish","type":"post","link":"https:\/\/www.europesays.com\/es\/749986\/","title":{"rendered":"Sanxenxo cocina \u00abla tortilla m\u00e1s grande del mundo\u00bb con 17.000 huevos"},"content":{"rendered":"<p>05\/09\/2026<\/p>\n<p>Actualizado a las 17:48h.<\/p>\n<p class=\"v-d-p\">El municipio pontevedr\u00e9s de Sanxenxo ha elaborado este s\u00e1bado la tortilla que dicen que es la m\u00e1s grande del mundo ante miles de asistentes. El plato, cocinado por la empresa El Huevo de la Abuela, cont\u00f3 con 17.000 huevos, 1.700 kilos de patatas,  &#8230; 300 kilos de cebolla, 300 litros de aceite y 30 kilos de sal.<\/p>\n<p class=\"v-d-p\">Tal y como ha trasladado el Ayuntamiento de Sanxenxo en nota de prensa, miles de personas se acercaron a ver la preparaci\u00f3n de la tortilla, sobre una sart\u00e9n de seis metros de di\u00e1metro y la participaci\u00f3n de 72 personas. Para realizar esta operaci\u00f3n fue necesaria tambi\u00e9n una gr\u00faa de 75 toneladas.<\/p>\n<p><img decoding=\"async\" loading=\"lazy\" src=\"https:\/\/www.europesays.com\/es\/wp-content\/uploads\/2026\/09\/YDRAY-DSC_0154-U16777610568fpB-680x476@diario_abc.jpg\" class=\"v-a-img\" width=\"680\" height=\"478\" alt=\"El alcalde de Sanxenxo, Telmo Mart\u00edn, comiendo la tortilla.\" data-voc-vtm-id=\"in-text-traffic\"\/><\/p>\n<p>El alcalde de Sanxenxo, Telmo Mart\u00edn, comiendo la tortilla.<\/p>\n<p>(Cedida)<\/p>\n<p class=\"v-d-p\">Una vez terminado el plato, a las 14.15 horas, comenz\u00f3 el reparto de las 10.000 raciones -con y sin cebolla- a un precio de tres euros cada una. El dinero recaudado con las ventas se destina a fines ben\u00e9ficos.<\/p>\n<p class=\"v-d-p\">Este reto gastron\u00f3mico est\u00e1 enmarcado en las actividades vinculadas a la Feira da Cebola y las celebraciones de Santa Rosal\u00eda de la localidad.<\/p>\n","protected":false},"excerpt":{"rendered":"05\/09\/2026 Actualizado a las 17:48h. El municipio pontevedr\u00e9s de Sanxenxo ha elaborado este s\u00e1bado la tortilla que dicen&hellip;\n","protected":false},"author":2,"featured_media":749987,"comment_status":"","ping_status":"","sticky":false,"template":"","format":"standard","meta":{"footnotes":""},"categories":[8],"tags":[68012,17,18,5055,25,24,13,14,699,11,8084,19,20,3013,9,10,15,16,7220,23,12,72701,21,22],"class_list":["post-749986","post","type-post","status-publish","format-standard","has-post-thumbnail","category-espana","tag-68012","tag-breaking-news","tag-breakingnews","tag-cocina","tag-es","tag-espana","tag-featured-news","tag-featurednews","tag-grande","tag-headlines","tag-huevos","tag-latest-news","tag-latestnews","tag-mundo","tag-news","tag-noticias","tag-noticias-destacadas","tag-noticiasdestacadas","tag-sanxenxo","tag-spain","tag-titulares","tag-tortilla","tag-ultimas-noticias","tag-ultimasnoticias"],"share_on_mastodon":{"url":"https:\/\/pubeurope.com\/@es\/117221068786525977","error":""},"_links":{"self":[{"href":"https:\/\/www.europesays.com\/es\/wp-json\/wp\/v2\/posts\/749986","targetHints":{"allow":["GET"]}}],"collection":[{"href":"https:\/\/www.europesays.com\/es\/wp-json\/wp\/v2\/posts"}],"about":[{"href":"https:\/\/www.europesays.com\/es\/wp-json\/wp\/v2\/types\/post"}],"author":[{"embeddable":true,"href":"https:\/\/www.europesays.com\/es\/wp-json\/wp\/v2\/users\/2"}],"replies":[{"embeddable":true,"href":"https:\/\/www.europesays.com\/es\/wp-json\/wp\/v2\/comments?post=749986"}],"version-history":[{"count":0,"href":"https:\/\/www.europesays.com\/es\/wp-json\/wp\/v2\/posts\/749986\/revisions"}],"wp:featuredmedia":[{"embeddable":true,"href":"https:\/\/www.europesays.com\/es\/wp-json\/wp\/v2\/media\/749987"}],"wp:attachment":[{"href":"https:\/\/www.europesays.com\/es\/wp-json\/wp\/v2\/media?parent=749986"}],"wp:term":[{"taxonomy":"category","embeddable":true,"href":"https:\/\/www.europesays.com\/es\/wp-json\/wp\/v2\/categories?post=749986"},{"taxonomy":"post_tag","embeddable":true,"href":"https:\/\/www.europesays.com\/es\/wp-json\/wp\/v2\/tags?post=749986"}],"curies":[{"name":"wp","href":"https:\/\/api.w.org\/{rel}","templated":true}]}}