{"id":749992,"date":"2026-09-05T23:46:26","date_gmt":"2026-09-05T23:46:26","guid":{"rendered":"https:\/\/www.europesays.com\/es\/749992\/"},"modified":"2026-09-05T23:46:26","modified_gmt":"2026-09-05T23:46:26","slug":"el-valencia-basket-de-javi-torralba-cambia-el-roig-arena-por-la-playa","status":"publish","type":"post","link":"https:\/\/www.europesays.com\/es\/749992\/","title":{"rendered":"El Valencia Basket de Javi Torralba cambia el Roig Arena por la playa"},"content":{"rendered":"<p class=\"ft-text\"><a class=\"ft-link ft-link--decoration\" href=\"https:\/\/www.superdeporte.es\/valencia-basket\/2026\/08\/24\/estreno-taronja-valencia-basket-javi-torralba-pretemporada-roig-arena-133612046.html\" rel=\"nofollow noopener\" target=\"_blank\">El Valencia Basket sigue acumulando trabajo de pretemporada<\/a> y aunque sigue sin poder contar con las internacionales que est\u00e1 disputando el Mundial, <strong>Javier Torralba est\u00e1 incidiendo en unir al grupo dentro y fuera de la pista, tambi\u00e9n con las jugadoras del filial que est\u00e1n ayudando en la pretemporada<\/strong>.<\/p>\n<p class=\"ft-text\">Y nada mejor para ello que una sesi\u00f3n de trabajo at\u00edpica, lejos del Roig Arena y <strong>con actividades acu\u00e1ticas en la playa antes de un almuerzo con todo el grupo<\/strong>. Entre la Malvarrosa y la Patacona, las jugadoras y el staff t\u00e9cnico al completo disfrutaron de una ma\u00f1ana pasada por agua, en kayak y tablas de paddle surf, entre risas y bromas.<\/p>\n<p><img decoding=\"async\" src=\"https:\/\/www.europesays.com\/es\/wp-content\/uploads\/2026\/09\/42751788-9106-4200-9aea-d75906e2ba60_alta-libre-aspect-ratio_default_0_x600y533.jpg\" width=\"1200\" height=\"1600\" alt=\"Las jugadoras, en el Restaurante La Jirafa de la playa de la Patacona.\" class=\"ft-helper-img-rd\" loading=\"lazy\" fetchpriority=\"auto\"\/><\/p>\n<p class=\"ft-helper-fontColor-quaternary ft-helper-fontSize-body-S ft-helper-spacer-t-xxs\">Las jugadoras, en el Restaurante La Jirafa de la playa de la Patacona.  \/ VBC<\/p>\n<p class=\"ft-text\"><strong>Entre ellas estaba ya Mar\u00eda Ara\u00fajo, quien se qued\u00f3 fuera del Mundial en el \u00faltimo corte de Miguel M\u00e9ndez<\/strong> y se ha unido ya a la pretemporada taronja. Con ella solo hab\u00eda otras cuatro jugadoras del primer equipo, Leticia Romero, Kendra Chery, Alisia Jenkins y Kamila Borkowska, mientras que la gran mayor\u00eda eran las j\u00f3venes del equipo de LF Challenge, al margen del staff t\u00e9cnico al completo.<\/p>\n<p class=\"ft-text\">Y tras una ma\u00f1ana playera, <strong>no pod\u00eda faltar el almuerzo, que disfrutaron en La Jirafa<\/strong>, uno de los restaurantes situado frente al mar, en la playa de la Patacona.<\/p>\n<p><img decoding=\"async\" src=\"https:\/\/www.europesays.com\/es\/wp-content\/uploads\/2026\/09\/6755d811-c971-495c-b226-c4d9f1a0dafe_alta-libre-aspect-ratio_default_0_x800y400.jpg\" width=\"1200\" height=\"900\" alt=\"La ma\u00f1ana playera acab\u00f3 en un almuerzo de todo el grupo.\" class=\"ft-helper-img-rd\" loading=\"lazy\" fetchpriority=\"auto\"\/><\/p>\n<p class=\"ft-helper-fontColor-quaternary ft-helper-fontSize-body-S ft-helper-spacer-t-xxs\">La ma\u00f1ana playera acab\u00f3 en un almuerzo de todo el grupo.  \/ VBC<\/p>\n<p>Primeros partidos<\/p>\n<p class=\"ft-text\">Tras casi dos semanas de pretemporada, <a class=\"ft-link ft-link--decoration\" href=\"https:\/\/www.superdeporte.es\/valencia-basket\/2026\/08\/04\/pretemporada-equipo-femenino-valencia-basket-detalles-133081361.html\" rel=\"nofollow noopener\" target=\"_blank\">las taronja afrontan una semana en la que disputar\u00e1n su primer amistoso<\/a>. Ser\u00e1 el s\u00e1bado 12 de septiembre frente al Movistar Estudiantes en Val\u00e8ncia, mientras que cinco d\u00edas despu\u00e9s, el 17 de septiembre, visitar\u00e1 al Azul Marino Mallorca Palma.<\/p>\n<p class=\"ft-text\"><strong>La primera cita oficial llegar\u00e1 el 26 de septiembre<\/strong>, cuando el vigente campe\u00f3n de Liga se mida al Casademont Zaragoza en las semifinales de la Supercopa LF Endesa, que se disputar\u00e1 en Torrej\u00f3n de Ardoz.<\/p>\n","protected":false},"excerpt":{"rendered":"El Valencia Basket sigue acumulando trabajo de pretemporada y aunque sigue sin poder contar con las internacionales que&hellip;\n","protected":false},"author":2,"featured_media":749993,"comment_status":"","ping_status":"","sticky":false,"template":"","format":"standard","meta":{"footnotes":""},"categories":[269],"tags":[299,1918,298,168,25,24,11191,31172,1429,776,961,3397,23,167,112607,235,2916],"class_list":["post-749992","post","type-post","status-publish","format-standard","has-post-thumbnail","category-baloncesto","tag-baloncesto","tag-basket","tag-basketball","tag-deportes","tag-es","tag-espana","tag-javi","tag-maria-araujo","tag-plantilla","tag-playa","tag-pretemporada","tag-sabado","tag-spain","tag-sports","tag-torralba","tag-valencia","tag-valencia-basket"],"share_on_mastodon":{"url":"https:\/\/pubeurope.com\/@es\/117221104449091352","error":""},"_links":{"self":[{"href":"https:\/\/www.europesays.com\/es\/wp-json\/wp\/v2\/posts\/749992","targetHints":{"allow":["GET"]}}],"collection":[{"href":"https:\/\/www.europesays.com\/es\/wp-json\/wp\/v2\/posts"}],"about":[{"href":"https:\/\/www.europesays.com\/es\/wp-json\/wp\/v2\/types\/post"}],"author":[{"embeddable":true,"href":"https:\/\/www.europesays.com\/es\/wp-json\/wp\/v2\/users\/2"}],"replies":[{"embeddable":true,"href":"https:\/\/www.europesays.com\/es\/wp-json\/wp\/v2\/comments?post=749992"}],"version-history":[{"count":0,"href":"https:\/\/www.europesays.com\/es\/wp-json\/wp\/v2\/posts\/749992\/revisions"}],"wp:featuredmedia":[{"embeddable":true,"href":"https:\/\/www.europesays.com\/es\/wp-json\/wp\/v2\/media\/749993"}],"wp:attachment":[{"href":"https:\/\/www.europesays.com\/es\/wp-json\/wp\/v2\/media?parent=749992"}],"wp:term":[{"taxonomy":"category","embeddable":true,"href":"https:\/\/www.europesays.com\/es\/wp-json\/wp\/v2\/categories?post=749992"},{"taxonomy":"post_tag","embeddable":true,"href":"https:\/\/www.europesays.com\/es\/wp-json\/wp\/v2\/tags?post=749992"}],"curies":[{"name":"wp","href":"https:\/\/api.w.org\/{rel}","templated":true}]}}