{"id":749996,"date":"2026-09-05T23:48:21","date_gmt":"2026-09-05T23:48:21","guid":{"rendered":"https:\/\/www.europesays.com\/es\/749996\/"},"modified":"2026-09-05T23:48:21","modified_gmt":"2026-09-05T23:48:21","slug":"brooklyn-beckham-y-nicola-peltz-estrellas-de-la-galaxia-satelite-del-festival-de-venecia-premio-para-ella-tandem-con-faye-dunaway-y-el-aperitivo-de-los-globos-de-oro","status":"publish","type":"post","link":"https:\/\/www.europesays.com\/es\/749996\/","title":{"rendered":"Brooklyn Beckham y Nicola Peltz, estrellas de la galaxia sat\u00e9lite del Festival de Venecia: premio para ella, t\u00e1ndem con Faye Dunaway, y el aperitivo de los Globos de Oro"},"content":{"rendered":"<p>A la espera de recoger oficialmente el galard\u00f3n este s\u00e1bado, la hija del inversor multimillonario Nelson Peltz ya ha acaparado todas las miradas en otros de los eventos que se celebran a la sombra del famoso festival de cine. La actriz, que horas antes hab\u00eda presentado Prima junto a Dunaway luciendo un fresco top lencero, cambi\u00f3 de registro para el c\u00f3ctel veneciano de los Globos de Oro que patrocina la firma hotelera Aman Beverly Hills con un elegante vestido azul noche con fular de gasa a juego. A su lado y de negro, Brooklyn Beckham, entregado escudero de la actriz en un momento en el que ambos siguen en el foco medi\u00e1tico por razones ajenas al cine.<\/p>\n<p><img decoding=\"async\" alt=\"Brooklyn Beckham y Nicola Peltz llegan a la fiesta de los Golden Globes x Aman Beverly Hills\" loading=\"lazy\" class=\"ResponsiveImageContainer-dkeESL cQPiWi responsive-image__image\"   src=\"https:\/\/www.europesays.com\/es\/wp-content\/uploads\/2026\/09\/GettyImages-2293036729.jpg\"\/><\/p>\n<p>Brooklyn Beckham y Nicola Peltz llegan a la fiesta de los Golden Globes x Aman Beverly Hills<\/p>\n<p>Dick Clark Productions\/Getty Images<\/p>\n<p>Por un lado, persisten los ecos de la ruptura de Brooklyn con su familia, acrecentada tras el <a href=\"https:\/\/www.revistavanityfair.es\/articulos\/brooklyn-beckham-estalla-contra-sus-padres-han-intentado-sin-cesar-arruinar-mi-relacion-desde-antes-de-mi-boda\" rel=\"nofollow noopener\" target=\"_blank\">duro comunicado<\/a> que emiti\u00f3 a principios de a\u00f1o contra sus padres, <strong>David<\/strong> y <strong>Victoria Beckham<\/strong>, acus\u00e1ndoles de haber saboteado su boda con Nicola. \u201cMis padres han intentado sin cesar arruinar mi relaci\u00f3n desde antes de mi boda, y no han parado\u201d, dec\u00eda en una parte. \u201cMi madre cancel\u00f3 la confecci\u00f3n del vestido de Nicola en el \u00faltimo momento, a pesar de lo emocionada que estaba por lucir su dise\u00f1o, lo que la oblig\u00f3 a buscar urgentemente un vestido nuevo. Semanas antes de nuestro gran d\u00eda, mis padres me presionaron e intentaron sobornarme repetidamente para que cediera los derechos de mi nombre, lo que nos habr\u00eda afectado a m\u00ed, a mi esposa y a nuestros futuros hijos\u201d.<\/p>\n<p>Por otro lado. el matrimonio ha tenido que hacer frente recientemente a los comentarios sobre la acusada bajada de peso de la actriz. Peltz ha explicado que su cambio f\u00edsico responde al exigente entrenamiento de cuatro meses al que se ha sometido para meterse en la piel de la bailarina de ballet que interpreta en Prima, y tambi\u00e9n su marido ha salido a defenderla. \u201cNo hables de mi esposa. Es absolutamente preciosa y jam\u00e1s deber\u00edas opinar sobre el cuerpo de una mujer. Qu\u00e9 verg\u00fcenza\u201d, respondi\u00f3 Brooklyn Beckham en el Instagram de Peltz a una de esas criticas.<\/p>\n<p>Pens\u00e1ndolo bien, puede que el jurado de los Kin\u00e9o no ande tan desencaminado con la ganadora del premio Rising Star de este a\u00f1o: tras dos d\u00e9cadas en las pantallas, s\u00ed, la entrada de Nicola Peltz en la familia Beckham ha terminado de impulsar su estrella hacia otra dimensi\u00f3n.<\/p>\n","protected":false},"excerpt":{"rendered":"A la espera de recoger oficialmente el galard\u00f3n este s\u00e1bado, la hija del inversor multimillonario Nelson Peltz ya&hellip;\n","protected":false},"author":2,"featured_media":749997,"comment_status":"","ping_status":"","sticky":false,"template":"","format":"standard","meta":{"footnotes":""},"categories":[174],"tags":[3064,255,146,147,25,24,256,13415,23,9490],"class_list":["post-749996","post","type-post","status-publish","format-standard","has-post-thumbnail","category-famosos","tag-brooklyn-beckham","tag-celebrities","tag-entertainment","tag-entretenimiento","tag-es","tag-espana","tag-famosos","tag-nicola-peltz","tag-spain","tag-venecia"],"share_on_mastodon":{"url":"https:\/\/pubeurope.com\/@es\/117221110820524478","error":""},"_links":{"self":[{"href":"https:\/\/www.europesays.com\/es\/wp-json\/wp\/v2\/posts\/749996","targetHints":{"allow":["GET"]}}],"collection":[{"href":"https:\/\/www.europesays.com\/es\/wp-json\/wp\/v2\/posts"}],"about":[{"href":"https:\/\/www.europesays.com\/es\/wp-json\/wp\/v2\/types\/post"}],"author":[{"embeddable":true,"href":"https:\/\/www.europesays.com\/es\/wp-json\/wp\/v2\/users\/2"}],"replies":[{"embeddable":true,"href":"https:\/\/www.europesays.com\/es\/wp-json\/wp\/v2\/comments?post=749996"}],"version-history":[{"count":0,"href":"https:\/\/www.europesays.com\/es\/wp-json\/wp\/v2\/posts\/749996\/revisions"}],"wp:featuredmedia":[{"embeddable":true,"href":"https:\/\/www.europesays.com\/es\/wp-json\/wp\/v2\/media\/749997"}],"wp:attachment":[{"href":"https:\/\/www.europesays.com\/es\/wp-json\/wp\/v2\/media?parent=749996"}],"wp:term":[{"taxonomy":"category","embeddable":true,"href":"https:\/\/www.europesays.com\/es\/wp-json\/wp\/v2\/categories?post=749996"},{"taxonomy":"post_tag","embeddable":true,"href":"https:\/\/www.europesays.com\/es\/wp-json\/wp\/v2\/tags?post=749996"}],"curies":[{"name":"wp","href":"https:\/\/api.w.org\/{rel}","templated":true}]}}