{"id":750008,"date":"2026-09-06T00:01:29","date_gmt":"2026-09-06T00:01:29","guid":{"rendered":"https:\/\/www.europesays.com\/es\/750008\/"},"modified":"2026-09-06T00:01:29","modified_gmt":"2026-09-06T00:01:29","slug":"marruecos-fue-el-principal-proveedor-de-frutas-y-verduras-de-espana-en-los-seis-primeros-meses-del-ano","status":"publish","type":"post","link":"https:\/\/www.europesays.com\/es\/750008\/","title":{"rendered":"Marruecos fue el principal proveedor de frutas y verduras de Espa\u00f1a en los seis primeros meses del a\u00f1o"},"content":{"rendered":"<p>Las importaciones espa\u00f1olas de frutas y hortalizas de origen marroqu\u00ed alcanzaron los 950 millones de euros durante los primeros seis meses de este a\u00f1o, lo que supone un aumento de alrededor del 6 % en comparaci\u00f3n con el mismo periodo del a\u00f1o pasado, seg\u00fan dataos de la Federaci\u00f3n Espa\u00f1ola de Asociaciones de Productores y Exportadores de Frutas, Hortalizas, Flores y Plantas Vivas (FEPEX).<\/p>\n<p>Espa\u00f1a import\u00f3 frutas y verduras por un valor cercano a los 3.000 millones de euros durante el primer semestre de este a\u00f1o, lo que equivale a 2,5 millones de toneladas, un incremento del 6,8% en volumen y del 4,4% en valor, en comparaci\u00f3n con el primer semestre del a\u00f1o pasado. Se observ\u00f3 que las importaciones espa\u00f1olas procedentes de pa\u00edses fuera de la Uni\u00f3n Europea representaron el 54% del volumen total de estas importaciones y el 72% de su valor total.<\/p>\n<p>Los proveedores de fuera de la Uni\u00f3n Europea exportaron frutas y verduras a Espa\u00f1a durante este periodo por un valor superior a 2.230 millones de euros, lo que supone un incremento anual del 7%. Asimismo, el volumen de las importaciones espa\u00f1olas procedentes de estos pa\u00edses aument\u00f3 hasta alcanzar 1,4 millones de toneladas entre enero y junio del a\u00f1o pasado. <b>Indic\u00f3 que el volumen de las importaciones espa\u00f1olas procedentes del Reino de Marruecos, principal proveedor, ascendi\u00f3 a m\u00e1s de 351.000 toneladas de frutas y verduras, lo que representa un descenso del 7% respecto al a\u00f1o anterior.<\/b><\/p>\n<p>Per\u00fa ocup\u00f3 el segundo lugar en la lista, con exportaciones de productos agr\u00edcolas a Espa\u00f1a por valor de 289 millones de euros, equivalentes a m\u00e1s de 150.000 toneladas, seguido de Costa Rica con 182 millones de euros, luego Brasil con 121 millones de euros, mientras que las exportaciones de la Rep\u00fablica \u00c1rabe de Egipto no superaron los 60 millones de euros en este nivel.<\/p>\n<p>En cuanto a las importaciones procedentes de los Estados miembros de la Uni\u00f3n Europea, los datos indican que Espa\u00f1a import\u00f3 alrededor de 1,19 millones de toneladas de frutas y verduras producidas por estos pa\u00edses, por un valor de 856 millones de euros, mientras que la participaci\u00f3n de los pa\u00edses de este bloque representa el 46 por ciento del volumen total de las importaciones y el 28% de su valor.<\/p>\n<p>Francia es el principal proveedor de Espa\u00f1a dentro de la UE con m\u00e1s de 211 millones de euros, lo que equivale a m\u00e1s de 657.000 toneladas, seguida de los Pa\u00edses Bajos con m\u00e1s de 142 millones de euros, luego Portugal e Italia, esta \u00faltima con exportaciones de frutas y verduras a Espa\u00f1a por valor de 135 millones de euros.<\/p>\n","protected":false},"excerpt":{"rendered":"Las importaciones espa\u00f1olas de frutas y hortalizas de origen marroqu\u00ed alcanzaron los 950 millones de euros durante los&hellip;\n","protected":false},"author":2,"featured_media":750009,"comment_status":"","ping_status":"","sticky":false,"template":"","format":"standard","meta":{"footnotes":""},"categories":[8],"tags":[17,18,25,24,13,14,11294,11,5856,19,20,4485,9,10,15,16,23,12,21,22,12489],"class_list":["post-750008","post","type-post","status-publish","format-standard","has-post-thumbnail","category-espana","tag-breaking-news","tag-breakingnews","tag-es","tag-espana","tag-featured-news","tag-featurednews","tag-frutas","tag-headlines","tag-importaciones","tag-latest-news","tag-latestnews","tag-marruecos","tag-news","tag-noticias","tag-noticias-destacadas","tag-noticiasdestacadas","tag-spain","tag-titulares","tag-ultimas-noticias","tag-ultimasnoticias","tag-verduras"],"share_on_mastodon":{"url":"https:\/\/pubeurope.com\/@es\/117221162248008773","error":""},"_links":{"self":[{"href":"https:\/\/www.europesays.com\/es\/wp-json\/wp\/v2\/posts\/750008","targetHints":{"allow":["GET"]}}],"collection":[{"href":"https:\/\/www.europesays.com\/es\/wp-json\/wp\/v2\/posts"}],"about":[{"href":"https:\/\/www.europesays.com\/es\/wp-json\/wp\/v2\/types\/post"}],"author":[{"embeddable":true,"href":"https:\/\/www.europesays.com\/es\/wp-json\/wp\/v2\/users\/2"}],"replies":[{"embeddable":true,"href":"https:\/\/www.europesays.com\/es\/wp-json\/wp\/v2\/comments?post=750008"}],"version-history":[{"count":0,"href":"https:\/\/www.europesays.com\/es\/wp-json\/wp\/v2\/posts\/750008\/revisions"}],"wp:featuredmedia":[{"embeddable":true,"href":"https:\/\/www.europesays.com\/es\/wp-json\/wp\/v2\/media\/750009"}],"wp:attachment":[{"href":"https:\/\/www.europesays.com\/es\/wp-json\/wp\/v2\/media?parent=750008"}],"wp:term":[{"taxonomy":"category","embeddable":true,"href":"https:\/\/www.europesays.com\/es\/wp-json\/wp\/v2\/categories?post=750008"},{"taxonomy":"post_tag","embeddable":true,"href":"https:\/\/www.europesays.com\/es\/wp-json\/wp\/v2\/tags?post=750008"}],"curies":[{"name":"wp","href":"https:\/\/api.w.org\/{rel}","templated":true}]}}