{"id":750012,"date":"2026-09-06T00:10:19","date_gmt":"2026-09-06T00:10:19","guid":{"rendered":"https:\/\/www.europesays.com\/es\/750012\/"},"modified":"2026-09-06T00:10:19","modified_gmt":"2026-09-06T00:10:19","slug":"la-euroliga-mantiene-la-supercup-en-abu-dhabi","status":"publish","type":"post","link":"https:\/\/www.europesays.com\/es\/750012\/","title":{"rendered":"La Euroliga mantiene la Supercup en Abu Dhabi"},"content":{"rendered":"<p data-gtm-element-container=\"modulo-texto-link\" class=\"paragraph\">La Euroliga ha confirmado que la <strong>SuperCup <\/strong>se llevar\u00e1 a cabo en <strong>Abu Dhabi <\/strong>seg\u00fan lo programado los d\u00edas 18 y 19 de septiembre de 2026. Esta ratificaci\u00f3n surge tras informes previos que suger\u00edan una posible cancelaci\u00f3n del evento, disipando as\u00ed la incertidumbre que rodeaba la competici\u00f3n. El torneo reunir\u00e1 a destacados equipos europeos en el <strong>Etihad Arena<\/strong> de <strong>Emiratos <\/strong>\u00c1rabes Unidos.<\/p>\n<p data-gtm-element-container=\"modulo-texto-link\" class=\"paragraph\">Mediante un comunicado oficial, <strong>Euroleague Basketball <\/strong>aclar\u00f3 la situaci\u00f3n. \u00abTras los recientes art\u00edculos publicados por varios medios de comunicaci\u00f3n europeos, Euroleague Basketball desea aclarar que la Euroleague Basketball SuperCup Abu Dabi 2026, programada para el 18 y 19 de septiembre, permanece sin cambios\u00bb, afirm\u00f3 la organizaci\u00f3n. Adem\u00e1s, reiter\u00f3 su compromiso de \u00abofrecer lo mejor del baloncesto europeo a trav\u00e9s de esta nueva competici\u00f3n y proporcionar una experiencia excepcional para equipos, jugadores y aficionados\u00bb.<\/p>\n<p data-gtm-element-container=\"modulo-texto-link\" class=\"paragraph\">Previamente, el periodista <strong>Harris Stavrou <\/strong>de Sport24 hab\u00eda reportado dudas significativas sobre la realizaci\u00f3n del evento. \u00abCreo que ha habido algunas discusiones sobre la Super Cup en Abu Dhabi desde ayer o anteayer\u00bb, coment\u00f3 Stavrou. A\u00f1adi\u00f3 que, \u00abparece que, aunque la Euroliga ha anunciado las entradas, los equipos participantes, las fechas y los emparejamientos, e incluso envi\u00f3 ayer el enlace para la acreditaci\u00f3n de prensa, existe cierta incertidumbre en este momento\u00bb.<\/p>\n<p data-gtm-element-container=\"modulo-texto-link\" class=\"paragraph\"><strong>Stavrou <\/strong>tambi\u00e9n se\u00f1al\u00f3 que al menos dos de los equipos participantes hab\u00edan expresado preocupaciones de seguridad en la regi\u00f3n de <strong>Oriente Medio <\/strong>debido a un conflicto en curso. Como ejemplo, mencion\u00f3 que el equipo de baloncesto de <strong>Dub\u00e1i<\/strong>, uno de los contendientes, no estaba entrenando en su sede habitual, sino que se hab\u00eda trasladado a <strong>Turqu\u00eda <\/strong>para su pretemporada. El periodista confirm\u00f3 que la reubicaci\u00f3n del torneo no era una opci\u00f3n, indicando que \u00absi hubiera alg\u00fan cambio, ser\u00eda la cancelaci\u00f3n del evento\u00bb.<\/p>\n<p data-gtm-element-container=\"modulo-texto-link\" class=\"paragraph\">La competici\u00f3n, que seguir\u00e1 un formato de <strong>Final Four<\/strong>, contar\u00e1 con la participaci\u00f3n de <strong>Olympiacos<\/strong>, <strong>Fenerbahce<\/strong>, Real <strong>Madrid <\/strong>y <strong>Dubai <\/strong>Basketball. El viernes 18 de septiembre, <strong>Olympiacos <\/strong>se enfrentar\u00e1 a <strong>Fenerbahce <\/strong>a las 16:00, seguido por el duelo entre <strong>Dub\u00e1i <\/strong>y Real <strong>Madrid <\/strong>a las 19:00 CEST. El s\u00e1bado 19 de septiembre se disputar\u00e1 el partido por el tercer puesto a las 16:00, culminando con la primera final de la historia a las 19:00.<\/p>\n","protected":false},"excerpt":{"rendered":"La Euroliga ha confirmado que la SuperCup se llevar\u00e1 a cabo en Abu Dhabi seg\u00fan lo programado los&hellip;\n","protected":false},"author":2,"featured_media":750013,"comment_status":"","ping_status":"","sticky":false,"template":"","format":"standard","meta":{"footnotes":""},"categories":[269],"tags":[299,298,168,25,24,23,167],"class_list":["post-750012","post","type-post","status-publish","format-standard","has-post-thumbnail","category-baloncesto","tag-baloncesto","tag-basketball","tag-deportes","tag-es","tag-espana","tag-spain","tag-sports"],"share_on_mastodon":{"url":"https:\/\/pubeurope.com\/@es\/117221197495607005","error":""},"_links":{"self":[{"href":"https:\/\/www.europesays.com\/es\/wp-json\/wp\/v2\/posts\/750012","targetHints":{"allow":["GET"]}}],"collection":[{"href":"https:\/\/www.europesays.com\/es\/wp-json\/wp\/v2\/posts"}],"about":[{"href":"https:\/\/www.europesays.com\/es\/wp-json\/wp\/v2\/types\/post"}],"author":[{"embeddable":true,"href":"https:\/\/www.europesays.com\/es\/wp-json\/wp\/v2\/users\/2"}],"replies":[{"embeddable":true,"href":"https:\/\/www.europesays.com\/es\/wp-json\/wp\/v2\/comments?post=750012"}],"version-history":[{"count":0,"href":"https:\/\/www.europesays.com\/es\/wp-json\/wp\/v2\/posts\/750012\/revisions"}],"wp:featuredmedia":[{"embeddable":true,"href":"https:\/\/www.europesays.com\/es\/wp-json\/wp\/v2\/media\/750013"}],"wp:attachment":[{"href":"https:\/\/www.europesays.com\/es\/wp-json\/wp\/v2\/media?parent=750012"}],"wp:term":[{"taxonomy":"category","embeddable":true,"href":"https:\/\/www.europesays.com\/es\/wp-json\/wp\/v2\/categories?post=750012"},{"taxonomy":"post_tag","embeddable":true,"href":"https:\/\/www.europesays.com\/es\/wp-json\/wp\/v2\/tags?post=750012"}],"curies":[{"name":"wp","href":"https:\/\/api.w.org\/{rel}","templated":true}]}}