{"id":750028,"date":"2026-09-06T00:24:18","date_gmt":"2026-09-06T00:24:18","guid":{"rendered":"https:\/\/www.europesays.com\/es\/750028\/"},"modified":"2026-09-06T00:24:18","modified_gmt":"2026-09-06T00:24:18","slug":"el-gobierno-avisa-a-la-ue-no-aceptara-las-lenguas-de-la-ampliacion-hasta-que-catalan-euskera-y-gallego-sean-oficiales","status":"publish","type":"post","link":"https:\/\/www.europesays.com\/es\/750028\/","title":{"rendered":"El Gobierno avisa a la UE: no aceptar\u00e1 las lenguas de la ampliaci\u00f3n hasta que catal\u00e1n, euskera y gallego sean oficiales"},"content":{"rendered":"<p class=\"c-paragraph\">El Gobierno ha decidido elevar el tono en su pugna para conseguir que el catal\u00e1n, el euskera y el gallego se conviertan en lenguas oficiales de la UE para advertir de que <b>no le ser\u00e1 \u00abposible aceptar\u00bb que se incluyan lenguas adicionales en el reglamento ling\u00fc\u00edstico<\/b> de la UE como resultado de la entrada de nuevos Estados miembro si antes no se ha dado luz verde a su petici\u00f3n.<\/p>\n<p class=\"c-paragraph\">\u00abNo es posible para Espa\u00f1a aceptar nuevas lenguas oficiales si antes no se ha aprobado <b>la oficialidad del catal\u00e1n, el euskera y el gallego<\/b>\u00ab, han trasladado fuentes del Ministerio de Asuntos Exteriores, despu\u00e9s de que el Gobierno haya solicitado incluir en el pr\u00f3ximo Consejo de Asuntos Generales como punto varios la cuesti\u00f3n de las \u00ablenguas oficiales y ampliaci\u00f3n\u00bb.<\/p>\n<p class=\"c-paragraph\">Espa\u00f1a <b>solicit\u00f3 formalmente a la UE en agosto de 2023<\/b>, como resultado del acuerdo con Junts para lograr su respaldo en la nueva legislatura, que se considere como lenguas oficiales de la UE al catal\u00e1n, el euskera y el gallego. Para que esto ocurra, es necesaria la unanimidad de los Veintisiete, algo que no se ha conseguido alcanzar hasta la fecha.<\/p>\n<p class=\"c-paragraph\">El Gobierno ha dejado claro en todo momento a sus socios europeos que <b>es una prioridad alcanzar este objetivo<\/b> y el ministro de Exteriores, Jos\u00e9 Manuel Albares, ha asegurado que es solo una cuesti\u00f3n de tiempo, convencido de que se terminar\u00e1 consiguiendo luz verde.<\/p>\n<p class=\"c-paragraph\">Ya este jueves, el secretario de Estado para la UE, Fernado Sampedro, hab\u00eda deslizado esta nueva condicionalidad en relaci\u00f3n con la ampliaci\u00f3n, habida cuenta de que<b> la entrada de nuevos pa\u00edses<\/b> traer\u00eda aparejada la inclusi\u00f3n de nuevas lenguas oficiales que vendr\u00edan a sumarse a las 24 que hay en la actualidad.<\/p>\n<p class=\"c-paragraph\">Ahora, las fuentes consultadas han querido dejar claro que <b>\u00abEspa\u00f1a apoya firmemente el proceso de ampliaci\u00f3n\u00bb<\/b>, como han venido manifestando tanto Albares como el presidente del Gobierno, Pedro S\u00e1nchez, cuando ha habido ocasi\u00f3n y han esgrimido que \u00abla incorporaci\u00f3n de nuevas lenguas oficiales a la UE es un aspecto muy positivo dada la estrecha vinculaci\u00f3n entre el reconocimiento de las lenguas y el sentimiento de pertenencia de la ciudadan\u00eda europea\u00bb.<\/p>\n<p>Urge avanzar en la reforma<\/p>\n<p class=\"c-paragraph\">As\u00ed las cosas, desde Exteriores han defendido que \u00aben este contexto urge avanzar en la reforma que permitir\u00e1 que las lenguas oficiales espa\u00f1olas sean tambi\u00e9n lenguas oficiales de la UE\u00bb. Para que esto suceda,<b> es necesario que se produzca una votaci\u00f3n<\/b>, algo que hasta el momento no ha ocurrido tras constatar Espa\u00f1a que no contaba con la unanimidad de sus socios para que su propuesta no fuera rechazada.<\/p>\n<p class=\"c-paragraph\">Por lo pronto, <b>el Gobierno tendr\u00e1 ocasi\u00f3n de exponer su postura en la cita del 22 de septiembre,<\/b> si bien no se espera que haya un debate de fondo sobre la cuesti\u00f3n. Con todo, ser\u00e1 la primera vez que se vuelva a poner sobre la mesa la oficialidad de catal\u00e1n, euskera y gallego desde julio de 2025.<\/p>\n<p class=\"c-paragraph\">Entonces, la propuesta espa\u00f1ola se top\u00f3 con<b> el rechazo de una decena de socios, encabezados por Alemania<\/b>, sin que se hayan tenido noticias de que quienes se mostraban reticentes a dar luz verde hayan cambiado de posici\u00f3n. De hecho, el pasado mes de mayo, tras un encuentro entre Albares y su hom\u00f3logo alem\u00e1n, el Ministerio de Exteriores germano recalc\u00f3 que segu\u00eda teniendo dudas.<\/p>\n<p>La unanimidad, principal escollo<\/p>\n<p class=\"c-paragraph\">Desde el primer momento, la necesidad de unanimidad para sacar adelante la medida se convirti\u00f3 en el principal escollo, pese a los esfuerzos del Gobierno para intentar disipar las dudas entre sus socios, en particular de \u00edndole jur\u00eddica y sobre todo que <b>pueda convertirse en un precedente<\/b> que abra la puerta a que lenguas minoritarias en otros Estados miembro puedan intentar lograr el mismo estatus.<\/p>\n<p class=\"c-paragraph\">As\u00ed, el Gobierno no solo<b> se ha comprometido a sufragar los gastos adicionales<\/b> -que la Comisi\u00f3n Europea sit\u00faa en torno a los 132 millones de euros anuales, bas\u00e1ndose en lo ocurrido con el ga\u00e9lico-, sino que tambi\u00e9n ha planteado una implementaci\u00f3n parcial una vez concedida la oficialidad, para aligerar de este modo la carga.<\/p>\n<p class=\"c-paragraph\">En concreto, <b>el Ejecutivo plante\u00f3 a sus socios en la primavera de 2025 que catal\u00e1n, euskera y gallego sean oficiales de manera parcial desde 2027<\/b>, de modo que s\u00f3lo se traducir\u00edan a partir de esa fecha los reglamentos del Consejo y del Parlamento Europeo, un 3% del total de actos jur\u00eddicos en la anterior legislatura.<\/p>\n<p class=\"c-paragraph\">Por lo que se refiere a establecer un precedente, <b>el Gobierno se aferra a que las tres lenguas cooficiales est\u00e1n recogidas en la Constituci\u00f3n ya antes de entrar en la UE<\/b>, se usan en Congreso y Senado y Espa\u00f1a tradujo hace a\u00f1os a las tres los tratados, adem\u00e1s de buena parte de la legislaci\u00f3n europea, algo que no cumplir\u00edan otras lenguas minoritarias.<\/p>\n","protected":false},"excerpt":{"rendered":"El Gobierno ha decidido elevar el tono en su pugna para conseguir que el catal\u00e1n, el euskera y&hellip;\n","protected":false},"author":2,"featured_media":750029,"comment_status":"","ping_status":"","sticky":false,"template":"","format":"standard","meta":{"footnotes":""},"categories":[8],"tags":[67614,7994,17,18,25,24,13,14,582,11,19,20,9,689,10,15,16,23,12,943,21,22],"class_list":["post-750028","post","type-post","status-publish","format-standard","has-post-thumbnail","category-espana","tag-aceptara","tag-avisa","tag-breaking-news","tag-breakingnews","tag-es","tag-espana","tag-featured-news","tag-featurednews","tag-gobierno","tag-headlines","tag-latest-news","tag-latestnews","tag-news","tag-no","tag-noticias","tag-noticias-destacadas","tag-noticiasdestacadas","tag-spain","tag-titulares","tag-ue","tag-ultimas-noticias","tag-ultimasnoticias"],"share_on_mastodon":{"url":"https:\/\/pubeurope.com\/@es\/117221252506769720","error":""},"_links":{"self":[{"href":"https:\/\/www.europesays.com\/es\/wp-json\/wp\/v2\/posts\/750028","targetHints":{"allow":["GET"]}}],"collection":[{"href":"https:\/\/www.europesays.com\/es\/wp-json\/wp\/v2\/posts"}],"about":[{"href":"https:\/\/www.europesays.com\/es\/wp-json\/wp\/v2\/types\/post"}],"author":[{"embeddable":true,"href":"https:\/\/www.europesays.com\/es\/wp-json\/wp\/v2\/users\/2"}],"replies":[{"embeddable":true,"href":"https:\/\/www.europesays.com\/es\/wp-json\/wp\/v2\/comments?post=750028"}],"version-history":[{"count":0,"href":"https:\/\/www.europesays.com\/es\/wp-json\/wp\/v2\/posts\/750028\/revisions"}],"wp:featuredmedia":[{"embeddable":true,"href":"https:\/\/www.europesays.com\/es\/wp-json\/wp\/v2\/media\/750029"}],"wp:attachment":[{"href":"https:\/\/www.europesays.com\/es\/wp-json\/wp\/v2\/media?parent=750028"}],"wp:term":[{"taxonomy":"category","embeddable":true,"href":"https:\/\/www.europesays.com\/es\/wp-json\/wp\/v2\/categories?post=750028"},{"taxonomy":"post_tag","embeddable":true,"href":"https:\/\/www.europesays.com\/es\/wp-json\/wp\/v2\/tags?post=750028"}],"curies":[{"name":"wp","href":"https:\/\/api.w.org\/{rel}","templated":true}]}}