{"id":750036,"date":"2026-09-06T00:35:20","date_gmt":"2026-09-06T00:35:20","guid":{"rendered":"https:\/\/www.europesays.com\/es\/750036\/"},"modified":"2026-09-06T00:35:20","modified_gmt":"2026-09-06T00:35:20","slug":"amal-clooney-confirma-el-regreso-del-estampado-serpiente-con-una-falda-larga-de-elie-saab-en-venecia","status":"publish","type":"post","link":"https:\/\/www.europesays.com\/es\/750036\/","title":{"rendered":"Amal Clooney confirma el regreso del estampado serpiente con una falda larga de Elie Saab en Venecia"},"content":{"rendered":"<p>Despu\u00e9s de varios d\u00edas en los que los grandes vestidos de gala han concentrado buena parte de la atenci\u00f3n del <b>Festival de Venecia<\/b>, <a title=\"Amal Clooney\" href=\"https:\/\/www.larazon.es\/gente\/famosos\/orlando-bloom-george-amal-clooney-estrellas-llegan-venecia-mostra_202609016a96f45b4941316b1e73c43a.html\" target=\"_blank\" rel=\"nofollow noopener\">Amal Clooney<\/a> ha vuelto a demostrar que algunos de sus estilismos m\u00e1s interesantes suceden precisamente fuera de la<a title=\" alfombra roja\" href=\"https:\/\/www.larazon.es\/lifestyle\/moda\/georgina-rodriguez-vuelve-vestir-gucci-venecia-look-que-recuerda-boda_202609056a9b38263bfe5d1eff43df2f.html\" target=\"_blank\" rel=\"nofollow noopener\"> alfombra roja<\/a>. La abogada ha sido fotografiada junto a <b>George Clooney <\/b>abandonando la ciudad italiana con un look mucho m\u00e1s relajado que los elegidos durante los actos del certamen, pero con varias de las claves que empiezan a definir el armario de la pr\u00f3xima temporada.<\/p>\n<p>Si a su llegada a Venecia apost\u00f3 por <a title=\"un conjunto en verde oliva de Tom Ford\" href=\"https:\/\/www.larazon.es\/lifestyle\/moda\/amal-clooney-llega-festival-venecia-traje-shorts-tom-ford-que-adelanta-color-otono_202609026a97c6ce2d7d3022177b4dcf.html\" target=\"_blank\" rel=\"nofollow noopener\">un conjunto en verde oliva de Tom Ford<\/a>, dise\u00f1ado por Haider Ackermann, para despedirse ha cambiado por completo de registro.<\/p>\n<p>La falda de serpiente de Amal Clooney recupera uno de los estampados cl\u00e1sicos del oto\u00f1o<img decoding=\"async\" loading=\"lazy\" src=\"https:\/\/www.europesays.com\/es\/wp-content\/uploads\/2026\/09\/amal-clooney-venecia_123.jpg\" alt=\"Amal Clooney en Venecia\" width=\"5500\" height=\"8250\"\/><b>Amal Clooney en Venecia<\/b> Gtres<\/p>\n<p>Esta vez, <b>una falda larga de estampado serpiente de Elie Saab s<\/b>e ha convertido en la protagonista absoluta del estilismo. Clooney la combin\u00f3 con una sencilla camiseta de tirantes negra ajustada al cuerpo, dejando que fueran el estampado y el movimiento de la falda los que asumieran todo el peso visual.<\/p>\n<p>La pieza de Elie Saab presenta un estampado de pit\u00f3n en una gama de beige, marr\u00f3n y gris, <b>una paleta neutra que permite alejar el animal print de su versi\u00f3n m\u00e1s excesiva<\/b>. De silueta larga y fluida, incorpora adem\u00e1s una abertura pronunciada en la pierna y una construcci\u00f3n asim\u00e9trica en la zona superior que aporta movimiento al dise\u00f1o.<\/p>\n<p><img decoding=\"async\" loading=\"lazy\" src=\"https:\/\/www.europesays.com\/es\/wp-content\/uploads\/2026\/09\/amal-clooney-george-clooney_123.jpg\" alt=\"Amal Clooney y George Clooney\" width=\"1440\" height=\"1880\"\/><b>Amal Clooney y George Clooney<\/b> Gtres<\/p>\n<p>No es casual que el estampado serpiente reaparezca precisamente en este momento del a\u00f1o. Aunque nunca desaparece por completo del armario, <a title=\"el animal print \" href=\"https:\/\/www.larazon.es\/lifestyle\/moda\/violeta-mangrinan-rinde-ibiza-vestido-animal-print-mas-salvaje-verano-asimetrico-255-euros_202608156a7ff5f2a046ad6ebcb241ef.html\" target=\"_blank\" rel=\"nofollow noopener\">el animal print <\/a><b>encuentra en los meses de oto\u00f1o uno de sus terrenos m\u00e1s habituales<\/b>, especialmente cuando se presenta en tonalidades naturales como las que ha elegido Clooney. Frente al protagonismo que durante las \u00faltimas temporadas ha tenido el leopardo, la serpiente propone una alternativa algo m\u00e1s discreta y f\u00e1cil de integrar con b\u00e1sicos.<\/p>\n<p>Y Amal lleva esa idea a la pr\u00e1ctica reduciendo el resto del estilismo pr\u00e1cticamente a lo esencial. La camiseta negra, de escote redondo y tirantes anchos, rebaja el componente sofisticado de la falda y convierte una pieza que podr\u00eda funcionar perfectamente de noche en una opci\u00f3n mucho m\u00e1s apropiada para el d\u00eda.<\/p>\n<p><b>Los accesorios contin\u00faan con esa misma l\u00f3gica. <\/b>La abogada recuper\u00f3 su bolso Bracelet de Chlo\u00e9, un dise\u00f1o de piel en tono empolvado reconocible por sus grandes asas met\u00e1licas circulares, y a\u00f1adi\u00f3 gafas de sol oscuras de tama\u00f1o XL y sandalias de cu\u00f1a.<\/p>\n<p>El resultado se encuentra justo en ese punto intermedio entre el final del verano y el comienzo de la nueva temporada: todav\u00eda aparecen tejidos ligeros, tirantes y calzado abierto, pero<b> los tonos tierra y el estampado serpiente empiezan ya a mirar hacia el oto\u00f1o.<\/b><\/p>\n","protected":false},"excerpt":{"rendered":"Despu\u00e9s de varios d\u00edas en los que los grandes vestidos de gala han concentrado buena parte de la&hellip;\n","protected":false},"author":2,"featured_media":750037,"comment_status":"","ping_status":"","sticky":false,"template":"","format":"standard","meta":{"footnotes":""},"categories":[174],"tags":[29451,255,146,147,25,24,256,29282,13532,1023,23,9490],"class_list":["post-750036","post","type-post","status-publish","format-standard","has-post-thumbnail","category-famosos","tag-amal-clooney","tag-celebrities","tag-entertainment","tag-entretenimiento","tag-es","tag-espana","tag-famosos","tag-festival-de-venecia","tag-george-clooney","tag-moda","tag-spain","tag-venecia"],"share_on_mastodon":{"url":"https:\/\/pubeurope.com\/@es\/117221296721739790","error":""},"_links":{"self":[{"href":"https:\/\/www.europesays.com\/es\/wp-json\/wp\/v2\/posts\/750036","targetHints":{"allow":["GET"]}}],"collection":[{"href":"https:\/\/www.europesays.com\/es\/wp-json\/wp\/v2\/posts"}],"about":[{"href":"https:\/\/www.europesays.com\/es\/wp-json\/wp\/v2\/types\/post"}],"author":[{"embeddable":true,"href":"https:\/\/www.europesays.com\/es\/wp-json\/wp\/v2\/users\/2"}],"replies":[{"embeddable":true,"href":"https:\/\/www.europesays.com\/es\/wp-json\/wp\/v2\/comments?post=750036"}],"version-history":[{"count":0,"href":"https:\/\/www.europesays.com\/es\/wp-json\/wp\/v2\/posts\/750036\/revisions"}],"wp:featuredmedia":[{"embeddable":true,"href":"https:\/\/www.europesays.com\/es\/wp-json\/wp\/v2\/media\/750037"}],"wp:attachment":[{"href":"https:\/\/www.europesays.com\/es\/wp-json\/wp\/v2\/media?parent=750036"}],"wp:term":[{"taxonomy":"category","embeddable":true,"href":"https:\/\/www.europesays.com\/es\/wp-json\/wp\/v2\/categories?post=750036"},{"taxonomy":"post_tag","embeddable":true,"href":"https:\/\/www.europesays.com\/es\/wp-json\/wp\/v2\/tags?post=750036"}],"curies":[{"name":"wp","href":"https:\/\/api.w.org\/{rel}","templated":true}]}}