{"id":750074,"date":"2026-09-06T01:11:16","date_gmt":"2026-09-06T01:11:16","guid":{"rendered":"https:\/\/www.europesays.com\/es\/750074\/"},"modified":"2026-09-06T01:11:16","modified_gmt":"2026-09-06T01:11:16","slug":"crisis-migratoria-ultima-hora-de-la-entrada-masiva-a-ceuta-en-directo","status":"publish","type":"post","link":"https:\/\/www.europesays.com\/es\/750074\/","title":{"rendered":"CRISIS MIGRATORIA | \u00daltima hora de la entrada masiva a Ceuta, en directo"},"content":{"rendered":"<p class=\"ft-text\">El ministro de Asuntos Exteriores de Portugal, <strong>Paulo Rangel<\/strong>, ha afirmado que no consideran que la entrada de migrantes en Ceuta del pasado 15 de agosto no supuso una \u00abamenaza inmediata\u00bb para el espacio com\u00fan europeo <strong>Schengen<\/strong> de libre circulaci\u00f3n de personas.<\/p>\n<p class=\"ft-text\"><strong>\u00abPodemos decir que no hubo una amenaza inmediata al derecho de Schengen seg\u00fan ocurri\u00f3\u00bb, <\/strong>ha apuntado Rangel desde Cernobbio, a las afueras de Mil\u00e1n, donde participa en el <strong>Foro Ambrosetti. <\/strong>\u00abEsta ha sido siempre nuestra evaluaci\u00f3n y somos vecinos, as\u00ed que junto a Francia hubi\u00e9semos sufrido el primer impacto\u00bb, ha a\u00f1adido, seg\u00fan recoge la agencia de noticias Bloomberg.<\/p>\n<p class=\"ft-text\">Rangel se ha referido tambi\u00e9n a la decisi\u00f3n del Gobierno italiano de suspender el acuerdo de Schengen e imponer controles fronterizos a personas procedentes de Espa\u00f1a y ha destacado que Espa\u00f1a e Italia son \u00abamigos\u00bb y ha asegurado que<strong> \u00abesta peque\u00f1a tensi\u00f3n\u00bb se resolver\u00e1 pr\u00f3ximamente.<\/strong><\/p>\n","protected":false},"excerpt":{"rendered":"El ministro de Asuntos Exteriores de Portugal, Paulo Rangel, ha afirmado que no consideran que la entrada de&hellip;\n","protected":false},"author":2,"featured_media":750075,"comment_status":"","ping_status":"","sticky":false,"template":"","format":"standard","meta":{"footnotes":""},"categories":[5],"tags":[17,18,4486,2125,5089,25,24,13,14,582,11,1458,19,20,4485,44281,9,10,15,16,23,12,1885,21,22],"class_list":["post-750074","post","type-post","status-publish","format-standard","has-post-thumbnail","category-titulares","tag-breaking-news","tag-breakingnews","tag-ceuta","tag-directo","tag-entrada","tag-es","tag-espana","tag-featured-news","tag-featurednews","tag-gobierno","tag-headlines","tag-hora","tag-latest-news","tag-latestnews","tag-marruecos","tag-masiva","tag-news","tag-noticias","tag-noticias-destacadas","tag-noticiasdestacadas","tag-spain","tag-titulares","tag-ultima","tag-ultimas-noticias","tag-ultimasnoticias"],"share_on_mastodon":{"url":"https:\/\/pubeurope.com\/@es\/117221437301154004","error":""},"_links":{"self":[{"href":"https:\/\/www.europesays.com\/es\/wp-json\/wp\/v2\/posts\/750074","targetHints":{"allow":["GET"]}}],"collection":[{"href":"https:\/\/www.europesays.com\/es\/wp-json\/wp\/v2\/posts"}],"about":[{"href":"https:\/\/www.europesays.com\/es\/wp-json\/wp\/v2\/types\/post"}],"author":[{"embeddable":true,"href":"https:\/\/www.europesays.com\/es\/wp-json\/wp\/v2\/users\/2"}],"replies":[{"embeddable":true,"href":"https:\/\/www.europesays.com\/es\/wp-json\/wp\/v2\/comments?post=750074"}],"version-history":[{"count":0,"href":"https:\/\/www.europesays.com\/es\/wp-json\/wp\/v2\/posts\/750074\/revisions"}],"wp:featuredmedia":[{"embeddable":true,"href":"https:\/\/www.europesays.com\/es\/wp-json\/wp\/v2\/media\/750075"}],"wp:attachment":[{"href":"https:\/\/www.europesays.com\/es\/wp-json\/wp\/v2\/media?parent=750074"}],"wp:term":[{"taxonomy":"category","embeddable":true,"href":"https:\/\/www.europesays.com\/es\/wp-json\/wp\/v2\/categories?post=750074"},{"taxonomy":"post_tag","embeddable":true,"href":"https:\/\/www.europesays.com\/es\/wp-json\/wp\/v2\/tags?post=750074"}],"curies":[{"name":"wp","href":"https:\/\/api.w.org\/{rel}","templated":true}]}}