{"id":750076,"date":"2026-09-06T01:15:19","date_gmt":"2026-09-06T01:15:19","guid":{"rendered":"https:\/\/www.europesays.com\/es\/750076\/"},"modified":"2026-09-06T01:15:19","modified_gmt":"2026-09-06T01:15:19","slug":"tres-espanoles-a-la-caza-de-paul-casey-en-el-omega-european-masters","status":"publish","type":"post","link":"https:\/\/www.europesays.com\/es\/750076\/","title":{"rendered":"Tres espa\u00f1oles a la caza de Paul Casey en el Omega European Masters"},"content":{"rendered":"<p>&#13;<br \/>\n        &#13;<br \/>\n&#13;<br \/>\n        &#13;<\/p>\n<p>            <a href=\"https:\/\/www.europesays.com\/es\/wp-content\/uploads\/2026\/09\/elvirasuizadsabado26.jpg\" data-caption=\"Nacho Elvira, tras pegar el segundo golpe en el hoyo 15.\"><img decoding=\"async\" loading=\"lazy\" width=\"1400\" height=\"1050\" class=\"entry-thumb td-modal-image\" src=\"https:\/\/www.europesays.com\/es\/wp-content\/uploads\/2026\/09\/elvirasuizadsabado26.jpg\" alt=\"Nacho Elvira, tras pegar el segundo golpe en el hoyo 15.\" title=\"elvirasuizadsabado26\"\/><\/a>Nacho Elvira, tras pegar el segundo golpe en el hoyo 15.<\/p>\n<p>            \u2013 Paul Casey (-16) es el l\u00edder destacado del Omega European Masters a falta de 18 hoyos. El veterano golfista ingl\u00e9s de 49 a\u00f1os ha firmado una sensacional tarjeta de 63 golpes y ha asaltado la primera posici\u00f3n en solitario con tres de ventaja sobre el sudafricano Erik <\/p>\n<p>Para seguir leyendo, Suscr\u00edbete<\/p>\n<p>    Subscription OptionsMENSUAL<\/p>\n<p>Unlimited  Entradas<\/p>\n<p>Unlimited  Galer\u00edas<\/p>\n<p>Unlimited  \u00c1lbumes<\/p>\n<p>Unlimited  P\u00e1ginas<\/p>\n<p>ANUAL + LIBRO<\/p>\n<p>Unlimited  Entradas<\/p>\n<p>Unlimited  Galer\u00edas<\/p>\n<p>Unlimited  \u00c1lbumes<\/p>\n<p>Unlimited  P\u00e1ginas<\/p>\n<p>ANUAL<\/p>\n<p>Unlimited  Entradas<\/p>\n<p>Unlimited  Galer\u00edas<\/p>\n<p>Unlimited  \u00c1lbumes<\/p>\n<p>Unlimited  P\u00e1ginas<\/p>\n<p>    Recibe 30 mulligans para gastar en <a href=\"https:\/\/thegame.ten-golf.com\" target=\"_blank\" rel=\"nofollow noopener\">TheGame<\/a> junto a tu suscripci\u00f3n anual (al final de la temporada se quitar\u00e1n los mulligans no gastados)<\/p>\n<p>    Pincha <a href=\"https:\/\/ten-golf.com\/tengolf-pone-en-marcha-el-muro-de-pago-y-crea-el-club-tengolf\" target=\"_blank\" rel=\"nofollow noopener\">aqu\u00ed<\/a> para saber m\u00e1s sobre las distintas suscripciones<\/p>\n<p>        &#13;<br \/>\n&#13;<br \/>\n        &#13;<br \/>\n            &#13;<br \/>\n            &#13;<br \/>\n&#13;<\/p>\n<p class=\"join-telegram\"><img decoding=\"async\" class=\"loading\" src=\"https:\/\/www.europesays.com\/es\/wp-content\/uploads\/2026\/09\/1788657319_843_telegram-icon.png\" alt=\"\"\/> S\u00edguenos tambi\u00e9n en <a href=\"https:\/\/telegram.org\/\" target=\"_blank\" style=\"font-weight: normal;\" rel=\"nofollow noopener\">Telegram<\/a> en el canal <a href=\"https:\/\/t.me\/tengolf\" target=\"_blank\" rel=\"nofollow\">@tengolf<\/a><\/p>\n<p>        &#13;<br \/>\n        <a class=\"will-load\" name=\"end-article\" data-id=\"post-225669\"\/>&#13;<\/p>\n","protected":false},"excerpt":{"rendered":"&#13; &#13; &#13; &#13; Nacho Elvira, tras pegar el segundo golpe en el hoyo 15. \u2013 Paul Casey&hellip;\n","protected":false},"author":2,"featured_media":750077,"comment_status":"","ping_status":"","sticky":false,"template":"","format":"standard","meta":{"footnotes":""},"categories":[275],"tags":[26578,168,7316,25,24,50916,329,34402,336,29061,133329,339,340,1909,1910,23,167],"class_list":["post-750076","post","type-post","status-publish","format-standard","has-post-thumbnail","category-golf","tag-angel-ayora","tag-deportes","tag-dp-world-tour","tag-es","tag-espana","tag-eugenio-chacarra","tag-golf","tag-nacho-elvira","tag-notificacion","tag-omega-european-masters","tag-paul-casey","tag-portada-america","tag-portada-global","tag-portada-top","tag-portada-top-america","tag-spain","tag-sports"],"share_on_mastodon":{"url":"https:\/\/pubeurope.com\/@es\/117221453878787794","error":""},"_links":{"self":[{"href":"https:\/\/www.europesays.com\/es\/wp-json\/wp\/v2\/posts\/750076","targetHints":{"allow":["GET"]}}],"collection":[{"href":"https:\/\/www.europesays.com\/es\/wp-json\/wp\/v2\/posts"}],"about":[{"href":"https:\/\/www.europesays.com\/es\/wp-json\/wp\/v2\/types\/post"}],"author":[{"embeddable":true,"href":"https:\/\/www.europesays.com\/es\/wp-json\/wp\/v2\/users\/2"}],"replies":[{"embeddable":true,"href":"https:\/\/www.europesays.com\/es\/wp-json\/wp\/v2\/comments?post=750076"}],"version-history":[{"count":0,"href":"https:\/\/www.europesays.com\/es\/wp-json\/wp\/v2\/posts\/750076\/revisions"}],"wp:featuredmedia":[{"embeddable":true,"href":"https:\/\/www.europesays.com\/es\/wp-json\/wp\/v2\/media\/750077"}],"wp:attachment":[{"href":"https:\/\/www.europesays.com\/es\/wp-json\/wp\/v2\/media?parent=750076"}],"wp:term":[{"taxonomy":"category","embeddable":true,"href":"https:\/\/www.europesays.com\/es\/wp-json\/wp\/v2\/categories?post=750076"},{"taxonomy":"post_tag","embeddable":true,"href":"https:\/\/www.europesays.com\/es\/wp-json\/wp\/v2\/tags?post=750076"}],"curies":[{"name":"wp","href":"https:\/\/api.w.org\/{rel}","templated":true}]}}