{"id":750130,"date":"2026-09-06T02:15:25","date_gmt":"2026-09-06T02:15:25","guid":{"rendered":"https:\/\/www.europesays.com\/es\/750130\/"},"modified":"2026-09-06T02:15:25","modified_gmt":"2026-09-06T02:15:25","slug":"por-que-muchos-medicos-piden-cautela-antes-de-dejar-la-medicacion-contra-la-depresion","status":"publish","type":"post","link":"https:\/\/www.europesays.com\/es\/750130\/","title":{"rendered":"Por qu\u00e9 muchos m\u00e9dicos piden cautela antes de dejar la medicaci\u00f3n contra la depresi\u00f3n"},"content":{"rendered":"<p class=\"paragraph font__body-regular\">Millones de personas conviven todos los d\u00edas con un <a href=\"https:\/\/tn.com.ar\/salud\/bienestar\/2026\/05\/12\/depresion-silenciosa-sonrie-trabaja-y-sigue-adelante-pero-por-dentro-se-derrumba\/\" target=\"_blank\" rel=\"noreferrer nofollow noopener\" title=\"https:\/\/tn.com.ar\/salud\/bienestar\/2026\/05\/12\/depresion-silenciosa-sonrie-trabaja-y-sigue-adelante-pero-por-dentro-se-derrumba\/\"><b>antidepresivo<\/b><\/a> y, tarde o temprano, se hacen la misma pregunta: <b>\u00bfhasta cu\u00e1ndo hay que seguir tom\u00e1ndolo? <\/b>Esa duda volvi\u00f3 a instalarse con fuerza a partir de un giro en la pol\u00edtica sanitaria de Estados Unidos \u2014donde toma antidepresivos casi uno de cada seis adultos\u2014, luego de que funcionarios impulsaran bajar la prescripci\u00f3n de estos f\u00e1rmacos y empujaran a que quienes los usan desde hace a\u00f1os <b>eval\u00faen discontinuarlos<\/b>. <\/p>\n<p class=\"paragraph font__body-regular\">La propuesta suena tentadora para muchos pacientes cansados de la medicaci\u00f3n, pero especialistas en salud mental salen al cruce con una advertencia clave: bajar la dosis o suspenderla de un d\u00eda para el otro <b>puede traer m\u00e1s complicaciones que alivio.<\/b><\/p>\n<p>Un cuerpo que reclama tiempo<\/p>\n<p class=\"paragraph font__body-regular\">La evidencia cient\u00edfica m\u00e1s reciente respalda esa cautela. Un metaan\u00e1lisis publicado en 2024 en la revista The Lancet Psychiatry, que reuni\u00f3 informaci\u00f3n de m\u00e1s de 21.000 pacientes en 79 estudios, encontr\u00f3 que un tercio de quienes dejan un antidepresivo atraviesa al menos <b>un s\u00edntoma vinculado al corte<\/b>, como mareos, n\u00e1useas, insomnio o irritabilidad. <\/p>\n<p class=\"paragraph font__body-regular\">Sin embargo, ese n\u00famero se relativiza al comparar con el grupo placebo: 17% de las personas que interrumpieron una pastilla sin principio activo <b>report\u00f3 molestias similares,<\/b> lo que llev\u00f3 a los investigadores alemanes a estimar que apenas un 15% de los cuadros \u2014es decir, uno de cada seis o siete pacientes\u2014 responde realmente a la ausencia del f\u00e1rmaco. Los s\u00edntomas severos, remarca el trabajo, son mucho m\u00e1s infrecuentes.<\/p>\n<p class=\"paragraph font__body-regular\">Entre las molestias m\u00e1s habituales que describen quienes atraviesan este proceso se cuentan:<\/p>\n<ul class=\"ul__list list\">\n<li class=\"list__item\">Mareos, v\u00e9rtigo y sensaci\u00f3n de inestabilidad<\/li>\n<li class=\"list__item\">N\u00e1useas y malestar general, similar a un cuadro gripal<\/li>\n<li class=\"list__item\">Irritabilidad, ansiedad o dificultad para concentrarse<\/li>\n<li class=\"list__item\">Sensaciones el\u00e9ctricas breves, sobre todo en la nuca o la cabeza<\/li>\n<\/ul>\n<p>La chance de volver a caer<\/p>\n<p class=\"paragraph font__body-regular\">M\u00e1s all\u00e1 del malestar f\u00edsico, el riesgo que m\u00e1s preocupa a los profesionales es otro: <b>la reca\u00edda depresiva<\/b>. Seg\u00fan explic\u00f3 Christopher Schneck, psiquiatra, profesor en la Facultad de Medicina Anschutz de la Universidad de Colorado y director m\u00e9dico del Centro de Depresi\u00f3n Helen y Arthur E. Johnson, en Estados Unidos, las chances de volver a atravesar un episodio depresivo dependen directamente de cu\u00e1ntas veces ya se atraves\u00f3 uno. <\/p>\n<p class=\"paragraph font__body-regular\">Con un solo antecedente, la probabilidad ronda el 50%; con dos, trepa a 65%; y<b> con tres o m\u00e1s episodios previos sube hasta 90%<\/b>. \u201cEs casi seguro que haya una reca\u00edda depresiva\u201d, sostuvo el especialista sobre ese \u00faltimo escenario.<\/p>\n<p><img decoding=\"async\" loading=\"lazy\" fetchpriority=\"low\" data-testid=\"loading-testid\" class=\"image content-image image_placeholder\" alt=\"La consulta con el psiquiatra ayuda a expresar lo que se siente. (Foto: Adobe Stock)\" width=\"767\" height=\"421\" src=\"https:\/\/www.europesays.com\/es\/wp-content\/uploads\/2026\/09\/la-consulta-con-el-psiquiatra-ayuda-a-expresar-lo-que-se-siente-foto-adobe-stock-YQ5ZFUOOLZB3ZM7C4KI.jpeg\"\/><\/p>\n<p>La consulta con el psiquiatra ayuda a expresar lo que se siente. (Foto: Adobe Stock)<\/p>\n<p class=\"paragraph font__body-regular\">Por eso, el especialista remarca que <b>dejar la medicaci\u00f3n jam\u00e1s deber\u00eda ser una decisi\u00f3n apurada ni unilateral,<\/b> sino algo consensuado entre el paciente y su equipo tratante, con seguimiento cercano durante las semanas posteriores al cambio.<\/p>\n<p>Qu\u00e9 otras herramientas ofrece la medicina<\/p>\n<p class=\"paragraph font__body-regular\">Frente al impulso oficial de reducir recetas, la comunidad cient\u00edfica no niega que existan caminos complementarios:<b> psicoterapia<\/b>, actividad f\u00edsica regular, mejoras en el sue\u00f1o y en la alimentaci\u00f3n, e incluso t\u00e9cnicas m\u00e1s recientes como la <b>estimulaci\u00f3n magn\u00e9tica transcraneal<\/b>, la ketamina o la terapia electroconvulsiva. <\/p>\n<p class=\"paragraph font__body-regular\">Sin embargo, remarcan que <b>ninguna de estas opciones reemplaza autom\u00e1ticamente a la medicaci\u00f3n<\/b> en todos los casos, y que el verdadero obst\u00e1culo suele estar en el acceso: falta de turnos, profesionales insuficientes o coberturas de salud que no cubren las sesiones necesarias. Seg\u00fan plante\u00f3 Schneck, no alcanza con que existan m\u00faltiples alternativas a los f\u00e1rmacos si despu\u00e9s el sistema no garantiza el acceso real a ellas.<\/p>\n<p class=\"paragraph font__body-regular\">En esa misma l\u00ednea se pronunci\u00f3 la Asociaci\u00f3n Estadounidense de Psiquiatr\u00eda, que agrupa a 40.000 profesionales: la entidad celebr\u00f3 que se destinen m\u00e1s recursos a la investigaci\u00f3n sobre prescripci\u00f3n y desprescripci\u00f3n, pero <b>rechaz\u00f3 de plano que la crisis de salud mental se reduzca a un problema de \u201csobremedicalizaci\u00f3n\u201d<\/b>, ya que buena parte de la poblaci\u00f3n todav\u00eda no logra acceder a una atenci\u00f3n oportuna e integral.<\/p>\n<p class=\"paragraph font__body-regular\"><b>Lee tambi\u00e9n <\/b><a href=\"https:\/\/tn.com.ar\/salud\/bienestar\/2025\/11\/20\/psiquiatria-de-precision-una-nueva-era-para-la-salud-mental\/\" rel=\"nofollow noopener\" title=\"https:\/\/tn.com.ar\/salud\/bienestar\/2025\/11\/20\/psiquiatria-de-precision-una-nueva-era-para-la-salud-mental\/\" target=\"_blank\"><b>Psiquiatr\u00eda de precisi\u00f3n, una nueva era para la salud menta<\/b><\/a><a href=\"https:\/\/tn.com.ar\/salud\/bienestar\/2025\/11\/20\/psiquiatria-de-precision-una-nueva-era-para-la-salud-mental\/\" rel=\"nofollow noopener\" title=\"https:\/\/tn.com.ar\/salud\/bienestar\/2025\/11\/20\/psiquiatria-de-precision-una-nueva-era-para-la-salud-mental\/\" target=\"_blank\"><b>l<\/b><\/a><\/p>\n<p class=\"paragraph font__body-regular\">Para reducir al m\u00ednimo las molestias de una eventual suspensi\u00f3n, los especialistas recomiendan un m\u00e9todo conocido como <b>reducci\u00f3n hiperb\u00f3lica<\/b>:<b> bajar la dosis de forma muy gradual, <\/b>en pasos cada vez m\u00e1s peque\u00f1os, en lugar de cortar de golpe. La recomendaci\u00f3n de fondo, coinciden todos, es la misma: ninguna decisi\u00f3n sobre estos f\u00e1rmacos deber\u00eda tomarse en soledad ni por fuera del consultorio.<\/p>\n","protected":false},"excerpt":{"rendered":"Millones de personas conviven todos los d\u00edas con un antidepresivo y, tarde o temprano, se hacen la misma&hellip;\n","protected":false},"author":2,"featured_media":750131,"comment_status":"","ping_status":"","sticky":false,"template":"","format":"standard","meta":{"footnotes":""},"categories":[92],"tags":[2378,25,24,165,27466,44517,166,23],"class_list":["post-750130","post","type-post","status-publish","format-standard","has-post-thumbnail","category-salud","tag-depresion","tag-es","tag-espana","tag-health","tag-medicacion","tag-psiquiatra","tag-salud","tag-spain"],"share_on_mastodon":{"url":"https:\/\/pubeurope.com\/@es\/117221688757169755","error":""},"_links":{"self":[{"href":"https:\/\/www.europesays.com\/es\/wp-json\/wp\/v2\/posts\/750130","targetHints":{"allow":["GET"]}}],"collection":[{"href":"https:\/\/www.europesays.com\/es\/wp-json\/wp\/v2\/posts"}],"about":[{"href":"https:\/\/www.europesays.com\/es\/wp-json\/wp\/v2\/types\/post"}],"author":[{"embeddable":true,"href":"https:\/\/www.europesays.com\/es\/wp-json\/wp\/v2\/users\/2"}],"replies":[{"embeddable":true,"href":"https:\/\/www.europesays.com\/es\/wp-json\/wp\/v2\/comments?post=750130"}],"version-history":[{"count":0,"href":"https:\/\/www.europesays.com\/es\/wp-json\/wp\/v2\/posts\/750130\/revisions"}],"wp:featuredmedia":[{"embeddable":true,"href":"https:\/\/www.europesays.com\/es\/wp-json\/wp\/v2\/media\/750131"}],"wp:attachment":[{"href":"https:\/\/www.europesays.com\/es\/wp-json\/wp\/v2\/media?parent=750130"}],"wp:term":[{"taxonomy":"category","embeddable":true,"href":"https:\/\/www.europesays.com\/es\/wp-json\/wp\/v2\/categories?post=750130"},{"taxonomy":"post_tag","embeddable":true,"href":"https:\/\/www.europesays.com\/es\/wp-json\/wp\/v2\/tags?post=750130"}],"curies":[{"name":"wp","href":"https:\/\/api.w.org\/{rel}","templated":true}]}}