{"id":750162,"date":"2026-09-06T02:40:41","date_gmt":"2026-09-06T02:40:41","guid":{"rendered":"https:\/\/www.europesays.com\/es\/750162\/"},"modified":"2026-09-06T02:40:41","modified_gmt":"2026-09-06T02:40:41","slug":"ocurrio-en-pleno-eclipse-solar-un-asteroide-del-tamano-de-un-autobus-paso-a-una-distancia-critica-de-la-tierra","status":"publish","type":"post","link":"https:\/\/www.europesays.com\/es\/750162\/","title":{"rendered":"Ocurri\u00f3 en pleno eclipse solar: un asteroide del tama\u00f1o de un autob\u00fas pas\u00f3 a una distancia cr\u00edtica de la Tierra"},"content":{"rendered":"<p class=\"ft-text\">Espa\u00f1a vivi\u00f3 el pasado <strong>12 de agosto<\/strong> uno de los fen\u00f3menos astron\u00f3micos m\u00e1s esperados de los \u00faltimos a\u00f1os: un<a class=\"ft-link ft-link--decoration\" href=\"https:\/\/www.elperiodico.com\/es\/sociedad\/20260812\/eclipse-espana-deslumbra-regala-noche-fugaz-asombrosa-133300647\" rel=\"nofollow noopener\" target=\"_blank\"><strong> eclipse solar total<\/strong><\/a> que convirti\u00f3 durante unos minutos el d\u00eda en noche y dej\u00f3 <a class=\"ft-link ft-link--decoration\" href=\"https:\/\/www.elperiodico.com\/es\/fotos\/sociedad\/impresionantes-imagenes-eclipse-solar-total-espana-133303478\" rel=\"nofollow noopener\" target=\"_blank\">im\u00e1genes sorprendentes<\/a> y <a class=\"ft-link ft-link--decoration\" href=\"https:\/\/www.elperiodico.com\/es\/sociedad\/20260813\/eclipse-solar-pedida-matrimonio-video-dv-133321222\" rel=\"nofollow noopener\" target=\"_blank\">situaciones in\u00e9ditas<\/a> en distintos lugares dentro y fuera del pa\u00eds. Mientras miles de personas dirig\u00edan la mirada hacia el cielo para contemplar c\u00f3mo la Luna ocultaba por completo el Sol,<strong> otro acontecimiento astron\u00f3mico <\/strong>hab\u00eda tenido lugar horas antes, y <strong>mucho m\u00e1s cerca de la Tierra de lo que cabr\u00eda imaginar.<\/strong><\/p>\n<p class=\"ft-text\">Un <strong>asteroide de unos 10 metros<\/strong> de di\u00e1metro, equivalente a un <strong>autob\u00fas est\u00e1ndar<\/strong>, aunque <strong>considerado de tama\u00f1o peque\u00f1o por los astr\u00f3nomos<\/strong>, pas\u00f3 durante la madrugada de ese mismo d\u00eda a tan solo<strong> 14.573 kil\u00f3metros de la superficie terrestre<\/strong>, seg\u00fan <a class=\"ft-link ft-link--decoration\" href=\"https:\/\/www.iac.es\/es\/divulgacion\/noticias\/el-telescopio-del-iac-atlas-teide-descubre-un-asteroide-de-10-metros-de-diametro-que-paso-rozando-la?base_route_name=entity.node.canonical&amp;overridden_route_name=entity.node.canonical&amp;page_manager_page=node_view&amp;page_manager_page_variant=node_view-panels_variant-2&amp;page_manager_page_variant_weight=-4\" rel=\"nofollow noopener\" target=\"_blank\">ha informado el Instituto de Astrof\u00edsica de Canarias (IAC)<\/a>. Bautizado como <strong>2026 PC6<\/strong>, se trata del asteroide que ha registrado el encuentro m\u00e1s cercano con nuestro planeta en lo que va de 2026.<\/p>\n<p>Relativamente cerca de la Tierra<\/p>\n<p class=\"ft-text\">El objeto fue detectado por el <strong>sistema de defensa planetaria Atlas-Teide<\/strong>, instalado en el Observatorio del Teide por el IAC y operado en cooperaci\u00f3n con la Universidad de Haw\u00e1i. El telescopio capt\u00f3 el asteroide el <strong>11 de agosto a las 3.30<\/strong>, hora peninsular espa\u00f1ola, apenas un d\u00eda antes de su aproximaci\u00f3n m\u00e1xima. <\/p>\n<p class=\"ft-text\">En concreto, el asteroide alcanz\u00f3 su <strong>punto m\u00e1s cercano a la Tierra a la 1.50 de la madrugada del 12 de agosto<\/strong>, cuando se encontraba a 14.573 kil\u00f3metros de la superficie, una distancia que equivale a <strong>menos de una vig\u00e9sima parte <\/strong>de la que separa la Tierra de la Luna.<\/p>\n<p>Alta velocidad<\/p>\n<p class=\"ft-text\">A esa distancia, el asteroide lleg\u00f3 incluso a <strong>cruzar la \u00f3rbita de los sat\u00e9lites artificiales geoestacionarios<\/strong>. Durante su m\u00e1xima aproximaci\u00f3n atraves\u00f3 el cielo a una velocidad superior a los dos grados por minuto, es decir, <strong>\u00aben un minuto recorri\u00f3 la distancia que supondr\u00eda tener cuatro lunas juntas\u00bb<\/strong>, aclara el IAC. Este fue un desplazamiento especialmente r\u00e1pido debido a su proximidad a nuestro planeta. El objeto lleg\u00f3 a alcanzar una <strong>magnitud 10<\/strong>, lo que permiti\u00f3 observarlo con peque\u00f1os telescopios, aunque \u00fanicamente desde el hemisferio sur. <\/p>\n<p class=\"ft-text\">Pese a la proximidad, el asteroide<strong> no supuso ning\u00fan riesgo de impacto<\/strong> contra la Tierra. El 2026 PC6 continu\u00f3 su trayectoria prevista y se alej\u00f3 del planeta sin causar ning\u00fan incidente. <\/p>\n<p>La importancia de vigilar el cielo<\/p>\n<p class=\"ft-text\">El descubrimiento pone de manifiesto precisamente la <strong>dificultad que entra\u00f1a detectar este tipo de cuerpos<\/strong>. Javier Licandro, investigador del IAC e investigador principal de Atlas-Teide, se\u00f1ala que \u00abobjetos como 2026 PC6 son precisamente el objetivo prioritario del sistema Atlas: <strong>descubrir a los cuerpos peque\u00f1os, oscuros y veloces que se aproximan mucho a la Tierra <\/strong>y que, por su reducido tama\u00f1o, resultan invisibles hasta muy poco antes, o incluso despu\u00e9s, de su m\u00e1xima aproximaci\u00f3n\u00bb.<\/p>\n<p class=\"ft-text\">Aunque un asteroide de las dimensiones de 2026 PC6 se desintegrar\u00eda en gran parte al atravesar la atm\u00f3sfera, el IAC advierte de que <strong>una entrada a \u00abhipervelocidad\u00bb podr\u00eda generar una potente onda de choque con capacidad para provocar da\u00f1os.<\/strong> El instituto recuerda como <strong>precedente el <\/strong><a class=\"ft-link ft-link--decoration\" href=\"https:\/\/www.elperiodico.com\/es\/sociedad\/20130216\/meteorito-causa-urales-mayor-explosion-2319884\" rel=\"nofollow noopener\" target=\"_blank\"><strong>acontecimiento de Cheli\u00e1binsk<\/strong><\/a><a class=\"ft-link ft-link--decoration\" href=\"https:\/\/www.elperiodico.com\/es\/sociedad\/20130216\/meteorito-causa-urales-mayor-explosion-2319884\" rel=\"nofollow noopener\" target=\"_blank\">, ocurrido en Rusia en 2013<\/a>, cuando un objeto de tama\u00f1o similarmente peque\u00f1o entr\u00f3 en la atm\u00f3sfera y produjo importantes da\u00f1os.<\/p>\n<p class=\"ft-text\">Es por eso que el \u00ab2026 PC6 es exactamente la clase de objeto para la que se construy\u00f3 Atlas-Teide: peque\u00f1o, muy cercano y <strong>dif\u00edcil de ver.<\/strong> Haberlo descubierto y haber permitido que la extensa red de telescopios a nivel mundial dedicada a la<strong> defensa planetaria<\/strong> siguiera su trayectoria, demuestra que Atlas-Teide cumple la funci\u00f3n para la que se dise\u00f1\u00f3, que no es otra que <strong>vigilar el cielo para darnos el aviso m\u00e1s temprano posible ante un posible impacto\u00bb<\/strong>, se\u00f1ala Licandro.<\/p>\n","protected":false},"excerpt":{"rendered":"Espa\u00f1a vivi\u00f3 el pasado 12 de agosto uno de los fen\u00f3menos astron\u00f3micos m\u00e1s esperados de los \u00faltimos a\u00f1os:&hellip;\n","protected":false},"author":2,"featured_media":750163,"comment_status":"","ping_status":"","sticky":false,"template":"","format":"standard","meta":{"footnotes":""},"categories":[81],"tags":[133341,40310,119,123,124,4482,32994,30257,25,24,50513,117,121,122,2829,5653,23,118,120,1934],"class_list":["post-750162","post","type-post","status-publish","format-standard","has-post-thumbnail","category-ciencia-y-tecnologia","tag-2026-pc6","tag-asteroide","tag-ciencia","tag-ciencia-y-tecnologia","tag-cienciaytecnologia","tag-dv","tag-eclipse","tag-eclipses","tag-es","tag-espana","tag-iac","tag-science","tag-science-and-technology","tag-scienceandtechnology","tag-sol","tag-solar","tag-spain","tag-technology","tag-tecnologia","tag-tierra"],"share_on_mastodon":{"url":"https:\/\/pubeurope.com\/@es\/117221787257288270","error":""},"_links":{"self":[{"href":"https:\/\/www.europesays.com\/es\/wp-json\/wp\/v2\/posts\/750162","targetHints":{"allow":["GET"]}}],"collection":[{"href":"https:\/\/www.europesays.com\/es\/wp-json\/wp\/v2\/posts"}],"about":[{"href":"https:\/\/www.europesays.com\/es\/wp-json\/wp\/v2\/types\/post"}],"author":[{"embeddable":true,"href":"https:\/\/www.europesays.com\/es\/wp-json\/wp\/v2\/users\/2"}],"replies":[{"embeddable":true,"href":"https:\/\/www.europesays.com\/es\/wp-json\/wp\/v2\/comments?post=750162"}],"version-history":[{"count":0,"href":"https:\/\/www.europesays.com\/es\/wp-json\/wp\/v2\/posts\/750162\/revisions"}],"wp:featuredmedia":[{"embeddable":true,"href":"https:\/\/www.europesays.com\/es\/wp-json\/wp\/v2\/media\/750163"}],"wp:attachment":[{"href":"https:\/\/www.europesays.com\/es\/wp-json\/wp\/v2\/media?parent=750162"}],"wp:term":[{"taxonomy":"category","embeddable":true,"href":"https:\/\/www.europesays.com\/es\/wp-json\/wp\/v2\/categories?post=750162"},{"taxonomy":"post_tag","embeddable":true,"href":"https:\/\/www.europesays.com\/es\/wp-json\/wp\/v2\/tags?post=750162"}],"curies":[{"name":"wp","href":"https:\/\/api.w.org\/{rel}","templated":true}]}}