{"id":750168,"date":"2026-09-06T02:43:17","date_gmt":"2026-09-06T02:43:17","guid":{"rendered":"https:\/\/www.europesays.com\/es\/750168\/"},"modified":"2026-09-06T02:43:17","modified_gmt":"2026-09-06T02:43:17","slug":"jaen-despide-a-su-ultimo-tren-directo-con-madrid","status":"publish","type":"post","link":"https:\/\/www.europesays.com\/es\/750168\/","title":{"rendered":"Ja\u00e9n despide a su \u00faltimo tren directo con Madrid"},"content":{"rendered":"<p class=\"paragraph-atom &#10;        A-500-300-700-N A-550-300-700-N--md  \">\n                    Este s\u00e1bado es el <strong>\u00faltimo d\u00eda en el que circula un tren por la provincia de Ja\u00e9n<\/strong>. Desde el domingo Renfe elimina los trayectos a Madrid por la ejecuci\u00f3n de unas<strong> obras en la red ferroviaria<\/strong>. Las obras durar\u00e1n, al menos, un a\u00f1o. <strong>Plataformas ciudadanas de Andaluc\u00eda y de Castilla La Mancha <\/strong>se han concentrado en la <strong>estaci\u00f3n de Linares Baeza<\/strong> para protestar por la medida y reivindicar la importancia del tren.\n            <\/p>\n<p class=\"paragraph-atom &#10;        A-500-300-700-N A-550-300-700-N--md  \">\n                    Al acto han acudido tambi\u00e9n<strong> vecinos y autoridades de los pueblos de la zona<\/strong>, como la alcaldesa de Linares, Auxiliadora del Olmo, y los alcaldes de Guadix, Jes\u00fas Lorente, y de Almuradiel, Braulio Egidio.\n            <\/p>\n<p class=\"paragraph-atom &#10;        A-500-300-700-N A-550-300-700-N--md  \">\n                    Todos han denunciado que la provincia lleva sufriendo<strong> tres d\u00e9cadas con un desmantelamiento progresivo del 90 por ciento de sus conexiones ferroviarias<\/strong>. En el \u00faltimo a\u00f1o solo eran tres las l\u00edneas que la conectaban con el resto de Espa\u00f1a.  En el caso del media distancia Ja\u00e9n-C\u00e1diz, tras los da\u00f1os en las infraestructuras provocados por las borrascas de principios de a\u00f1o parte de su recorrido se hab\u00eda convertido en un viaje en autob\u00fas hasta C\u00f3rdoba. Solo quedaban el Ja\u00e9n-Madrid o el Almer\u00eda-Madrid, que se cog\u00eda en la estaci\u00f3n Linares-Baeza. Algo que se acaba ahora y durante, al menos, un a\u00f1o.\n            <\/p>\n<p class=\"paragraph-atom &#10;        A-500-300-700-N A-550-300-700-N--md  \">\n                    Ja\u00e9n se convierte as\u00ed en una provincia de <strong>transbordos masivos por carretera para poder entrar o salir a otra provincia lim\u00edtrofe o a otra comunidad<\/strong>. Hasta tres medios de transporte tendr\u00e1n que coger algunos jiennenses para viajar a la capital de Espa\u00f1a, despu\u00e9s de que Renfe haya establecido un servicio de taxis hasta los apeaderos de autobuses.\n            <\/p>\n<p class=\"paragraph-atom &#10;        A-500-300-700-N A-550-300-700-N--md  \">\n                    <strong>Desaparece tambi\u00e9n el transporte de mercancias por v\u00eda f\u00e9rrea<\/strong>. Es la gota que ha colmado el vaso de quienes protestan desde hace a\u00f1os por el <strong>aislamiento ferroviario<\/strong> de una provincia que lleg\u00f3 a ser el eje de todas las conexiones entre Andaluc\u00eda y el resto del pa\u00eds.\n            <\/p>\n","protected":false},"excerpt":{"rendered":"Este s\u00e1bado es el \u00faltimo d\u00eda en el que circula un tren por la provincia de Ja\u00e9n. Desde&hellip;\n","protected":false},"author":2,"featured_media":750169,"comment_status":"","ping_status":"","sticky":false,"template":"","format":"standard","meta":{"footnotes":""},"categories":[8],"tags":[17,18,6193,2125,25,24,13,14,11,3619,19,20,9,10,15,16,23,12,15865,21,22,3667],"class_list":["post-750168","post","type-post","status-publish","format-standard","has-post-thumbnail","category-espana","tag-breaking-news","tag-breakingnews","tag-despide","tag-directo","tag-es","tag-espana","tag-featured-news","tag-featurednews","tag-headlines","tag-jaen","tag-latest-news","tag-latestnews","tag-news","tag-noticias","tag-noticias-destacadas","tag-noticiasdestacadas","tag-spain","tag-titulares","tag-tren","tag-ultimas-noticias","tag-ultimasnoticias","tag-ultimo"],"share_on_mastodon":{"url":"https:\/\/pubeurope.com\/@es\/117221799021984439","error":""},"_links":{"self":[{"href":"https:\/\/www.europesays.com\/es\/wp-json\/wp\/v2\/posts\/750168","targetHints":{"allow":["GET"]}}],"collection":[{"href":"https:\/\/www.europesays.com\/es\/wp-json\/wp\/v2\/posts"}],"about":[{"href":"https:\/\/www.europesays.com\/es\/wp-json\/wp\/v2\/types\/post"}],"author":[{"embeddable":true,"href":"https:\/\/www.europesays.com\/es\/wp-json\/wp\/v2\/users\/2"}],"replies":[{"embeddable":true,"href":"https:\/\/www.europesays.com\/es\/wp-json\/wp\/v2\/comments?post=750168"}],"version-history":[{"count":0,"href":"https:\/\/www.europesays.com\/es\/wp-json\/wp\/v2\/posts\/750168\/revisions"}],"wp:featuredmedia":[{"embeddable":true,"href":"https:\/\/www.europesays.com\/es\/wp-json\/wp\/v2\/media\/750169"}],"wp:attachment":[{"href":"https:\/\/www.europesays.com\/es\/wp-json\/wp\/v2\/media?parent=750168"}],"wp:term":[{"taxonomy":"category","embeddable":true,"href":"https:\/\/www.europesays.com\/es\/wp-json\/wp\/v2\/categories?post=750168"},{"taxonomy":"post_tag","embeddable":true,"href":"https:\/\/www.europesays.com\/es\/wp-json\/wp\/v2\/tags?post=750168"}],"curies":[{"name":"wp","href":"https:\/\/api.w.org\/{rel}","templated":true}]}}