{"id":75020,"date":"2025-08-27T05:49:19","date_gmt":"2025-08-27T05:49:19","guid":{"rendered":"https:\/\/www.europesays.com\/es\/75020\/"},"modified":"2025-08-27T05:49:19","modified_gmt":"2025-08-27T05:49:19","slug":"buena-jornada-para-la-escuela-municipal-de-handball","status":"publish","type":"post","link":"https:\/\/www.europesays.com\/es\/75020\/","title":{"rendered":"Buena jornada para la Escuela Municipal de Handball"},"content":{"rendered":"<p>        <a href=\"https:\/\/www.inscribite21.com.ar\/\" rel=\"nofollow noopener\" target=\"_blank\"><img loading=\"lazy\" decoding=\"async\" class=\"alignnone size-full wp-image-139369\" src=\"https:\/\/www.europesays.com\/es\/wp-content\/uploads\/2025\/08\/sigloxx1-12.gif\" alt=\"\" width=\"640\" height=\"96\"\/><\/a><\/p>\n<p><img fetchpriority=\"high\" decoding=\"async\" class=\"alignnone size-full wp-image-167870\" src=\"https:\/\/www.europesays.com\/es\/wp-content\/uploads\/2025\/08\/0577b391-66a6-48c0-94b1-ccfea0e55bd0.jpg\" alt=\"\" width=\"640\" height=\"396\"  \/><\/p>\n<p>El \u00faltimo domingo 24 la Escuela Municipal afront\u00f3 un largo viaje al centro de la provincia de Buenos Aires, partiendo desde Mercedes de madrugada para tener como destino Olavarr\u00eda, donde el rival fue Estudiantes en medio de una larga jornada.<\/p>\n<p>Los cruces correspondieron a la segunda fecha de la S\u00faper Liga de AsAmBal, con marcadores que dejaron bien parado a los conjuntos mercedinos. Ganado cinco encuentros, hubo un empate y fueron cinco los traspi\u00e9s, sin existir grandes diferencias en los tanteadores.<\/p>\n<p>Lo que viene, por la tercera fecha, este domingo 31 de agosto como local la Escuela Municipal recibir\u00e1 a Tapalqu\u00e9 en la continuidad de la S\u00faper Liga. El detalle de lo ocurrido en Olavarr\u00eda a continuaci\u00f3n:<\/p>\n<p><img loading=\"lazy\" decoding=\"async\" class=\"alignnone size-full wp-image-167871\" src=\"https:\/\/www.europesays.com\/es\/wp-content\/uploads\/2025\/08\/538915338_18020476853729438_8578587262667302893_n.jpg\" alt=\"\" width=\"640\" height=\"464\"  \/><br \/><strong><br \/>Resultados<\/strong><br \/>Infantil femenino<br \/>Estudiantes 0 \u2013 EMH 4 (3-7, 4-10, 6-12 y 3-5).<\/p>\n<p>Infantil mixto<br \/>Estudiantes 2 \u2013 EMH 2 (8-9, 3-4, 9-5 y 8-7).<\/p>\n<p>Infantil masculino<br \/>Estudiantes 4 \u2013EMH 0 (8-6, 4-3, 12-3 y 11-4).<\/p>\n<p>Alevin femenino<br \/>Estudiantes 23 \u2013 EMH 41.<\/p>\n<p>Menores femenino<br \/>Estudiantes 24 \u2013 EMH 40.<\/p>\n<p>Menores masculino<br \/>Estudiantes 33 \u2013 EMH 21.<\/p>\n<p>Cadetes femenino<br \/>Estudiantes 18 \u2013 EMH 19.<\/p>\n<p><img loading=\"lazy\" decoding=\"async\" class=\"alignnone size-full wp-image-167872\" src=\"https:\/\/www.europesays.com\/es\/wp-content\/uploads\/2025\/08\/988d20ef-e9fc-4f32-8bf2-d1c0cbeb56dc.jpg\" alt=\"\" width=\"640\" height=\"384\"  \/><\/p>\n<p>Cadetes masculino<br \/>Estudiantes 26 \u2013 EMH 29.<\/p>\n<p>Juveniles masculino<br \/>Estudiantes 48 \u2013 EMH 35.<\/p>\n<p>Primera femenina<br \/>Estudiantes 27 \u2013 EMH 14.<\/p>\n<p>Primera masculina<br \/>Estudiantes 29 \u2013 EMH 20.<\/p>\n","protected":false},"excerpt":{"rendered":"El \u00faltimo domingo 24 la Escuela Municipal afront\u00f3 un largo viaje al centro de la provincia de Buenos&hellip;\n","protected":false},"author":2,"featured_media":75021,"comment_status":"","ping_status":"","sticky":false,"template":"","format":"standard","meta":{"footnotes":""},"categories":[278],"tags":[16161,376,168,29260,25,16162,24,375,23,167,29261],"class_list":{"0":"post-75020","1":"post","2":"type-post","3":"status-publish","4":"format-standard","5":"has-post-thumbnail","7":"category-balonmano","8":"tag-asambal","9":"tag-balonmano","10":"tag-deportes","11":"tag-emh","12":"tag-es","13":"tag-escuela-municipal-de-handball","14":"tag-espana","15":"tag-handball","16":"tag-spain","17":"tag-sports","18":"tag-super-liga-asambal"},"share_on_mastodon":{"url":"","error":""},"_links":{"self":[{"href":"https:\/\/www.europesays.com\/es\/wp-json\/wp\/v2\/posts\/75020","targetHints":{"allow":["GET"]}}],"collection":[{"href":"https:\/\/www.europesays.com\/es\/wp-json\/wp\/v2\/posts"}],"about":[{"href":"https:\/\/www.europesays.com\/es\/wp-json\/wp\/v2\/types\/post"}],"author":[{"embeddable":true,"href":"https:\/\/www.europesays.com\/es\/wp-json\/wp\/v2\/users\/2"}],"replies":[{"embeddable":true,"href":"https:\/\/www.europesays.com\/es\/wp-json\/wp\/v2\/comments?post=75020"}],"version-history":[{"count":0,"href":"https:\/\/www.europesays.com\/es\/wp-json\/wp\/v2\/posts\/75020\/revisions"}],"wp:featuredmedia":[{"embeddable":true,"href":"https:\/\/www.europesays.com\/es\/wp-json\/wp\/v2\/media\/75021"}],"wp:attachment":[{"href":"https:\/\/www.europesays.com\/es\/wp-json\/wp\/v2\/media?parent=75020"}],"wp:term":[{"taxonomy":"category","embeddable":true,"href":"https:\/\/www.europesays.com\/es\/wp-json\/wp\/v2\/categories?post=75020"},{"taxonomy":"post_tag","embeddable":true,"href":"https:\/\/www.europesays.com\/es\/wp-json\/wp\/v2\/tags?post=75020"}],"curies":[{"name":"wp","href":"https:\/\/api.w.org\/{rel}","templated":true}]}}