{"id":750204,"date":"2026-09-06T03:25:15","date_gmt":"2026-09-06T03:25:15","guid":{"rendered":"https:\/\/www.europesays.com\/es\/750204\/"},"modified":"2026-09-06T03:25:15","modified_gmt":"2026-09-06T03:25:15","slug":"casado-se-estrena-en-una-noche-de-locura-le-va-a-requerir-un-tiempo","status":"publish","type":"post","link":"https:\/\/www.europesays.com\/es\/750204\/","title":{"rendered":"Casad\u00f3 se estrena en una noche de locura: \u00abLe va a requerir un tiempo\u00bb"},"content":{"rendered":"<p class=\"ft-text\">Con el &#8216;6&#8217; a la espalda, <a class=\"ft-link ft-link--decoration\" href=\"https:\/\/www.sport.es\/es\/noticias\/barca\/freneticas-horas-llevaron-casado-deportivo-133870019\" rel=\"nofollow noopener\" target=\"_blank\"><strong>Marc Casad\u00f3<\/strong><\/a> debut\u00f3 con el <strong>D\u00e9por<\/strong>. El de Sant Pere de Vilamajor, cul\u00e9 de cuna, ten\u00eda asumido que deb\u00eda buscar una salida al no entrar en los planes de <a class=\"ft-link ft-link--decoration\" href=\"https:\/\/www.sport.es\/es\/noticias\/barca\/flick-tirara-fondo-armario-mestalla-133989142\" rel=\"nofollow noopener\" target=\"_blank\"><strong>Hansi Flick<\/strong><\/a>. Contaba con propuestas fara\u00f3nicas procedentes de <strong>Turqu\u00eda y Arabia Saud\u00ed<\/strong>, adem\u00e1s del inter\u00e9s de un <strong>Bayer Leverkusen <\/strong>ahora entrenado por <strong>Carles Mart\u00ednez,<\/strong> a quien ya tuvo en <strong>La Masia<\/strong>. Sin embargo, acab\u00f3 poniendo rumbo a <strong>A Coru\u00f1a.<\/strong><\/p>\n<p class=\"ft-text\">La llamada de <strong>Antonio Hidalgo<\/strong>, natural tambi\u00e9n del Vall\u00e8s Oriental, fue clave. Su inscripci\u00f3n con el conjunto coru\u00f1\u00e9s se produjo a ultim\u00edsima hora, pero a tiempo, y su debut con su nueva camiseta era cuesti\u00f3n de tiempo. <strong>Gim\u00e9nez<\/strong>, otro de los fichajes sobre la bocina de un <strong>D\u00e9por <\/strong>que apunta alto en su regreso a la m\u00e1xima categor\u00eda, fue directo al once.<\/p>\n<p class=\"ft-text\"><strong>Hidalgo<\/strong> opt\u00f3 por introducir al charr\u00faa en el eje de la defensa junto a <strong>Lucas Noubi <\/strong>y as\u00ed justific\u00f3 su decisi\u00f3n en la previa del choque: \u00ab<strong>Viene de competir, viene en forma<\/strong>, creo que nos puede <strong>dar ese plus <\/strong>contra un equipo que nos <strong>va a poner much\u00edsima gente en \u00faltima l\u00ednea<\/strong>, tiene esa <strong>jerarqu\u00eda <\/strong>que necesitamos en esa l\u00ednea de atr\u00e1s y hemos decidido darle entrada porque le hemos visto bien en estos entrenamientos\u00bb.<\/p>\n<p class=\"ft-text\">Distinto es el caso del cul\u00e9, que tendr\u00eda que esperar su turno desde el banquillo: \u00ab<strong>No ha estado \u00faltimamente entrando en una din\u00e1mica de grupo, ha estado aparte y eso le va a requerir un tiempo<\/strong>\u00ab, explic\u00f3. <\/p>\n<p class=\"ft-text\">Pero su momento lleg\u00f3. En el minuto 66, con 1-1 en el marcador, salt\u00f3 al c\u00e9sped de <strong>La Cer\u00e1mica<\/strong> en sustituci\u00f3n de <strong>Mario Soriano<\/strong>. Tambi\u00e9n entr\u00f3 <strong>Adama Traor\u00e9,<\/strong> convertido en viral tras su reiterado \u00abb\u00e1sicamente\u00bb durante su presentaci\u00f3n.<\/p>\n<p class=\"ft-text\">Marc ingres\u00f3 en un contexto complicado, con el <strong>Villarreal <\/strong>completamente volcado al ataque. Ubicado en el doble pivote junto a <strong>Amatucci<\/strong>, estuvo acertado en sus intervenciones con bal\u00f3n, comprometido, como siempre, en los esfuerzos defensivos \u2014incluso lleg\u00f3 a bloquear un disparo peligroso\u2014 y sin cometer errores.<\/p>\n<p class=\"ft-text\">Le toc\u00f3 estrenarse en una noche de aut\u00e9ntica locura.<strong> Adama <\/strong>tuvo la mala fortuna de marcarse en propia puerta tras un intento de despeje de cabeza, pero <strong>Aubameyang <\/strong>salv\u00f3 los muebles con otra actuaci\u00f3n antol\u00f3gica: doblete de asistencias y gol decisivo. <strong>Cuatro <\/strong>tantos suma el gabon\u00e9s para situar al D\u00e9por cuarto en la tabla.<\/p>\n","protected":false},"excerpt":{"rendered":"Con el &#8216;6&#8217; a la espalda, Marc Casad\u00f3 debut\u00f3 con el D\u00e9por. El de Sant Pere de Vilamajor,&hellip;\n","protected":false},"author":2,"featured_media":750205,"comment_status":"","ping_status":"","sticky":false,"template":"","format":"standard","meta":{"footnotes":""},"categories":[93],"tags":[12691,168,7793,25,24,1719,3294,1491,20218,193,23,167],"class_list":["post-750204","post","type-post","status-publish","format-standard","has-post-thumbnail","category-deportes","tag-casado","tag-deportes","tag-deportivo-de-la-coruna","tag-es","tag-espana","tag-estrena","tag-le","tag-locura","tag-marc-casado","tag-noche","tag-spain","tag-sports"],"share_on_mastodon":{"url":"https:\/\/pubeurope.com\/@es\/117221964386033396","error":""},"_links":{"self":[{"href":"https:\/\/www.europesays.com\/es\/wp-json\/wp\/v2\/posts\/750204","targetHints":{"allow":["GET"]}}],"collection":[{"href":"https:\/\/www.europesays.com\/es\/wp-json\/wp\/v2\/posts"}],"about":[{"href":"https:\/\/www.europesays.com\/es\/wp-json\/wp\/v2\/types\/post"}],"author":[{"embeddable":true,"href":"https:\/\/www.europesays.com\/es\/wp-json\/wp\/v2\/users\/2"}],"replies":[{"embeddable":true,"href":"https:\/\/www.europesays.com\/es\/wp-json\/wp\/v2\/comments?post=750204"}],"version-history":[{"count":0,"href":"https:\/\/www.europesays.com\/es\/wp-json\/wp\/v2\/posts\/750204\/revisions"}],"wp:featuredmedia":[{"embeddable":true,"href":"https:\/\/www.europesays.com\/es\/wp-json\/wp\/v2\/media\/750205"}],"wp:attachment":[{"href":"https:\/\/www.europesays.com\/es\/wp-json\/wp\/v2\/media?parent=750204"}],"wp:term":[{"taxonomy":"category","embeddable":true,"href":"https:\/\/www.europesays.com\/es\/wp-json\/wp\/v2\/categories?post=750204"},{"taxonomy":"post_tag","embeddable":true,"href":"https:\/\/www.europesays.com\/es\/wp-json\/wp\/v2\/tags?post=750204"}],"curies":[{"name":"wp","href":"https:\/\/api.w.org\/{rel}","templated":true}]}}