{"id":750230,"date":"2026-09-06T03:50:38","date_gmt":"2026-09-06T03:50:38","guid":{"rendered":"https:\/\/www.europesays.com\/es\/750230\/"},"modified":"2026-09-06T03:50:38","modified_gmt":"2026-09-06T03:50:38","slug":"fallece-luis-fermoso-pilar-indiscutible-del-periodismo-deportivo-y-el-alma-de-movistar-plus","status":"publish","type":"post","link":"https:\/\/www.europesays.com\/es\/750230\/","title":{"rendered":"Fallece Luis Fermoso, pilar indiscutible del periodismo deportivo y \u00abel alma\u00bb de Movistar Plus+"},"content":{"rendered":"<p class=\"ft-text\">El periodismo y la televisi\u00f3n en Espa\u00f1a visten hoy de luto. <strong>Luis Fermoso<\/strong>, uno de los narradores visuales m\u00e1s influyentes y respetados del \u00e1mbito deportivo de las \u00faltimas d\u00e9cadas, ha fallecido este s\u00e1bado tras luchar contra el c\u00e1ncer. Soci\u00f3logo de formaci\u00f3n y salmantino de nacimiento, Fermoso deja un vac\u00edo inmenso en una profesi\u00f3n que siempre lo consider\u00f3 un maestro indiscutible a la hora de humanizar el deporte y contar historias con una sensibilidad inigualable.<\/p>\n<p class=\"ft-text\">La noticia de su fallecimiento ha provocado una profunda consternaci\u00f3n en el sector, siendo su propia casa televisiva una de las primeras en rendirle homenaje. A trav\u00e9s de un emotivo comunicado en redes sociales, <strong>Movistar Plus+<\/strong> ha expresado su dolor ante la p\u00e9rdida: \u00abHoy es un d\u00eda muy triste para Movistar Plus. Ha fallecido nuestro querido Luis Fermoso. <strong>Una persona excepcional y un profesional admirable que fue desde el primer d\u00eda el alma del deporte de esta casa<\/strong>. Su generosidad y optimismo estar\u00e1n siempre entre nosotros. Descanse en paz\u00bb.<\/p>\n<p class=\"ft-text\">La trayectoria de Fermoso ha estado intr\u00ednsecamente ligada a la evoluci\u00f3n de la televisi\u00f3n de pago en Espa\u00f1a. Tras cursar el prestigioso M\u00e1ster de Periodismo de El Pa\u00eds, ingres\u00f3 en 1996 como becario en la redacci\u00f3n de Canal+. Desde ese momento, su crecimiento profesional fue de la mano de formatos que revolucionaron la forma de entender la informaci\u00f3n deportiva, dejando su sello de calidad en programas de la talla de <strong>&#8216;El D\u00eda Despu\u00e9s&#8217; o &#8216;Reportajes Vamos&#8217;.<\/strong><\/p>\n<p class=\"ft-text\">Sin embargo, su mayor legado se fragu\u00f3 detr\u00e1s de las c\u00e1maras de <strong>&#8216;Informe Robinson&#8217; <\/strong>(posteriormente rebautizado como Informe Plus+). Junto al a\u00f1orado <strong>Michael Robinson<\/strong>, Fermoso se convirti\u00f3 en el motor creativo y director de piezas documentales memorables, caracterizadas por un ritmo pausado, una est\u00e9tica impecable y un enfoque profundamente humano. Entre sus proyectos m\u00e1s ambiciosos y recientes destacan tambi\u00e9n la direcci\u00f3n de la serie documental<strong> &#8216;Colgar las alas&#8217;, <\/strong>centrada en la trayectoria y retirada del guardameta <strong>Iker Casillas<\/strong>, as\u00ed como el homenaje p\u00f3stumo dedicado a su gran compa\u00f1ero de batallas,<strong> &#8216;Michael Robinson: Good, better, best&#8217;.<\/strong><\/p>\n<p class=\"ft-text\">La muerte de Luis Fermoso ha desatado una oleada de mensajes de afecto y respeto por parte de compa\u00f1eros de profesi\u00f3n, realizadores, deportistas y espectadores. <\/p>\n","protected":false},"excerpt":{"rendered":"El periodismo y la televisi\u00f3n en Espa\u00f1a visten hoy de luto. Luis Fermoso, uno de los narradores visuales&hellip;\n","protected":false},"author":2,"featured_media":750231,"comment_status":"","ping_status":"","sticky":false,"template":"","format":"standard","meta":{"footnotes":""},"categories":[91],"tags":[168,146,147,25,24,5992,133356,58174,7820,303,1878,8669,7741,23],"class_list":["post-750230","post","type-post","status-publish","format-standard","has-post-thumbnail","category-entretenimiento","tag-deportes","tag-entertainment","tag-entretenimiento","tag-es","tag-espana","tag-fallece","tag-fermoso","tag-indiscutible","tag-luis","tag-movistar","tag-movistar-plus","tag-pilar","tag-plus","tag-spain"],"share_on_mastodon":{"url":"https:\/\/pubeurope.com\/@es\/117222062487624120","error":""},"_links":{"self":[{"href":"https:\/\/www.europesays.com\/es\/wp-json\/wp\/v2\/posts\/750230","targetHints":{"allow":["GET"]}}],"collection":[{"href":"https:\/\/www.europesays.com\/es\/wp-json\/wp\/v2\/posts"}],"about":[{"href":"https:\/\/www.europesays.com\/es\/wp-json\/wp\/v2\/types\/post"}],"author":[{"embeddable":true,"href":"https:\/\/www.europesays.com\/es\/wp-json\/wp\/v2\/users\/2"}],"replies":[{"embeddable":true,"href":"https:\/\/www.europesays.com\/es\/wp-json\/wp\/v2\/comments?post=750230"}],"version-history":[{"count":0,"href":"https:\/\/www.europesays.com\/es\/wp-json\/wp\/v2\/posts\/750230\/revisions"}],"wp:featuredmedia":[{"embeddable":true,"href":"https:\/\/www.europesays.com\/es\/wp-json\/wp\/v2\/media\/750231"}],"wp:attachment":[{"href":"https:\/\/www.europesays.com\/es\/wp-json\/wp\/v2\/media?parent=750230"}],"wp:term":[{"taxonomy":"category","embeddable":true,"href":"https:\/\/www.europesays.com\/es\/wp-json\/wp\/v2\/categories?post=750230"},{"taxonomy":"post_tag","embeddable":true,"href":"https:\/\/www.europesays.com\/es\/wp-json\/wp\/v2\/tags?post=750230"}],"curies":[{"name":"wp","href":"https:\/\/api.w.org\/{rel}","templated":true}]}}