{"id":750238,"date":"2026-09-06T03:54:14","date_gmt":"2026-09-06T03:54:14","guid":{"rendered":"https:\/\/www.europesays.com\/es\/750238\/"},"modified":"2026-09-06T03:54:14","modified_gmt":"2026-09-06T03:54:14","slug":"fallece-un-joven-bilbaino-de-20-anos-en-lekeitio-durante-los-antzarrak","status":"publish","type":"post","link":"https:\/\/www.europesays.com\/es\/750238\/","title":{"rendered":"Fallece un joven bilbaino de 20 a\u00f1os en Lekeitio durante los Antzarrak"},"content":{"rendered":"<p>\n        <strong>Un joven <\/strong><a href=\"https:\/\/www.deia.eus\/bilbao\/\" title=\"bilbaino\" class=\"link copy\" rel=\"nofollow noopener\" target=\"_blank\"><strong>bilbaino <\/strong><\/a><strong>de 20 a\u00f1os ha fallecido a primera hora de la tarde de este s\u00e1bado en los Antzarrak de Lekeitio<\/strong>, seg\u00fan ha podido confirmar este peri\u00f3dico. El suceso ha tenido lugar en torno a las 16.00 horas, en plena celebraci\u00f3n de una de las jornadas festivas m\u00e1s multitudinarias del municipio vizcaino. El joven estaba siguiendo el Antzar Jokoa cuando se ha ca\u00eddo de una altura de unos dos metros. Seg\u00fan informan fuentes del departamento de Seguridad del Gobierno Vasco, la Ertzaintza ha recibido una llamada alertando de que un joven se encontraba en parada cardiorrespiratoria en la zona del puerto. Testigos presenciales apuntan a que el joven se habr\u00eda desmayado y habr\u00eda ca\u00eddo al suelo, golpe\u00e1ndose la nuca. <strong>Tras el impacto, habr\u00eda quedado inconsciente y se habr\u00eda iniciado de inmediato la intervenci\u00f3n de los servicios de emergencia.<\/strong>\n<\/p>\n<p class=\"article-body__text \">\n        Este aviso ha puesto en marcha un importante dispositivo sanitario y policial. Hasta el lugar se han desplazado efectivos de la Ertzaintza, que se han sumado a los agentes de la Polic\u00eda Local que ya se encontraban en la zona con motivo de la celebraci\u00f3n, as\u00ed como varias ambulancias y otros recursos sanitarios.<strong> Los equipos de emergencia han comenzado las maniobras de reanimaci\u00f3n pr\u00e1cticamente desde su llegada y han trabajado para tratar de recuperar el latido del joven<\/strong>. En un primer momento, uno de los lados del puerto ha tenido que ser desalojado para permitir que los sanitarios hayan podido acceder y trabajar con mayor facilidad, adem\u00e1s de garantizar el paso de los veh\u00edculos desplazados hasta la zona.\n<\/p>\n<p class=\"article-body__text \">\n        Los sanitarios han atendido al joven en el propio puerto, donde han llevado a cabo durante varios minutos las maniobras de reanimaci\u00f3n.<strong> Ha permanecido cubierto mientras los equipos de emergencia han intervenido en el lugar<\/strong>, en medio de una importante presencia de efectivos policiales y ante la mirada de las personas que estaban en las inmediaciones visiblemente conmocionadas. Finalmente, pese a los esfuerzos realizados por los servicios sanitarios, no ha sido posible reanimarle y se ha confirmado su fallecimiento, apuntan fuentes oficiales.\n<\/p>\n<p>  La jornada festiva, suspendida<\/p>\n<p class=\"article-body__text \">\n        En cuesti\u00f3n de minutos, y tras conocerse el fallecimiento, la organizaci\u00f3n ha decidido suspender lo que restaba de la jornada festiva, es decir, lo que restaba de Antzar Jokoa. La decisi\u00f3n se ha producido despu\u00e9s de que los servicios de emergencia hayan finalizado su intervenci\u00f3n en el puerto. <strong>\u201cUna persona ha fallecido mientras se encontraba viendo la fiesta de los gansos en el puerto de Lekeitio. Ante esta situaci\u00f3n, la Comisi\u00f3n de Antzar y el Ayuntamiento han decidido suspender los actos oficiales organizados a nivel municipal para el d\u00eda de Antzar\u201d, han expuesto desde el Consistorio vizcaino a trav\u00e9s de un comunicado en el que han dado sus \u201cm\u00e1s sentidas condolencias a sus familiares y amigos\u201d.<\/strong>\n<\/p>\n<p class=\"article-body__text \">\n        Estaba previsto que la prueba de las alzadas terminase a eso de las 19.00 horas. Pero todo ha quedado suspendido a ra\u00edz de este tr\u00e1gico suceso que ha conmocionado al municipio vizcaino. El aviso recibido por la Ertzaintza ha provocado un amplio despliegue de medios en la zona. Entre los recursos movilizados se han encontrado hasta tres ambulancias, que daban servicio a los Antzarrak, que habr\u00edan sido de los primeros servicios en llegar al punto donde se encontraba el joven, adem\u00e1s de un helic\u00f3ptero y numerosas patrullas de la Polic\u00eda vasca.<strong> En las inmediaciones, la cuadrilla del joven asist\u00eda desconsolada a los acontecimientos.\u00a0<\/strong>\n<\/p>\n<p class=\"article-body__text \">\n        Una vez confirmado el fallecimiento, hasta el puerto se ha desplazado tambi\u00e9n un veh\u00edculo f\u00fanebre, que ha llegado alrededor de las 18.20 horas para hacerse cargo del cuerpo del joven. Tambi\u00e9n lo ha hecho la jueza, encargada de proceder al levantamiento del cad\u00e1ver. En cuesti\u00f3n de unos minutos, el cuerpo sin vida del joven <strong>ha sido levantado e introducido en el coche f\u00fanebre en torno a las 19.00 horas para, posteriormente, abandonar, junto a una patrulla de la Ertzaintza y una ambulancia que restaba en la zona del puerto, el lugar<\/strong>. La Ertzaintza ha abierto una investigaci\u00f3n para esclarecer las circunstancias en las que se ha producido este tr\u00e1gico suceso, seg\u00fan explicaron desde el departamento de Seguridad del Gobierno Vasco.<\/p>\n","protected":false},"excerpt":{"rendered":"Un joven bilbaino de 20 a\u00f1os ha fallecido a primera hora de la tarde de este s\u00e1bado en&hellip;\n","protected":false},"author":2,"featured_media":750239,"comment_status":"","ping_status":"","sticky":false,"template":"","format":"standard","meta":{"footnotes":""},"categories":[8],"tags":[133357,17,18,25,24,5992,13,14,11,1928,19,20,12253,9,10,15,16,23,12,21,22],"class_list":["post-750238","post","type-post","status-publish","format-standard","has-post-thumbnail","category-espana","tag-antzarrak","tag-breaking-news","tag-breakingnews","tag-es","tag-espana","tag-fallece","tag-featured-news","tag-featurednews","tag-headlines","tag-joven","tag-latest-news","tag-latestnews","tag-lekeitio","tag-news","tag-noticias","tag-noticias-destacadas","tag-noticiasdestacadas","tag-spain","tag-titulares","tag-ultimas-noticias","tag-ultimasnoticias"],"share_on_mastodon":{"url":"https:\/\/pubeurope.com\/@es\/117222078359181887","error":""},"_links":{"self":[{"href":"https:\/\/www.europesays.com\/es\/wp-json\/wp\/v2\/posts\/750238","targetHints":{"allow":["GET"]}}],"collection":[{"href":"https:\/\/www.europesays.com\/es\/wp-json\/wp\/v2\/posts"}],"about":[{"href":"https:\/\/www.europesays.com\/es\/wp-json\/wp\/v2\/types\/post"}],"author":[{"embeddable":true,"href":"https:\/\/www.europesays.com\/es\/wp-json\/wp\/v2\/users\/2"}],"replies":[{"embeddable":true,"href":"https:\/\/www.europesays.com\/es\/wp-json\/wp\/v2\/comments?post=750238"}],"version-history":[{"count":0,"href":"https:\/\/www.europesays.com\/es\/wp-json\/wp\/v2\/posts\/750238\/revisions"}],"wp:featuredmedia":[{"embeddable":true,"href":"https:\/\/www.europesays.com\/es\/wp-json\/wp\/v2\/media\/750239"}],"wp:attachment":[{"href":"https:\/\/www.europesays.com\/es\/wp-json\/wp\/v2\/media?parent=750238"}],"wp:term":[{"taxonomy":"category","embeddable":true,"href":"https:\/\/www.europesays.com\/es\/wp-json\/wp\/v2\/categories?post=750238"},{"taxonomy":"post_tag","embeddable":true,"href":"https:\/\/www.europesays.com\/es\/wp-json\/wp\/v2\/tags?post=750238"}],"curies":[{"name":"wp","href":"https:\/\/api.w.org\/{rel}","templated":true}]}}