{"id":750302,"date":"2026-09-06T05:06:34","date_gmt":"2026-09-06T05:06:34","guid":{"rendered":"https:\/\/www.europesays.com\/es\/750302\/"},"modified":"2026-09-06T05:06:34","modified_gmt":"2026-09-06T05:06:34","slug":"detenidos-en-bizkaia-los-padres-de-una-menor-de-14-anos-embarazada-y-el-hombre-con-el-que-fue-casada","status":"publish","type":"post","link":"https:\/\/www.europesays.com\/es\/750302\/","title":{"rendered":"Detenidos en Bizkaia los padres de una menor de 14 a\u00f1os embarazada y el hombre con el que fue casada"},"content":{"rendered":"<p class=\"article-text\">\n        La Ertzaintza ha detenido en el municipio vizca\u00edno de Gernika-Lumo a los progenitores de una menor de 14 a\u00f1os, embarazada de cinco meses, y a un var\u00f3n de 27 a\u00f1os con el que presuntamente hab\u00eda sido casada mediante el rito tradicional rumano. Asimismo, se investiga a un joven de 17 a\u00f1os, presunto padre del beb\u00e9, que hasta el momento no ha podido ser localizado.\n    <\/p>\n<p>    <a href=\"https:\/\/www.eldiario.es\/euskadi\/ertzaintza-detiene-huida-presunto-autor-muerte-tiros-hombre-barakaldo_1_13486562.html\" data-mrf-recirculation=\"saber-mas\" data-dl-event=\"saber-mas\" rel=\"nofollow noopener\" target=\"_blank\"><\/p>\n<p class=\"know-more__title\">La Ertzaintza detiene en su huida al presunto autor de la muerte a tiros de un hombre en Barakaldo<\/p>\n<p>            <img decoding=\"async\" class=\"lazy\" loading=\"lazy\" data-src=\"https:\/\/static.eldiario.es\/clip\/b860e712-43fd-4c86-9e12-4d23bbd34997_16-9-aspect-ratio_default_0.jpg\" src=\"data:image\/svg+xml,%3Csvg xmlns=\" http:=\"\" viewbox=\"0 0 880 495\" alt=\"La Ertzaintza detiene en su huida al presunto autor de la muerte a tiros de un hombre en Barakaldo\"\/><\/p>\n<p>                        <\/a><\/p>\n<p class=\"article-text\">\n        La investigaci\u00f3n realizada por la Secci\u00f3n Central de Investigaci\u00f3n Criminal de la Ertzaintza (SECIC) ha determinado conocer que la menor, de 14 a\u00f1os y embarazada de cinco meses, manten\u00eda una relaci\u00f3n marital con el var\u00f3n de 27 a\u00f1os detenido, despu\u00e9s de que ambos hubieran sido unidos mediante un rito matrimonial tradicional rumano. La menor y el var\u00f3n resid\u00edan en el domicilio de los progenitores de la adolescente, quienes presuntamente habr\u00edan consentido, facilitado y permitido esta situaci\u00f3n y la convivencia de ambos como pareja, informa Europa Press.\n    <\/p>\n<p class=\"article-text\">\n        El juzgado de guardia del Tribunal de Instancia de Gernika ha acordado este viernes la libertad provisional para las tres personas detenidas. Seg\u00fan fuentes del Tribunal Superior de Justicia del Pa\u00eds Vasco (TSJPV), para una de las tres personas detenidas, el var\u00f3n de 27 a\u00f1os con el que se habr\u00eda casado a la menor, el juzgado ha fijado medidas cautelares, por las que se le ha retirado el pasaporte e impuesto la prohibici\u00f3n de salir del territorio nacional, adem\u00e1s de comparecer semanalmente en el juzgado.\n    <\/p>\n<p class=\"article-text\">\n        Las investigaciones se centran, entre otros aspectos, en determinar la participaci\u00f3n de los progenitores, de 36 y 37 a\u00f1os de edad respectivamente, en el establecimiento de esta relaci\u00f3n marital y en la posible transferencia del control de la menor desde el \u00e1mbito familiar al var\u00f3n adulto con el que hab\u00eda sido casada. A los padres de la menor se les atribuye inicialmente un delito de trata de seres humanos con finalidad de celebraci\u00f3n de matrimonio, as\u00ed como su posible participaci\u00f3n, en concepto de cooperadores necesarios, en un delito de agresi\u00f3n sexual a menor de edad.\n    <\/p>\n<p class=\"article-text\">\n        Tambi\u00e9n se investiga su eventual responsabilidad por comisi\u00f3n por omisi\u00f3n, al considerar que, pese a su posici\u00f3n de garantes respecto de su hija, no habr\u00edan impedido los hechos y habr\u00edan permitido que la relaci\u00f3n marital se desarrollara en el propio domicilio familiar. Por su parte, al var\u00f3n de 27 a\u00f1os detenido se le investiga por un presunto delito de trata de seres humanos con finalidad de matrimonio y por un delito de agresi\u00f3n sexual a menor de edad. Adem\u00e1s, sobre esta persona constaba una orden judicial de detenci\u00f3n y presentaci\u00f3n relacionada con otro procedimiento.\n    <\/p>\n<p class=\"article-text\">\n        La SECIC mantiene igualmente abierta la investigaci\u00f3n sobre el joven de 17 a\u00f1os al que se atribuye la paternidad del beb\u00e9, por su posible implicaci\u00f3n en un delito de agresi\u00f3n sexual a menor de edad. En estos momentos se realizan gestiones para proceder a su localizaci\u00f3n.\n    <\/p>\n<p>    <a href=\"https:\/\/www.eldiario.es\/euskadi\/entrega-comisaria-sospechoso-homicidio-tiros-taxista-azpeitia_1_13489216.html\" data-mrf-recirculation=\"saber-mas-abajo\" data-dl-event=\"saber-mas-abajo\" rel=\"nofollow noopener\" target=\"_blank\"><\/p>\n<p class=\"know-more__title\">Se entrega en comisar\u00eda el sospechoso del homicidio a tiros de un taxista en Azpeitia<\/p>\n<p>            <img decoding=\"async\" class=\"lazy\" loading=\"lazy\" data-src=\"https:\/\/static.eldiario.es\/clip\/2c971cb5-50ed-40c0-9b25-11427c20d9e7_16-9-aspect-ratio_default_0_x1836y668.jpg\" src=\"data:image\/svg+xml,%3Csvg xmlns=\" http:=\"\" viewbox=\"0 0 880 495\" alt=\"Se entrega en comisar\u00eda el sospechoso del homicidio a tiros de un taxista en Azpeitia\"\/><\/p>\n<p>                        <\/a><\/p>\n<p class=\"article-text\">\n        La menor ha quedado bajo la tutela y protecci\u00f3n de los servicios forales de Bizkaia competentes en materia de infancia, que han adoptado las medidas necesarias para garantizar su seguridad y protecci\u00f3n. La investigaci\u00f3n contin\u00faa abierta y no se descartan nuevas actuaciones.\n    <\/p>\n<p>                    elDiario.es\/Euskadi<\/p>\n<p class=\"article-text\">\n        \u00bfNos sigues en redes sociales? elDiario.es\/Euskadi est\u00e1 en <a href=\"https:\/\/bsky.app\/profile\/eldiarioeus.bsky.social\" target=\"_blank\" data-mrf-recirculation=\"links-noticia\" class=\"link\" rel=\"nofollow noopener\">Bluesky<\/a>, <a href=\"https:\/\/twitter.com\/eldiarioeus\" target=\"_blank\" data-mrf-recirculation=\"links-noticia\" class=\"link\" rel=\"nofollow noopener\">X<\/a> e <a href=\"https:\/\/www.instagram.com\/eldiarioeus\/\" target=\"_blank\" data-mrf-recirculation=\"links-noticia\" class=\"link\" rel=\"nofollow noopener\">Instagram<\/a>. Y te enviamos alertas informativas por <a href=\"https:\/\/telegram.me\/eldiarioeus\" target=\"_blank\" data-mrf-recirculation=\"links-noticia\" class=\"link\" rel=\"nofollow noopener\">Telegram<\/a> y <a href=\"https:\/\/www.whatsapp.com\/channel\/0029Va9Dx2MLNSZzLvNjNr3P\" target=\"_blank\" data-mrf-recirculation=\"links-noticia\" class=\"link\" rel=\"nofollow noopener\">WhatsApp<\/a>. Cada semana, te enviamos un bolet\u00edn a tu correo electr\u00f3nico. \u00a1<a href=\"https:\/\/usuarios.eldiario.es\/boletines?_gl=1*pa2ll6*_gcl_au*MTk0OTg1OTU2Mi4xNzMwMTk3MDYx*_ga*Njk1MjI5NDQyLjE3Mjk1MjAxNjg.*_ga_4RZPWREGF3*MTczNDE3ODQ5Ny4xMTYuMS4xNzM0MTc5OTEyLjEzLjAuMA..\" target=\"_blank\" data-mrf-recirculation=\"links-noticia\" class=\"link\" rel=\"nofollow noopener\">Ap\u00fantate<\/a>! Recuerda que puedes ser socio o socia de elDiario.es clicando en <a href=\"https:\/\/usuarios.eldiario.es\/hazte_socio\/?utm_source=euskadi&amp;utm_campaign=eell&amp;utm_medium=all&amp;mc_cid=f16fc896fb&amp;mc_eid=05624d2e2d\" target=\"_blank\" data-mrf-recirculation=\"links-noticia\" class=\"link\" rel=\"nofollow noopener\">este enlace<\/a>. Y, para m\u00e1s informaci\u00f3n, puedes llamar o escribirnos al 625 88 87 80.\n    <\/p>\n<p>                                        <script async src=\"https:\/\/platform.twitter.com\/widgets.js\" charset=\"utf-8\"><\/script><script async src=\"\/\/www.instagram.com\/embed.js\"><\/script><\/p>\n","protected":false},"excerpt":{"rendered":"La Ertzaintza ha detenido en el municipio vizca\u00edno de Gernika-Lumo a los progenitores de una menor de 14&hellip;\n","protected":false},"author":2,"featured_media":750303,"comment_status":"","ping_status":"","sticky":false,"template":"","format":"standard","meta":{"footnotes":""},"categories":[8],"tags":[517,3935,14300,14314,3285,14302,2601,4144,14316,17,18,14313,767,1349,2026,13451,14315,1813,3854,14299,14298,14307,12226,14318,6246,25,24,5691,14308,13,14,4910,3705,3978,6927,11,12252,1982,2178,14297,14317,7600,11701,14311,14312,19,20,14305,14303,9,10,15,16,6115,264,14304,952,14310,14309,14306,14301,3905,492,23,12,21,22,7192,2177],"class_list":["post-750302","post","type-post","status-publish","format-standard","has-post-thumbnail","category-espana","tag-actualidad","tag-alava","tag-andar-en-bici","tag-barakaldo","tag-bbva","tag-belen-ferreras","tag-bilbao","tag-bizkaia","tag-brands","tag-breaking-news","tag-breakingnews","tag-caso-de-miguel","tag-corrupcion","tag-donostia","tag-educacion","tag-eh-bildu","tag-eibar","tag-ela","tag-eldiario-es","tag-eldiario-es-euskadi","tag-eldiario-eus","tag-eldiarionorte-es","tag-emergencia-climatica","tag-eroski","tag-ertzaintza","tag-es","tag-espana","tag-euskadi","tag-euskal-herria","tag-featured-news","tag-featurednews","tag-feminismo","tag-gernika","tag-getxo","tag-gipuzkoa","tag-headlines","tag-hondarribia","tag-ignacio-escolar","tag-igualdad","tag-iker-rioja-andueza","tag-imanol-pradales","tag-irun","tag-kutxabank","tag-lab","tag-lanbide","tag-latest-news","tag-latestnews","tag-maialen-ferreira","tag-montai","tag-news","tag-noticias","tag-noticias-destacadas","tag-noticiasdestacadas","tag-osakidetza","tag-pais-vasco","tag-pnv","tag-politica","tag-pp-vasco","tag-pse-ee","tag-rodrigo-saiz","tag-ruben-pereda","tag-sindicatos","tag-sociedad","tag-spain","tag-titulares","tag-ultimas-noticias","tag-ultimasnoticias","tag-upv-ehu","tag-vitoria"],"share_on_mastodon":{"url":"","error":"Validation failed: Text character limit of 500 exceeded"},"_links":{"self":[{"href":"https:\/\/www.europesays.com\/es\/wp-json\/wp\/v2\/posts\/750302","targetHints":{"allow":["GET"]}}],"collection":[{"href":"https:\/\/www.europesays.com\/es\/wp-json\/wp\/v2\/posts"}],"about":[{"href":"https:\/\/www.europesays.com\/es\/wp-json\/wp\/v2\/types\/post"}],"author":[{"embeddable":true,"href":"https:\/\/www.europesays.com\/es\/wp-json\/wp\/v2\/users\/2"}],"replies":[{"embeddable":true,"href":"https:\/\/www.europesays.com\/es\/wp-json\/wp\/v2\/comments?post=750302"}],"version-history":[{"count":0,"href":"https:\/\/www.europesays.com\/es\/wp-json\/wp\/v2\/posts\/750302\/revisions"}],"wp:featuredmedia":[{"embeddable":true,"href":"https:\/\/www.europesays.com\/es\/wp-json\/wp\/v2\/media\/750303"}],"wp:attachment":[{"href":"https:\/\/www.europesays.com\/es\/wp-json\/wp\/v2\/media?parent=750302"}],"wp:term":[{"taxonomy":"category","embeddable":true,"href":"https:\/\/www.europesays.com\/es\/wp-json\/wp\/v2\/categories?post=750302"},{"taxonomy":"post_tag","embeddable":true,"href":"https:\/\/www.europesays.com\/es\/wp-json\/wp\/v2\/tags?post=750302"}],"curies":[{"name":"wp","href":"https:\/\/api.w.org\/{rel}","templated":true}]}}