{"id":750312,"date":"2026-09-06T05:21:19","date_gmt":"2026-09-06T05:21:19","guid":{"rendered":"https:\/\/www.europesays.com\/es\/750312\/"},"modified":"2026-09-06T05:21:19","modified_gmt":"2026-09-06T05:21:19","slug":"tiene-50-anos-es-hijo-de-john-lennon-y-acaba-de-convertirse-en-papa-de-aurelius-hemos-creado-un-ser-humano","status":"publish","type":"post","link":"https:\/\/www.europesays.com\/es\/750312\/","title":{"rendered":"Tiene 50 a\u00f1os, es hijo de John Lennon y acaba de convertirse en pap\u00e1 de Aurelius: \u201cHemos creado un ser humano\u201d"},"content":{"rendered":"<p><a class=\"link\" href=\"https:\/\/www.canal26.com\/redactor\/rocio-sirimarco\/\" target=\"_self\" rel=\"nofollow noopener\"><img alt=\"Roc\u00edo Sirimarco\" class=\"global-image sm-1-1\" decoding=\"async\" height=\"75\" src=\"https:\/\/www.europesays.com\/es\/wp-content\/uploads\/2026\/09\/https:\/\/author-service-images-prod-us-east-1.publishing.aws.arc.pub\/canal26\/J6PDGVXRRFHUHGINE3PQLJHM.jpeg\"   width=\"100\" fetchpriority=\"low\" loading=\"lazy\"\/><\/a>Actualizado el 5 de septiembre de 2026, 22:54<a class=\"link\" href=\"https:\/\/www.google.com\/preferences\/source?q=canal26.com\" rel=\"noopener noreferrer nofollow\" target=\"_blank\">Agregar Canal26 como <br class=\"article-body-nd__byline__preferences-br\"\/>fuente preferida en Google<\/a><img alt=\"Sean Lennon fue padre a los 50 a\u00f1os\" class=\"global-image sm-16-9\" decoding=\"async\" height=\"75\" src=\"https:\/\/www.europesays.com\/es\/wp-content\/uploads\/2026\/09\/Q2XQBA5TIRFCBOGIDLRPLZJZXM.png\"   width=\"100\" fetchpriority=\"high\" loading=\"eager\"\/>Sean Lennon fue padre a los 50 a\u00f1os Foto: Good Morning America <a class=\"article-sharebar-nd__btn article-sharebar-nd__btn--google\" href=\"https:\/\/profile.google.com\/cp\/CgovbS8wNnc1bDFz\" rel=\"noopener noreferrer nofollow\" target=\"_blank\">+ Seguir en <strong>Google<\/strong><\/a><a class=\"article-sharebar-nd__btn article-sharebar-nd__btn--google\" href=\"https:\/\/news.google.com\/publications\/CAAqJQgKIh9DQklTRVFnTWFnMEtDMk5oYm1Gc01qWXVZMjl0S0FBUAE?hl=es-419&amp;gl=AR&amp;ceid=AR%3Aes-419\" rel=\"noopener noreferrer nofollow\" target=\"_blank\">+ Seguinos en <strong>Noticias<\/strong><\/a><\/p>\n<p class=\"article-body-nd__paragraph\"><a href=\"https:\/\/www.canal26.com\/musica\/2023\/12\/08\/de-la-busqueda-de-paz-a-una-muerte-violenta-43-anos-del-asesinato-de-john-lennon\/\" target=\"_blank\" rel=\"noreferrer nofollow noopener\" title=\"https:\/\/www.canal26.com\/musica\/2023\/12\/08\/de-la-busqueda-de-paz-a-una-muerte-violenta-43-anos-del-asesinato-de-john-lennon\/\"><b>John Lennon<\/b><\/a> y <b>Yoko Ono<\/b> se conocieron en 1966 en una exposici\u00f3n que la artista japonesa realizaba en la ciudad de <b>Londres, <\/b><a href=\"https:\/\/www.canal26.com\/historia\/2026\/08\/25\/el-capitulo-secreto-de-san-martin-en-londres-reuniones-espias-y-el-plan-que-pudo-cambiar-la-historia-de-america\/\" target=\"_blank\" rel=\"noreferrer nofollow noopener\" title=\"https:\/\/www.canal26.com\/historia\/2026\/08\/25\/el-capitulo-secreto-de-san-martin-en-londres-reuniones-espias-y-el-plan-que-pudo-cambiar-la-historia-de-america\/\"><b>Inglaterra<\/b><\/a>. El flechazo entre ambos fue instant\u00e1neo. Tanto as\u00ed que el l\u00edder de los Beatles dej\u00f3 a quien era su esposa en ese momento, <b>Cynthia<\/b>, madre de su primog\u00e9nito <b>Julian<\/b>, y comenz\u00f3 un v\u00ednculo con Ono, con quien en 1975 tuvo a su segundo hijo, <b>Sean Lennon. <\/b><\/p>\n<p class=\"article-body-nd__paragraph\">La relaci\u00f3n de la pareja no estuvo vinculada solo a un proyecto amoroso sino que, adem\u00e1s, con el tiempo se transformar\u00edan en socios creativos. De hecho, en el documental <b>John &amp; Yoko: Above Us Only Sky, <\/b>el propio m\u00fasico sostuvo que su esposa fue esencial para la composici\u00f3n de <b>Imagine <\/b>y otros temas de ese \u00e1lbum hom\u00f3nimo. <\/p>\n<p class=\"article-body-nd__paragraph\">Pero ahora su hijo menor, <b>Sean<\/b>, fue noticia. Es que el artista se convirti\u00f3 en pap\u00e1 por primera vez a los 50. El tambi\u00e9n compositor cumple a\u00f1os el 9 de octubre, como su padre, y, adem\u00e1s,<b> cuenta con un parecido f\u00edsico incre\u00edble. <\/b><\/p>\n<p><img alt=\"Sean Lennon fue padre a los 50 a\u00f1os\" class=\"global-image sm-196-113\" decoding=\"async\" height=\"75\" src=\"https:\/\/www.europesays.com\/es\/wp-content\/uploads\/2026\/09\/IWVDFI6SGZHS5NBIHS6EUKXXZM.png\"   width=\"100\" fetchpriority=\"low\" loading=\"lazy\"\/>John Lennon y Yoko Ono se conocieron en 1966 y 1975 se convirtieron en padres de Sean Lennon.  Foto: Jer-cir.org Sean Lennon se convirti\u00f3 en padre a los 50 a\u00f1os<\/p>\n<p class=\"article-body-nd__paragraph\"><b>Sean Lennon<\/b> se encuentra en pareja con la modelo y cantante <b>Charlotte Kemp Muhl<\/b> desde hace m\u00e1s de 20 a\u00f1os. Se conocieron en el famoso festival de m\u00fasica y arte <b>Coachella <\/b>en el a\u00f1o 2005. \u00c9l ten\u00eda <b>30 a\u00f1os<\/b> y ella <b>18<\/b>. Desde entonces, construyeron su propia familia: viajes, cultura, canciones, giras y mucho m\u00e1s. <\/p>\n<p>Contenido Recomendado<a aria-label=\"\u201cDeben enviar refuerzos a las Malvinas\u201d: el categ\u00f3rico pedido del exprimer ministro de Reino Unido tras la cadena nacional de Milei\" class=\"story-card-nd__image-anchor\" href=\"https:\/\/www.canal26.com\/espectaculos\/2026\/09\/05\/deben-enviar-refuerzos-a-las-malvinas-el-categorico-pedido-del-exprimer-ministro-de-reino-unido-tras-la-cadena-nacional-de-milei\/\" target=\"_self\" rel=\"nofollow noopener\"><img alt=\"\u201cDeben enviar refuerzos a las Malvinas\u201d: el categ\u00f3rico pedido del exprimer ministro de Reino Unido tras la cadena nacional de Milei\" class=\"global-image sm-16-9\" decoding=\"async\" height=\"75\" src=\"https:\/\/www.europesays.com\/es\/wp-content\/uploads\/2026\/09\/boris-johnson-y-javier-milei-QR6YZ7FOQND33JFMAGHNWSNQOY.jpg\"   width=\"100\" fetchpriority=\"low\" loading=\"lazy\"\/><\/a><a aria-label=\"A 12 a\u00f1os de la muerte de Gustavo Cerati: el \u00faltimo recital y los 1.571 d\u00edas que cambiaron su historia\" class=\"story-card-nd__image-anchor\" href=\"https:\/\/www.canal26.com\/espectaculos\/2026\/09\/04\/a-12-anos-de-la-muerte-de-gustavo-cerati-el-ultimo-recital-y-los-1571-dias-que-cambiaron-su-historia\/\" target=\"_self\" rel=\"nofollow noopener\"><img alt=\"A 12 a\u00f1os de la muerte de Gustavo Cerati: el \u00faltimo recital y los 1.571 d\u00edas que cambiaron su historia\" class=\"global-image sm-16-9\" decoding=\"async\" height=\"75\" src=\"https:\/\/www.europesays.com\/es\/wp-content\/uploads\/2026\/09\/gustavo-cerati-foto-na-CXU3IO53GFAJTNRBSYDIZMGFJM.jpg\"   width=\"100\" fetchpriority=\"low\" loading=\"lazy\"\/><\/a><\/p>\n<p class=\"article-body-nd__paragraph\">Despu\u00e9s de compartir tantas experiencias juntos, el pasado martes, el m\u00fasico anunci\u00f3 su flamante <b>paternidad <\/b>con una fotograf\u00eda del ni\u00f1o y su pareja. Adem\u00e1s, acompa\u00f1\u00f3 la publicaci\u00f3n con un breve mensaje. \u201cOkey. <b>Me gustar\u00eda anunciar que Charlotte y yo creamos a un ser humano<\/b>. Su nombre es <b>Aurelius<\/b>. Muchas gracias\u201d, escribi\u00f3 el hijo de John Lennon. <\/p>\n<p><img alt=\"Sean Lennon fue padre a los 50 a\u00f1os\" class=\"global-image sm-769-526\" decoding=\"async\" height=\"75\" src=\"https:\/\/www.europesays.com\/es\/wp-content\/uploads\/2026\/09\/GPUYFJESTJDEFNUD2KA4OCRLG4.png\"   width=\"100\" fetchpriority=\"low\" loading=\"lazy\"\/>La pareja se conoci\u00f3 en 2005 en el festival Coachella. Foto: Good Morning America <\/p>\n<p class=\"article-body-nd__paragraph\">La llegada de Aurelius tambi\u00e9n ha sido importante para su abuela Yoko. La artista japonesa <b>ya ten\u00eda otros nietos de parte de sus primeros hijos<\/b>. <\/p>\n<p>John Lennon se convierte en abuelo p\u00f3stumo: el impacto que gener\u00f3 el nacimiento de Aurelius<\/p>\n<p class=\"article-body-nd__paragraph\"><b>Aurelius <\/b>se convirti\u00f3 en el <b>primer nieto de John Lennon<\/b>, ya que el primer hijo del m\u00fasico, Julian, no tuvo hijos. Lennon fue asesinado en la noche del <b>8 de diciembre de 1980<\/b> en el edificio Dakota, en la ciudad de Nueva York, por un fan\u00e1tico de nombre <b>Mark David Chapman<\/b>. <\/p>\n<p class=\"article-body-nd__paragraph\">La investigaci\u00f3n concluy\u00f3 que el homicida le dispar\u00f3 cinco veces al fundador de los Beatles. El sujeto fue condenado a <b>prisi\u00f3n perpetua<\/b> por el homicidio del m\u00fasico. Si bien solicit\u00f3 en 14 ocasiones la libertad condicional, las autoridades se lo negaron. <b>Al momento de su muerte, Lennon ten\u00eda 40 a\u00f1os<\/b>. En tanto, su hijo Sean era apenas un ni\u00f1o de 5. <\/p>\n<p><img alt=\"Sean Lennon con hijo\" class=\"global-image sm-464-575\" decoding=\"async\" height=\"75\" src=\"https:\/\/www.europesays.com\/es\/wp-content\/uploads\/2026\/09\/7AMSW7KBUBBNDNFS5W5U4WITY4.png\"   width=\"100\" fetchpriority=\"low\" loading=\"lazy\"\/>Sean Lennon con hijo Aurelius. Foto: Instagram <\/p>\n<p class=\"article-body-nd__paragraph\">Tanto Julian como Sean <b>continuaron con el legado de su padre y se convirtieron en m\u00fasicos y compositores<\/b>, a pesar de que, por supuesto, no lograron el reconocimiento internacional del que fue due\u00f1o el cantante de la banda brit\u00e1nica. Ahora, con el nacimiento del peque\u00f1o Aurelius, muchos ya se preguntan si, en alg\u00fan momento,<b> podr\u00eda llegar a ser el pr\u00f3ximo John Lennon. <\/b><\/p>\n<p>Casi dos d\u00e9cadas de amor: la historia de Sean Lennon y Charlotte Kemp Muhl<\/p>\n<p class=\"article-body-nd__paragraph\">La <b>historia de Sean Lennon y Charlotte Kemp Muhl<\/b> es similar a la de John y Yoko. No solo comparten su amor, tambi\u00e9n se convirtieron en socios. De hecho, formaron la banda <b>The Ghost of a Saber Tooth Tiger<\/b> y trabajan asiduamente en diferentes proyectos musicales conjuntos. <\/p>\n<p class=\"article-body-nd__paragraph\">La <b>pareja de Sean Lennon<\/b> lo ha dejado claro en m\u00e1s de una imagen que ha subido a sus redes sociales. La mujer de 39 a\u00f1os tiene m\u00e1s de <b>140 mil seguidores<\/b> en su cuenta de Instagram, donde adem\u00e1s recientemente public\u00f3 fotograf\u00edas con su hijo Aurelius para que tambi\u00e9n sus fan\u00e1ticos puedan conocerlo. <\/p>\n","protected":false},"excerpt":{"rendered":"Actualizado el 5 de septiembre de 2026, 22:54Agregar Canal26 como fuente preferida en GoogleSean Lennon fue padre a&hellip;\n","protected":false},"author":2,"featured_media":750313,"comment_status":"","ping_status":"","sticky":false,"template":"","format":"standard","meta":{"footnotes":""},"categories":[170],"tags":[146,147,25,24,332,7946,184,185,23],"class_list":["post-750312","post","type-post","status-publish","format-standard","has-post-thumbnail","category-musica","tag-entertainment","tag-entretenimiento","tag-es","tag-espana","tag-inglaterra","tag-john-lennon","tag-music","tag-musica","tag-spain"],"share_on_mastodon":{"url":"https:\/\/pubeurope.com\/@es\/117222420887071610","error":""},"_links":{"self":[{"href":"https:\/\/www.europesays.com\/es\/wp-json\/wp\/v2\/posts\/750312","targetHints":{"allow":["GET"]}}],"collection":[{"href":"https:\/\/www.europesays.com\/es\/wp-json\/wp\/v2\/posts"}],"about":[{"href":"https:\/\/www.europesays.com\/es\/wp-json\/wp\/v2\/types\/post"}],"author":[{"embeddable":true,"href":"https:\/\/www.europesays.com\/es\/wp-json\/wp\/v2\/users\/2"}],"replies":[{"embeddable":true,"href":"https:\/\/www.europesays.com\/es\/wp-json\/wp\/v2\/comments?post=750312"}],"version-history":[{"count":0,"href":"https:\/\/www.europesays.com\/es\/wp-json\/wp\/v2\/posts\/750312\/revisions"}],"wp:featuredmedia":[{"embeddable":true,"href":"https:\/\/www.europesays.com\/es\/wp-json\/wp\/v2\/media\/750313"}],"wp:attachment":[{"href":"https:\/\/www.europesays.com\/es\/wp-json\/wp\/v2\/media?parent=750312"}],"wp:term":[{"taxonomy":"category","embeddable":true,"href":"https:\/\/www.europesays.com\/es\/wp-json\/wp\/v2\/categories?post=750312"},{"taxonomy":"post_tag","embeddable":true,"href":"https:\/\/www.europesays.com\/es\/wp-json\/wp\/v2\/tags?post=750312"}],"curies":[{"name":"wp","href":"https:\/\/api.w.org\/{rel}","templated":true}]}}