{"id":750314,"date":"2026-09-06T05:23:22","date_gmt":"2026-09-06T05:23:22","guid":{"rendered":"https:\/\/www.europesays.com\/es\/750314\/"},"modified":"2026-09-06T05:23:22","modified_gmt":"2026-09-06T05:23:22","slug":"el-real-madrid-abusa-de-un-diezmado-baskonia-en-un-duelo-solidario","status":"publish","type":"post","link":"https:\/\/www.europesays.com\/es\/750314\/","title":{"rendered":"El Real Madrid abusa de un diezmado Baskonia en un duelo solidario"},"content":{"rendered":"<p class=\"ft-text\">El Real Madrid empez\u00f3 a engrasar la maquinaria para la novedosa <strong>Supercopa de Euroliga<\/strong> que disputar\u00e1 en unas semanas en Abu Dhabi aprovechando el emotivo<strong> I Memorial Urbano Gonz\u00e1lez<\/strong> para buscar las necesarias conexiones en su remozada plantilla.<\/p>\n<p class=\"ft-text\">Eso s\u00ed, el rival que ten\u00eda enfrente, Kosner Baskonia, que ya hab\u00eda tenido que suspender un encuentro preparatorio anterior por <strong>falta de efectivos<\/strong> no fue el mejor term\u00f3metro para medir su potencial tal y como puso de manifiesto en el insultante marcador final.<\/p>\n<p class=\"ft-text\">En <strong>Le\u00f3n<\/strong> hay hambre desde hace a\u00f1os de baloncesto de elite, el que viviera hasta su \u00faltimo descenso en mayo de 2008 y la posterior desaparici\u00f3n del Baloncesto Le\u00f3n heredero de un Elos\u00faa que en los 90 hiciera morder la lona a todos los grandes que pasaron por su palacio municipal, tanto de la <strong>Liga ACB<\/strong>, como tambi\u00e9n hist\u00f3ricos europeos como Mil\u00e1n o Roma.<\/p>\n<p class=\"ft-text\">Tras la sinergia de aglutinar diferentes clubes bajo el paraguas del f\u00fatbol y la <strong>Cultural y Deportiva Leonesa<\/strong> con el respaldo de la Academia Aspire de Catar, ahora los aficionados sue\u00f1an desde la Segunda FEB con revivir tardes y noches hist\u00f3ricas que a\u00f1oran, como tambi\u00e9n una fase final copera que en el 97 dej\u00f3 en la memoria una inolvidable eliminatoria de cuartos de final entre los dos colosos, <strong>Real Madrid y FC Barcelona.<\/strong><\/p>\n<p class=\"ft-text\">Por eso no es de extra\u00f1ar el ambiente de gala con unas gradas repletas en un d\u00eda tremendamente emotivo como el I Memorial que recordaba la figura de uno de sus \u00abguerrero\u00bb del Elos\u00faa, el malogrado base-escolta Urbano Gonz\u00e1lez, que ahora da nombre al palacio municipal que honra el recuerdo de un luchador por los derechos de los<strong> pacientes de ELA<\/strong> que \u00e9l llev\u00f3 con el m\u00e1ximo aplomo hasta su fallecimiento el pasado mes de enero.<\/p>\n<p class=\"ft-text\">Familiares, amigos y amantes del baloncesto han querido recoger uno de sus sue\u00f1os el poder reunir la flor y nata del baloncesto espa\u00f1ol en una cita de pretemporada para convertirse, con el tiempo, en una de las citas ineludibles en la preparaci\u00f3n y con el a\u00f1adido de su car\u00e1cter solidario porque toda la recaudaci\u00f3n se destinar\u00e1 \u00edntegramente a <strong>FUNDELA -Fundaci\u00f3n Espa\u00f1ola Investigaci\u00f3n Esclerosis Lateral-.<\/strong><\/p>\n<p class=\"ft-text\">El partido era la excusa m\u00e1s que apetecible para ver el nuevo Real Madrid de <strong>Pedro Mart\u00ednez<\/strong> y el estreno de sus novedades, el exbaskonista Luwawu-Cabarrot, el fin\u00e9s Jantunen, la pareja interior Jones-Sarr, uno de los jugadores de confianza del nuevo t\u00e9cnico <strong>Jaime Pradilla <\/strong>o el alero ucraniano formado en la cantera del Colegio Leon\u00e9s y con pedigr\u00ed NBA con Boston Celtics.<\/p>\n<p class=\"ft-text\">La insultante superioridad de los blancos, con pr\u00e1cticamente todo su arsenal frente a un muy diezmado Baskonia, distaba mucho del enfrentamiento de la final copera en Valencia donde los vitorianos sorprendieron al equipo entonces dirigido por <strong>Sergio Scariolo.<\/strong><\/p>\n<p class=\"ft-text\">Con la maquinaria y mu\u00f1ecas engrasadas al m\u00e1ximo, el Real Madrid puso pronto la directa para lograr la friolera de 46 puntos en el primer cuarto y bajar solo puntualmente la intensidad para llegar mandando al descanso 78-39 con un rival donde sus novedades para esta temporada <strong>Duarte, Simmons, Fritch o Lawson<\/strong> poco pod\u00edan hacer ante tanta diferencia en todas las facetas y solo apuntar detalles.<\/p>\n<p class=\"ft-text\">Tras el paso por el vestuario poco cambi\u00f3 porque, a pesar de que los blancos tampoco quisieron hacer demasiada herida aunque antes de cerrar el tercer cuarto ya hab\u00edan superado la centena con un triple precisamente del \u00ablocal\u00bb <strong>Shulga<\/strong>.<\/p>\n<p class=\"ft-text\">Los \u00faltimos diez minutos sirvieron para los detalles individuales, tambi\u00e9n en el bando vitoriano, herido en su orgullo y que intent\u00f3 maquillar m\u00ednimamente el marcador con buenos minutos para Mateo Spagnolo para ganar el \u00faltimo parcial, con el base argentino del Real Madrid <strong>Facundo Campazzo <\/strong>como el MVP del encuentro.<\/p>\n<p>Ficha t\u00e9cnica:<\/p>\n<p class=\"ft-text\"><strong>121-Real Madrid (46+32+28+15):<\/strong> Campazzo (22), Shulga (14), Abalde (11), Okeke (5), Sarr (11); Luwawu-Cabarrot (15), Jantunen (6), Feliz (13), Maledon (14), Pradilla (2), Jones (4), Llull (4).<\/p>\n<p class=\"ft-text\"><strong>80- Kosner Baskonia (26+13+20+21): <\/strong>Lawson (13), Simmons (7), Duarte (8), Frisch (5), Alves (3); Baugh (6), N&#8217;Guessan (12), Spagnolo (19), Souza (-), Ngounoma (7), Alonso (-).<\/p>\n<p class=\"ft-text\"><strong>\u00c1rbitros<\/strong>: Palanca, Carrol y Carpallo.<\/p>\n<p class=\"ft-text\"><strong>Incidencias<\/strong>: Encuentro correspondiente al I Memorial Urbano Gonz\u00e1lez Escapa disputado en el palacio municipal del mismo nombre en Le\u00f3n con 5.000 espectadores. En los proleg\u00f3menos del encuentro la viuda del exjugador de Elos\u00faa Le\u00f3n fallecido y su hermano, junto con el alcalde de Le\u00f3n, Jos\u00e9 Antonio Diez mostraron a los aficionados el cuadro con la camiseta n\u00famero 5 de Urbano que visti\u00f3 durante su etapa de jugador.<\/p>\n","protected":false},"excerpt":{"rendered":"El Real Madrid empez\u00f3 a engrasar la maquinaria para la novedosa Supercopa de Euroliga que disputar\u00e1 en unas&hellip;\n","protected":false},"author":2,"featured_media":750315,"comment_status":"","ping_status":"","sticky":false,"template":"","format":"standard","meta":{"footnotes":""},"categories":[93],"tags":[133383,299,4714,168,68944,25,24,205,798,23,167],"class_list":["post-750314","post","type-post","status-publish","format-standard","has-post-thumbnail","category-deportes","tag-abusa","tag-baloncesto","tag-baskonia","tag-deportes","tag-diezmado","tag-es","tag-espana","tag-madrid","tag-real","tag-spain","tag-sports"],"share_on_mastodon":{"url":"https:\/\/pubeurope.com\/@es\/117222428081646710","error":""},"_links":{"self":[{"href":"https:\/\/www.europesays.com\/es\/wp-json\/wp\/v2\/posts\/750314","targetHints":{"allow":["GET"]}}],"collection":[{"href":"https:\/\/www.europesays.com\/es\/wp-json\/wp\/v2\/posts"}],"about":[{"href":"https:\/\/www.europesays.com\/es\/wp-json\/wp\/v2\/types\/post"}],"author":[{"embeddable":true,"href":"https:\/\/www.europesays.com\/es\/wp-json\/wp\/v2\/users\/2"}],"replies":[{"embeddable":true,"href":"https:\/\/www.europesays.com\/es\/wp-json\/wp\/v2\/comments?post=750314"}],"version-history":[{"count":0,"href":"https:\/\/www.europesays.com\/es\/wp-json\/wp\/v2\/posts\/750314\/revisions"}],"wp:featuredmedia":[{"embeddable":true,"href":"https:\/\/www.europesays.com\/es\/wp-json\/wp\/v2\/media\/750315"}],"wp:attachment":[{"href":"https:\/\/www.europesays.com\/es\/wp-json\/wp\/v2\/media?parent=750314"}],"wp:term":[{"taxonomy":"category","embeddable":true,"href":"https:\/\/www.europesays.com\/es\/wp-json\/wp\/v2\/categories?post=750314"},{"taxonomy":"post_tag","embeddable":true,"href":"https:\/\/www.europesays.com\/es\/wp-json\/wp\/v2\/tags?post=750314"}],"curies":[{"name":"wp","href":"https:\/\/api.w.org\/{rel}","templated":true}]}}