{"id":750336,"date":"2026-09-06T05:47:18","date_gmt":"2026-09-06T05:47:18","guid":{"rendered":"https:\/\/www.europesays.com\/es\/750336\/"},"modified":"2026-09-06T05:47:18","modified_gmt":"2026-09-06T05:47:18","slug":"una-enfermera-canaria-en-el-corazon-del-frente-contra-el-ebola-la-poblacion-congolena-ya-no-sabe-cual-de-todos-los-peligros-es-peor","status":"publish","type":"post","link":"https:\/\/www.europesays.com\/es\/750336\/","title":{"rendered":"Una enfermera canaria en el coraz\u00f3n del frente contra el \u00e9bola: \u00abLa poblaci\u00f3n congole\u00f1a ya no sabe cu\u00e1l de todos los peligros es peor\u00bb"},"content":{"rendered":"<p><img decoding=\"async\" class=\"v-ath__i\" loading=\"lazy\" src=\"https:\/\/www.europesays.com\/es\/wp-content\/uploads\/2026\/09\/autor-3370-foto-1.jpeg\" alt=\"Carmen Delia Aranda Rodr\u00edguez\"\/><\/p>\n<p>06\/09\/2026 a las 05:00h.<\/p>\n<p class=\"v-d-p\">El verano de Pino Gonz\u00e1lez no ha sido pl\u00e1cido. La enfermera canaria pas\u00f3 los meses de junio y julio en Kivu del Sur, en el este de la Rep\u00fablica Democr\u00e1tica del Congo. No fue su primer viaje al pa\u00eds, pero s\u00ed uno de los m\u00e1s complejos. Esta vez acudi\u00f3 como coordinadora de proyectos de M\u00e9dicos del Mundo para dar respuesta a dos epidemias, \u00e9bola y c\u00f3lera, en una regi\u00f3n castigada por d\u00e9cadas de conflicto armado y desplazamientos masivos de poblaci\u00f3n.<\/p>\n<p class=\"v-d-p\">All\u00ed, se encontr\u00f3 con una emergencia que no puede explicarse solo por un virus. La falta de agua potable, las deficientes condiciones de saneamiento, la precariedad de los centros sanitarios, la escasez de personal y material m\u00e9dico y, sobre todo, la guerra forman un c\u00f3ctel que dificulta contener la enfermedad.<\/p>\n<p class=\"v-d-p\">La epidemia de \u00e9bola, declarada en mayo, ya es la segunda m\u00e1s grave de la historia. Hasta el 1 de septiembre, en Rep\u00fablica Democr\u00e1tico del Congo se han registrado 6.250 casos y 3.039 fallecidos, con una letalidad del 48%. <\/p>\n<ul class=\"v-cmp-rld__u\">\n<li class=\"v-cmp-rld__l\">\n<p><a class=\"v-a-lnk\" href=\"http:\/\/www.canarias7.es\/sociedad\/salud\/canarias-ante-ebola-riesgo-bajo-preparada-atender-20260524060000-nt.html#vtm_modulosEngag=noticiasrelacionadas-cmp-uno:sociedad:noticia:1\" data-voc-vtm-id=\"in-text-traffic\" rel=\"nofollow noopener\" target=\"_blank\"><br \/>\n<img decoding=\"async\" loading=\"lazy\" src=\"https:\/\/www.europesays.com\/es\/wp-content\/uploads\/2026\/09\/simulacro-2016-klQH--366x256@Canarias7.jpg\" class=\"v-a-img\" width=\"258\" height=\"180\" alt=\"Canarias ante el \u00e9bola: el riesgo es muy bajo y est\u00e1 preparada para atender casos sospechosos\"\/><br \/>\n<\/a><\/p>\n<p>Carmen Delia Aranda Rodr\u00edguez<\/p>\n<\/li>\n<\/ul>\n<p class=\"v-d-p\">\u00abFrancamente, el panorama no pinta nada bien\u00bb, resume Gonz\u00e1lez, cuya labor fue levantar barreras para impedir que el virus avance. <\/p>\n<p class=\"v-d-p\">M\u00e9dicos del Mundo trabaja en 24 centros de salud de Kivu del Sur y en un centro de tratamiento de c\u00f3lera. En esta zona cuenta con 325 agentes de salud comunitarios, personas seleccionadas por el Ministerio de Sanidad que cumplen un papel esencial: educar a la poblaci\u00f3n, detectar posibles casos y localizar a los contactos de los enfermos, detalla Gonz\u00e1lez.<\/p>\n<p>\nUna epidemia dentro de otra emergencia\n<\/p>\n<p class=\"v-d-p\">El equipo internacional es reducido. De los 120 profesionales de M\u00e9dicos del Mundo en el Congo, solo diez proceden de otros pa\u00edses. El resto son congole\u00f1os.<\/p>\n<p class=\"v-d-p\">Gonz\u00e1lez cuenta que en algunos centros de salud encontr\u00f3 circuitos de pacientes, puntos de triaje, duchas, letrinas o incineradores para residuos. En otros, las condiciones eran muy precarias. El objetivo del proyecto es que todos alcancen unas condiciones m\u00ednimas de seguridad.<\/p>\n<p><img decoding=\"async\" loading=\"lazy\" src=\"https:\/\/www.europesays.com\/es\/wp-content\/uploads\/2026\/09\/centre-de-sante-kabuye-kWLG--680x476@Canarias7.jpg\" class=\"v-a-img\" width=\"680\" height=\"478\" alt=\"PIno Gonz\u00e1lez en el Centro de Salud Kabuye, en la ciudad de Bukavu, en Kivu del Sur.\" data-voc-vtm-id=\"in-text-traffic\"\/><\/p>\n<p>PIno Gonz\u00e1lez en el Centro de Salud Kabuye, en la ciudad de Bukavu, en Kivu del Sur.<\/p>\n<p>(M\u00e9dicos del Mundo)<\/p>\n<p class=\"v-d-p\">El \u00e9bola se propaga por contacto con fluidos corporales de una persona infectada, sobre todo si tiene s\u00edntomas. El problema es que las condiciones en las que viven millones de personas en el este del Congo son todo menos normales. \u00abLo que propicia la transmisi\u00f3n es la falta de medios: no tener acceso a agua, a productos de higiene, a saneamiento\u00bb, se\u00f1ala la enfermera. A ello se suma la falta de informaci\u00f3n. Y despu\u00e9s, la guerra.<\/p>\n<p>\nHuir con un colch\u00f3n sobre la cabeza\n<\/p>\n<p class=\"v-d-p\">Kivu del Sur acoge a unas 1,7 millones de desplazados. En el conjunto del pa\u00eds son siete millones. Familias enteras dejan sus hogares tras los ataques y huyen a lugares que consideran m\u00e1s seguros. Esa movilidad complica una tarea b\u00e1sica para frenar una epidemia: seguir el rastro de quienes han estado en contacto con una persona infectada.<\/p>\n<p class=\"v-d-p\">La enfermera recuerda escenas que dif\u00edcilmente encajan con la idea de una epidemia. Personas caminando con ni\u00f1os en brazos o a la espalda, llevando un colch\u00f3n sobre la cabeza y cargando con las pocas pertenencias que han podido salvar. Huyen de los ataques y del hambre. El \u00e9bola es un problema a\u00f1adido. \u00abEs una poblaci\u00f3n que vive con miedo, resignada, porque ya no sabe cu\u00e1l de todos los peligros es peor\u00bb, relata.<\/p>\n<p>\nEl agua que no llega\n<\/p>\n<p class=\"v-d-p\">Hay un lugar donde se percibe con crudeza la dimensi\u00f3n de la emergencia: los puntos de abastecimiento de agua. All\u00ed se juntan personas que caminan kil\u00f3metros para buscarla; la mayor\u00eda, mujeres, ni\u00f1as y ni\u00f1os.<\/p>\n<p class=\"v-d-p\">Para atajar el \u00e9bola y el c\u00f3lera es b\u00e1sica la higiene de manos, la desinfecci\u00f3n y el consumo de agua y alimentos seguros. \u00ab\u00bfC\u00f3mo podemos hablar de prevenir cualquiera de estas patolog\u00edas, tan relacionadas con unas condiciones de vida m\u00ednimas, donde la poblaci\u00f3n no tiene ni siquiera agua para lavarse las manos o agua que sea potable?\u00bb, se pregunta Gonz\u00e1lez.<\/p>\n<p class=\"v-d-p\">Los sanitarios est\u00e1n m\u00e1s expuestos. Los primeros s\u00edntomas del \u00e9bola \u2013fiebre, cefalea, dolores musculares y articulares, diarrea, v\u00f3mitos o dolor de garganta\u2013 pueden confundirse con enfermedades habituales en la zona, como la malaria. Esa similitud puede resultar fatal.<\/p>\n<p class=\"v-d-p\">De ah\u00ed la importancia de formar al personal sanitario para reconocer los casos sospechosos y protegerse. M\u00e9dicos del Mundo ha repartido kits con batas impermeables, guantes, mascarillas, botas y gafas en los 24 centros de salud. Tambi\u00e9n facilitan productos de desinfecci\u00f3n y dispositivos port\u00e1tiles para el lavado de manos.<\/p>\n<p>\nUn entierro tambi\u00e9n puede ser un campo de batalla\n<\/p>\n<p class=\"v-d-p\">Cuando una persona fallece por la \u00e9bola, la carga viral de los fluidos corporales puede causar contagios. Los enterramientos representan un riesgo de transmisi\u00f3n. Pero no se puede pedir a una familia que renuncie a sus costumbres funerarias. \u00abSon ritos importantes en cualquier cultura\u00bb, recalca Gonz\u00e1lez. Por eso los equipos tratan de que los entierros sean seguros sin dejar de ser dignos. <\/p>\n<p class=\"v-d-p\">El procedimiento incluye la desinfecci\u00f3n con agua clorada, la introducci\u00f3n del cuerpo en un saco mortuorio y su traslado a una zona concreta para el enterramiento.<\/p>\n<p class=\"v-d-p\">Pero, a perro flaco, todo son pulgas. \u00abFaltan profesionales, laboratorios, ambulancias&#8230; En este momento, no contamos con medios suficientes para llevar a cabo todas estas acciones\u00bb, advierte Gonz\u00e1lez, que pide a la poblaci\u00f3n canaria que apoye a las organizaciones que trabajan sobre este peligroso y desalentador terreno. <\/p>\n","protected":false},"excerpt":{"rendered":"06\/09\/2026 a las 05:00h. El verano de Pino Gonz\u00e1lez no ha sido pl\u00e1cido. La enfermera canaria pas\u00f3 los&hellip;\n","protected":false},"author":2,"featured_media":750337,"comment_status":"","ping_status":"","sticky":false,"template":"","format":"standard","meta":{"footnotes":""},"categories":[92],"tags":[7221,120230,4835,34141,44770,25,24,3419,165,3892,946,696,8828,166,23],"class_list":["post-750336","post","type-post","status-publish","format-standard","has-post-thumbnail","category-salud","tag-canaria","tag-congolena","tag-corazon","tag-ebola","tag-enfermera","tag-es","tag-espana","tag-frente","tag-health","tag-peligros","tag-peor","tag-poblacion","tag-sabe","tag-salud","tag-spain"],"share_on_mastodon":{"url":"https:\/\/pubeurope.com\/@es\/117222523563988014","error":""},"_links":{"self":[{"href":"https:\/\/www.europesays.com\/es\/wp-json\/wp\/v2\/posts\/750336","targetHints":{"allow":["GET"]}}],"collection":[{"href":"https:\/\/www.europesays.com\/es\/wp-json\/wp\/v2\/posts"}],"about":[{"href":"https:\/\/www.europesays.com\/es\/wp-json\/wp\/v2\/types\/post"}],"author":[{"embeddable":true,"href":"https:\/\/www.europesays.com\/es\/wp-json\/wp\/v2\/users\/2"}],"replies":[{"embeddable":true,"href":"https:\/\/www.europesays.com\/es\/wp-json\/wp\/v2\/comments?post=750336"}],"version-history":[{"count":0,"href":"https:\/\/www.europesays.com\/es\/wp-json\/wp\/v2\/posts\/750336\/revisions"}],"wp:featuredmedia":[{"embeddable":true,"href":"https:\/\/www.europesays.com\/es\/wp-json\/wp\/v2\/media\/750337"}],"wp:attachment":[{"href":"https:\/\/www.europesays.com\/es\/wp-json\/wp\/v2\/media?parent=750336"}],"wp:term":[{"taxonomy":"category","embeddable":true,"href":"https:\/\/www.europesays.com\/es\/wp-json\/wp\/v2\/categories?post=750336"},{"taxonomy":"post_tag","embeddable":true,"href":"https:\/\/www.europesays.com\/es\/wp-json\/wp\/v2\/tags?post=750336"}],"curies":[{"name":"wp","href":"https:\/\/api.w.org\/{rel}","templated":true}]}}