{"id":750348,"date":"2026-09-06T05:53:17","date_gmt":"2026-09-06T05:53:17","guid":{"rendered":"https:\/\/www.europesays.com\/es\/750348\/"},"modified":"2026-09-06T05:53:17","modified_gmt":"2026-09-06T05:53:17","slug":"la-aficion-del-real-zaragoza-supera-el-duelo-hay-que-confiar-en-el-proyecto","status":"publish","type":"post","link":"https:\/\/www.europesays.com\/es\/750348\/","title":{"rendered":"La afici\u00f3n del Real Zaragoza supera el duelo: \u00abHay que confiar en el proyecto\u00bb"},"content":{"rendered":"<p class=\"c-paragraph\">Dicen que el duelo ante un suceso traum\u00e1tico tiene varias fases, que empiezan por la negaci\u00f3n, pasa por la ira, la negociaci\u00f3n, la depresi\u00f3n y acaba en la aceptaci\u00f3n. Cada zaragocista sabr\u00e1 en qu\u00e9 punto est\u00e1 tras el impacto del descenso de la temporada pasada, pero ayer todos se tuvieron que enfrentar con el reencuentro con el lugar de los hechos. E<a href=\"https:\/\/www.heraldo.es\/noticias\/deportes\/futbol\/real-zaragoza\/2026\/09\/05\/espiau-da-real-zaragoza-primera-alegria-temporada-minuto-90-2049812.html\" title=\"Espiau da al Real Zaragoza la primera alegr\u00eda de la temporada en el minuto 90\" rel=\"nofollow noopener\" target=\"_blank\">l Real Zaragoza volv\u00eda al Ibercaja Estadio<\/a> para vivir por primera vez en casa lo que es esto de jugar fuera del f\u00fatbol profesional. Todo era un poco nuevo. <b>El inh\u00f3spito territorio en el que se ha metido tuvo su primera aventura en campo propio ante el Antequera,<\/b> en una noche bochornosa por la temperatura y la humedad, que en alg\u00fan momento pareci\u00f3 que lo ser\u00eda tambi\u00e9n por el resultado.<\/p>\n","protected":false},"excerpt":{"rendered":"Dicen que el duelo ante un suceso traum\u00e1tico tiene varias fases, que empiezan por la negaci\u00f3n, pasa por&hellip;\n","protected":false},"author":2,"featured_media":750349,"comment_status":"","ping_status":"","sticky":false,"template":"","format":"standard","meta":{"footnotes":""},"categories":[5],"tags":[3437,17,18,320,25,24,13,14,1634,11,19,20,9,10,15,16,2074,23,5378,12,21,22],"class_list":["post-750348","post","type-post","status-publish","format-standard","has-post-thumbnail","category-titulares","tag-aficion","tag-breaking-news","tag-breakingnews","tag-duelo","tag-es","tag-espana","tag-featured-news","tag-featurednews","tag-hay","tag-headlines","tag-latest-news","tag-latestnews","tag-news","tag-noticias","tag-noticias-destacadas","tag-noticiasdestacadas","tag-que","tag-spain","tag-supera","tag-titulares","tag-ultimas-noticias","tag-ultimasnoticias"],"share_on_mastodon":{"url":"https:\/\/pubeurope.com\/@es\/117222546149652333","error":""},"_links":{"self":[{"href":"https:\/\/www.europesays.com\/es\/wp-json\/wp\/v2\/posts\/750348","targetHints":{"allow":["GET"]}}],"collection":[{"href":"https:\/\/www.europesays.com\/es\/wp-json\/wp\/v2\/posts"}],"about":[{"href":"https:\/\/www.europesays.com\/es\/wp-json\/wp\/v2\/types\/post"}],"author":[{"embeddable":true,"href":"https:\/\/www.europesays.com\/es\/wp-json\/wp\/v2\/users\/2"}],"replies":[{"embeddable":true,"href":"https:\/\/www.europesays.com\/es\/wp-json\/wp\/v2\/comments?post=750348"}],"version-history":[{"count":0,"href":"https:\/\/www.europesays.com\/es\/wp-json\/wp\/v2\/posts\/750348\/revisions"}],"wp:featuredmedia":[{"embeddable":true,"href":"https:\/\/www.europesays.com\/es\/wp-json\/wp\/v2\/media\/750349"}],"wp:attachment":[{"href":"https:\/\/www.europesays.com\/es\/wp-json\/wp\/v2\/media?parent=750348"}],"wp:term":[{"taxonomy":"category","embeddable":true,"href":"https:\/\/www.europesays.com\/es\/wp-json\/wp\/v2\/categories?post=750348"},{"taxonomy":"post_tag","embeddable":true,"href":"https:\/\/www.europesays.com\/es\/wp-json\/wp\/v2\/tags?post=750348"}],"curies":[{"name":"wp","href":"https:\/\/api.w.org\/{rel}","templated":true}]}}