{"id":750378,"date":"2026-09-06T06:27:24","date_gmt":"2026-09-06T06:27:24","guid":{"rendered":"https:\/\/www.europesays.com\/es\/750378\/"},"modified":"2026-09-06T06:27:24","modified_gmt":"2026-09-06T06:27:24","slug":"tres-ciudades-16-anos-y-us-1-000-millones-despues-abre-sus-puertas-el-museo-lucas-de-arte-narrativo","status":"publish","type":"post","link":"https:\/\/www.europesays.com\/es\/750378\/","title":{"rendered":"Tres ciudades, 16 a\u00f1os y US$ 1.000 millones despu\u00e9s, abre sus puertas el Museo Lucas de Arte Narrativo"},"content":{"rendered":"<p>      Los \u00c1ngelesCNN\u00a0\u2014\u00a0\n    <\/p>\n<p class=\"paragraph inline-placeholder vossi-paragraph\" data-uri=\"es.cms.cnn.com\/_components\/paragraph\/instances\/cmtpadzh4004n28p80hggf89k@published\" data-editable=\"text\" data-component-name=\"paragraph\" data-article-gutter=\"true\">\n            En los jardines del tan esperado Museo Lucas de Arte Narrativo, una reproducci\u00f3n del siglo XIX de la escultura de Antonin Merci\u00e9 en la que David vence a Goliat se encuentra junto a una estatua de bronce de la princesa Leia estrangulando con una cadena a Jabba el Hutt. Rosie la Remachadora permanece cerca, con la mirada apartada.\n    <\/p>\n<p class=\"paragraph inline-placeholder vossi-paragraph\" data-uri=\"es.cms.cnn.com\/_components\/paragraph\/instances\/cmtpas9h80006356rjy46clsx@published\" data-editable=\"text\" data-component-name=\"paragraph\" data-article-gutter=\"true\">\n            Una colecci\u00f3n de compa\u00f1eros de cama poco habituales, quiz\u00e1. Pero este grupo de desfavorecidos tambi\u00e9n ofrece una bienvenida apropiada a una nueva y extensa instituci\u00f3n que, a cada paso, sostiene que todas las formas de arte y mitolog\u00eda expuestas aqu\u00ed \u2014desde ilustraciones de c\u00f3mics y arte conceptual de \u201cStar Wars\u201d hasta obras maestras impresionistas y reproducciones de la Capilla Sixtina\u2014 merecen la misma consideraci\u00f3n dentro del largo arco de la historia humana.\n    <\/p>\n<p class=\"paragraph inline-placeholder vossi-paragraph\" data-uri=\"es.cms.cnn.com\/_components\/paragraph\/instances\/cmtpasdul0008356rolwyw66m@published\" data-editable=\"text\" data-component-name=\"paragraph\" data-article-gutter=\"true\">\n            M\u00e1s de 16 a\u00f1os despu\u00e9s de proponer por primera vez una instituci\u00f3n cultural dedicada a la narraci\u00f3n visual, el cineasta George Lucas y su esposa, la empresaria Mellody Hobson, inaugurar\u00e1n su tan esperado museo en Los \u00c1ngeles el 22 de septiembre. El proyecto tuvo dos comienzos fallidos \u2014los planes para construirlo en San Francisco y Chicago terminaron siendo abandonados\u2014 y Lucas ha invertido alrededor de US$ 1.000 millones de su propio dinero en su construcci\u00f3n (como referencia, el Centro Presidencial Obama, inaugurado recientemente, cost\u00f3 US$ 850 millones).\n    <\/p>\n<p class=\"paragraph inline-placeholder vossi-paragraph\" data-uri=\"es.cms.cnn.com\/_components\/paragraph\/instances\/cmtpat2mw000d356r41x6wwjw@published\" data-editable=\"text\" data-component-name=\"paragraph\" data-article-gutter=\"true\">\n            En el interior, los visitantes encontrar\u00e1n una parte importante de la colecci\u00f3n privada de Lucas, reunida a lo largo de cinco d\u00e9cadas y que abarca obras de arte, vestuario, utiler\u00eda cinematogr\u00e1fica y recuerdos, con m\u00e1s de 1.300 objetos expuestos actualmente en 30 galer\u00edas.\n    <\/p>\n<p class=\"paragraph inline-placeholder vossi-paragraph\" data-uri=\"es.cms.cnn.com\/_components\/paragraph\/instances\/cmtpatab7000i356ro50tgjqy@published\" data-editable=\"text\" data-component-name=\"paragraph\" data-article-gutter=\"true\">\n            \u201cHa sido un largo camino\u201d, dijo Lucas a los periodistas durante una presentaci\u00f3n privada para la prensa el mi\u00e9rcoles. \u201cParte del problema es que soy un inconformista. No me gusta hacer cosas que la gente cree que pueden hacerse\u201d.\n    <\/p>\n<p>       <img decoding=\"async\" src=\"https:\/\/www.europesays.com\/es\/wp-content\/uploads\/2026\/09\/escultura-yoda-museo-lucas.jpg\" alt=\"El arte conceptual de \" star=\"\" wars=\"\" solo=\"\" ocupa=\"\" alrededor=\"\" del=\"\" museo.=\"\" class=\"image_expandable__dam-img image_expandable__dam-img--loading\" onload=\"this.classList.remove('image_expandable__dam-img--loading')\" onerror=\"imageLoadError(this)\" height=\"1250\" width=\"834\" loading=\"lazy\"\/><\/p>\n<p>       <img decoding=\"async\" src=\"https:\/\/www.europesays.com\/es\/wp-content\/uploads\/2026\/09\/escultura-antonin-mercie.jpg\" alt=\"Una reproducci\u00f3n del siglo XIX de la escultura de Antonin Merci\u00e9 que representa a David venciendo a Goliat se encuentra en el exterior del museo.\" class=\"image_expandable__dam-img image_expandable__dam-img--loading\" onload=\"this.classList.remove('image_expandable__dam-img--loading')\" onerror=\"imageLoadError(this)\" height=\"1950\" width=\"1300\" loading=\"lazy\"\/><\/p>\n<p class=\"paragraph inline-placeholder vossi-paragraph\" data-uri=\"es.cms.cnn.com\/_components\/paragraph\/instances\/cmtpauv5f000q356r6v02186l@published\" data-editable=\"text\" data-component-name=\"paragraph\" data-article-gutter=\"true\">\n            \u201cEste proyecto casi quebr\u00f3 mi voluntad\u201d, a\u00f1adi\u00f3, \u201cpero la magn\u00edfica gente que hemos reunido para llevarlo a cabo ha supuesto una gran ventaja. Aun as\u00ed, tuvimos que lidiar con burocracias y personas que piensan de manera opuesta, pero logramos abrirnos paso a trav\u00e9s de todo eso\u201d.\n    <\/p>\n<p>       <img decoding=\"async\" src=\"https:\/\/www.europesays.com\/es\/wp-content\/uploads\/2026\/09\/maniqui-luke-skywalker.jpg\" alt=\"El museo cuenta actualmente con m\u00e1s de 1.300 objetos expuestos en 30 galer\u00edas.\" class=\"image_expandable__dam-img image_expandable__dam-img--loading\" onload=\"this.classList.remove('image_expandable__dam-img--loading')\" onerror=\"imageLoadError(this)\" height=\"1251\" width=\"834\" loading=\"lazy\"\/><\/p>\n<p>       <img decoding=\"async\" src=\"https:\/\/www.europesays.com\/es\/wp-content\/uploads\/2026\/09\/rdd2-c3po-museo-lucas.jpg\" alt=\"El museo define el arte narrativo como cualquier forma de arte que cuenta una historia.\" class=\"image_expandable__dam-img image_expandable__dam-img--loading\" onload=\"this.classList.remove('image_expandable__dam-img--loading')\" onerror=\"imageLoadError(this)\" height=\"1251\" width=\"834\" loading=\"lazy\"\/><\/p>\n<p class=\"paragraph inline-placeholder vossi-paragraph\" data-uri=\"es.cms.cnn.com\/_components\/paragraph\/instances\/cmtpav8w8000s356r6ayvo7j3@published\" data-editable=\"text\" data-component-name=\"paragraph\" data-article-gutter=\"true\">\n            Muchos aficionados acudir\u00e1n por los veh\u00edculos de \u201cStar Wars\u201d y las esculturas de Yoda y Grogu, pero la megafranquicia de ciencia ficci\u00f3n solo ocupa alrededor del 7 % del museo. Lucas y Hobson apuestan a que esos visitantes se quedar\u00e1n para contemplar obras de <a href=\"https:\/\/www.google.com\/goto?url=CAESwAEB6zswFflUH-eY1De-hCv8jLxIrUoBdCNaNU-i0eMm8IGl2pmqxSHwIqpzetoRLMS7XCUCb7zUN8CcwkH3yXXd74Zz5e73KXzAd1mfQ4BNrWslwIplBr93gr7OcDfK8kTeltFu-FHWV0rqzp7O6l9olYJZXIbF53nLPZlov0S0R_olfN2zU3fi4eQoxzSmjN3109W0puUfj6frimFGrn74uc-D7hARD5Q2Fkm7foKEkyi2frLGQqAV12i4PoQmIzg\" target=\"_blank\" rel=\"nofollow noopener\">Frida Kahlo<\/a> y Norman Rockwell, fotograf\u00edas de Gordon Parks, c\u00f3mics de Frank Miller y el anime \u201c<a href=\"https:\/\/www.imdb.com\/title\/tt0213338\/?_ssoLoop=1\" target=\"_blank\" rel=\"nofollow noopener\">Cowboy Bebop<\/a>\u201d, que se proyectar\u00e1 en una de las dos salas junto con las primeras pel\u00edculas mudas, los filmes estudiantiles del propio Lucas y producciones de c\u00e9lebres artistas hist\u00f3ricos como Man Ray.\n    <\/p>\n<p>        Considerando el canon<\/p>\n<p class=\"paragraph inline-placeholder vossi-paragraph\" data-uri=\"es.cms.cnn.com\/_components\/paragraph\/instances\/cmtpavhn5000x356rklcoxonj@published\" data-editable=\"text\" data-component-name=\"paragraph\" data-article-gutter=\"true\">\n            En los \u00faltimos a\u00f1os, importantes instituciones art\u00edsticas como el Museo de Arte Moderno de Nueva York y la Tate Britain de Londres han reconsiderado el canon cultural al <a href=\"https:\/\/www.nytimes.com\/2019\/10\/10\/arts\/design\/moma-rehang-review-art.html\" target=\"_blank\" rel=\"nofollow noopener\">reorganizar sus colecciones permanentes<\/a> y exponer a artistas ignorados o marginados junto a nombres m\u00e1s c\u00e9lebres. El Museo Lucas parece seguir una filosof\u00eda similar, al sostener que la solemnidad de una obra de arte no est\u00e1 determinada \u00fanicamente por su exhibici\u00f3n en un espacio, sino tambi\u00e9n por aquello con lo que dialoga. Lucas incluso ha llamado al <a href=\"https:\/\/www.youtube.com\/watch?v=SWdwiFlxu2E\" target=\"_blank\" rel=\"nofollow noopener\">museo que lleva su nombre<\/a> \u201cun templo al arte del pueblo\u201d, ensalzando la obra de ilustradores y otras formas de arte poco valoradas.\n    <\/p>\n<p class=\"paragraph inline-placeholder vossi-paragraph\" data-uri=\"es.cms.cnn.com\/_components\/paragraph\/instances\/cmtpax0k50012356rv9jerhhn@published\" data-editable=\"text\" data-component-name=\"paragraph\" data-article-gutter=\"true\">\n            La colecci\u00f3n tambi\u00e9n se eleva en sentido literal. Ubicado en el interior de un sinuoso edificio blanco dise\u00f1ado por MAD Architects y Stantec, el Museo Lucas parece una nave espacial suspendida sobre Exposition Park, en el sur de Los \u00c1ngeles. Sin embargo, el arquitecto y fundador de MAD, Ma Yansong, dijo que para el edificio de 28.000 metros cuadrados se inspir\u00f3 en las formas de las nubes.\n    <\/p>\n<p>       <img decoding=\"async\" src=\"https:\/\/www.europesays.com\/es\/wp-content\/uploads\/2026\/09\/museo-lucas-los-angeles-2.jpg\" alt=\"El museo tiene un dise\u00f1o futurista, con su forma curvil\u00ednea y sus ascensores tubulares.\" class=\"image_expandable__dam-img image_expandable__dam-img--loading\" onload=\"this.classList.remove('image_expandable__dam-img--loading')\" onerror=\"imageLoadError(this)\" height=\"520\" width=\"780\" loading=\"lazy\"\/><\/p>\n<p>       <img decoding=\"async\" src=\"https:\/\/www.europesays.com\/es\/wp-content\/uploads\/2026\/09\/museo-lucas-los-angeles-3.jpg\" alt=\"Los planes iniciales para construir el museo en San Francisco y Chicago fueron abandonados.\" class=\"image_expandable__dam-img image_expandable__dam-img--loading\" onload=\"this.classList.remove('image_expandable__dam-img--loading')\" onerror=\"imageLoadError(this)\" height=\"520\" width=\"780\" loading=\"lazy\"\/><\/p>\n<p class=\"paragraph inline-placeholder vossi-paragraph\" data-uri=\"es.cms.cnn.com\/_components\/paragraph\/instances\/cmtpaxzfd001a356rax9tfynu@published\" data-editable=\"text\" data-component-name=\"paragraph\" data-article-gutter=\"true\">\n            \u201cEn realidad, el edificio tiene menos que ver con la forma y m\u00e1s con la experiencia dentro del espacio\u201d, explic\u00f3 durante la presentaci\u00f3n a la prensa. \u201cQuer\u00eda que la plaza central fuera muy espiritual; todos los que vayan all\u00ed pueden imaginar algo muy diferente\u201d.\n    <\/p>\n<p class=\"paragraph inline-placeholder vossi-paragraph\" data-uri=\"es.cms.cnn.com\/_components\/paragraph\/instances\/cmtpb0bug001n356r6ojpusr5@published\" data-editable=\"text\" data-component-name=\"paragraph\" data-article-gutter=\"true\">\n            Esta elevada ambici\u00f3n se percibe en todas partes, desde los ascensores futuristas con forma de tubo hasta la inesperada incorporaci\u00f3n, a \u00faltima hora, de una exposici\u00f3n en la planta superior dedicada a murales originales de Banksy, que algunos empleados ni siquiera hab\u00edan visto todav\u00eda. El museo define el arte narrativo como cualquier arte que cuenta una historia y, al recorrer el espacio, se percibe la enormidad de la tarea de organizar y presentar una visi\u00f3n tan amplia.\n    <\/p>\n<p class=\"paragraph inline-placeholder vossi-paragraph\" data-uri=\"es.cms.cnn.com\/_components\/paragraph\/instances\/cmtpazks8001d356rk0r7u303@published\" data-editable=\"text\" data-component-name=\"paragraph\" data-article-gutter=\"true\">\n            \u201cEl arte narrativo es importante porque representa los mitos que nos arraigan, las historias en las que creemos\u201d, dijo Hobson en sus palabras de apertura junto a Lucas. \u201cPuede que no sean necesariamente ciertas, pero nos unen como familias, como comunidades, como pa\u00edses, como naciones\u201d.\n    <\/p>\n<p class=\"paragraph inline-placeholder vossi-paragraph\" data-uri=\"es.cms.cnn.com\/_components\/paragraph\/instances\/cmtpazuf1001h356ratay7t8l@published\" data-editable=\"text\" data-component-name=\"paragraph\" data-article-gutter=\"true\">\n            En la planta baja, la exposici\u00f3n inaugural \u201cHistoria del arte narrativo\u201d se parece m\u00e1s a un recorrido por un museo de historia natural, como si se estuviera presentando a visitantes no humanos los grandes artefactos de la creatividad humana, exhibidos en vitrinas de cristal o proyectados digitalmente sobre las paredes de las galer\u00edas. Aqu\u00ed se pueden encontrar recreaciones de antiguas pinturas rupestres, la Capilla Sixtina, la Loba Capitolina con R\u00f3mulo y Remo y un retrato de Enrique VIII, combinando reproducciones y formas alternativas de presentar obras que no pod\u00edan trasladarse f\u00edsicamente al museo.\n    <\/p>\n<p>       <img decoding=\"async\" src=\"https:\/\/www.europesays.com\/es\/wp-content\/uploads\/2026\/09\/museo-lucas-los-angeles-4.jpg\" alt=\"Lucas llam\u00f3 al museo que lleva su nombre \" un=\"\" templo=\"\" del=\"\" arte=\"\" pueblo=\"\" class=\"image_expandable__dam-img image_expandable__dam-img--loading\" onload=\"this.classList.remove('image_expandable__dam-img--loading')\" onerror=\"imageLoadError(this)\" height=\"877\" width=\"1316\" loading=\"lazy\"\/><\/p>\n<p class=\"paragraph inline-placeholder vossi-paragraph\" data-uri=\"es.cms.cnn.com\/_components\/paragraph\/instances\/cmtpb0q63001r356r7xxikgqc@published\" data-editable=\"text\" data-component-name=\"paragraph\" data-article-gutter=\"true\">\n            Un viaje en ascensor hasta el cuarto piso lo lleva al lugar donde se alberga la mayor parte de la colecci\u00f3n del museo. Los visitantes pueden recorrer desde una colecci\u00f3n de pinturas de Rockwell, incluida la famosa obra de la \u00e9poca de los derechos civiles \u201cThe Problem We All Live With\u201d, hasta una sala en la que se exhibe el deslizador terrestre X-34 de Luke Skywalker. Algunas salas est\u00e1n dedicadas a artistas individuales, como Rockwell y el artista de fantas\u00eda Frank Frazetta. Otras est\u00e1n organizadas por temas: aventura, romance, vida c\u00edvica. El dise\u00f1o curvil\u00edneo de planta abierta hace que las galer\u00edas no est\u00e9n completamente separadas, lo que refuerza el car\u00e1cter integral de la colecci\u00f3n, aunque, en conjunto, la enorme variedad de piezas expuestas a veces carece de cohesi\u00f3n.\n    <\/p>\n<p class=\"paragraph inline-placeholder vossi-paragraph\" data-uri=\"es.cms.cnn.com\/_components\/paragraph\/instances\/cmtpb1tnt001u356rdb3v7xlk@published\" data-editable=\"text\" data-component-name=\"paragraph\" data-article-gutter=\"true\">\n            La curadur\u00eda inconexa puede reflejar la turbulencia en la gesti\u00f3n del museo de cara a la inauguraci\u00f3n. El pasado abril, la exdirectora y CEO Sandra Jackson-Dumont dej\u00f3 el cargo, y el propio Lucas asumi\u00f3 la responsabilidad de la \u201cdirecci\u00f3n de contenidos\u201d. Un mes despu\u00e9s, el museo despidi\u00f3 a 15 empleados de tiempo completo y a siete de tiempo parcial, antes de que la curadora en jefe Pilar Tompkins Rivas renunciara en diciembre, sin que estuviera previsto reemplazarla.\n    <\/p>\n<p>       <img decoding=\"async\" src=\"https:\/\/www.europesays.com\/es\/wp-content\/uploads\/2026\/09\/museo-lucas-los-angeles-5.jpg\" alt=\"Algunas de las salas del museo est\u00e1n organizadas por temas: aventura, romance, vida c\u00edvica.\" class=\"image_expandable__dam-img image_expandable__dam-img--loading\" onload=\"this.classList.remove('image_expandable__dam-img--loading')\" onerror=\"imageLoadError(this)\" height=\"867\" width=\"1300\" loading=\"lazy\"\/><\/p>\n<p>       <img decoding=\"async\" src=\"https:\/\/www.europesays.com\/es\/wp-content\/uploads\/2026\/09\/museo-lucas-los-angeles-6.jpg\" alt=\"La exposici\u00f3n \" historia=\"\" del=\"\" arte=\"\" narrativo=\"\" muestra=\"\" recreaciones=\"\" de=\"\" antiguas=\"\" pinturas=\"\" rupestres=\"\" la=\"\" capilla=\"\" sixtina=\"\" loba=\"\" capitolina=\"\" con=\"\" r=\"\" y=\"\" remo=\"\" un=\"\" retrato=\"\" enrique=\"\" viii.=\"\" class=\"image_expandable__dam-img image_expandable__dam-img--loading\" onload=\"this.classList.remove('image_expandable__dam-img--loading')\" onerror=\"imageLoadError(this)\" height=\"867\" width=\"1300\" loading=\"lazy\"\/><\/p>\n<p class=\"paragraph inline-placeholder vossi-paragraph\" data-uri=\"es.cms.cnn.com\/_components\/paragraph\/instances\/cmtpb2qgk0021356rnckzkrmk@published\" data-editable=\"text\" data-component-name=\"paragraph\" data-article-gutter=\"true\">\n            En la presentaci\u00f3n previa para la prensa, la actual CEO, Tracey Bates, sostuvo que Lucas \u201csiempre ha ocupado un lugar privilegiado en el proceso curatorial\u201d. A\u00f1adi\u00f3: \u201cSiempre fue el comisario principal. As\u00ed que eso, en realidad, no ha cambiado. Su visi\u00f3n siempre ha sido la misma\u201d.\n    <\/p>\n<p class=\"paragraph inline-placeholder vossi-paragraph\" data-uri=\"es.cms.cnn.com\/_components\/paragraph\/instances\/cmtpb3h9m0024356r0wcilm5f@published\" data-editable=\"text\" data-component-name=\"paragraph\" data-article-gutter=\"true\">\n            Desde que el museo se anunci\u00f3 por primera vez en 2010, los cr\u00edticos han cuestionado si se trata de un proyecto de vanidad del cineasta (el precio de US$ 25 de la entrada para adultos y las elevadas cuotas de afiliaci\u00f3n han irritado a\u00fan m\u00e1s a sus detractores). Tras no lograr conseguir un emplazamiento en San Francisco, Lucas se enfrent\u00f3 a la oposici\u00f3n p\u00fablica y a una demanda en Chicago, donde la organizaci\u00f3n sin fines de lucro Friends of the Parks argument\u00f3 que su propuesta para la zona ribere\u00f1a del lago supondr\u00eda, en esencia, privatizar terrenos p\u00fablicos.\n    <\/p>\n<p class=\"paragraph inline-placeholder vossi-paragraph\" data-uri=\"es.cms.cnn.com\/_components\/paragraph\/instances\/cmtpb3jo20026356r3d9oy6cl@published\" data-editable=\"text\" data-component-name=\"paragraph\" data-article-gutter=\"true\">\n            En medio de los retrasos y contratiempos, el mero hecho de abrir el museo puede parecer una victoria para sus fundadores. Por ahora, no est\u00e1 claro c\u00f3mo podr\u00edan gestionar las futuras exposiciones, si organizar\u00e1n nuevas muestras de la colecci\u00f3n permanente o recurrir\u00e1n a encargos y pr\u00e9stamos.\n    <\/p>\n<p>       <img decoding=\"async\" src=\"https:\/\/www.europesays.com\/es\/wp-content\/uploads\/2026\/09\/museo-lucas-los-angeles-7.jpg\" alt=\"El museo alberga obras de arte de Frida Kahlo y Norman Rockwell, fotograf\u00edas de Gordon Parks y c\u00f3mics de Frank Miller.\" class=\"image_expandable__dam-img image_expandable__dam-img--loading\" onload=\"this.classList.remove('image_expandable__dam-img--loading')\" onerror=\"imageLoadError(this)\" height=\"877\" width=\"1316\" loading=\"lazy\"\/><\/p>\n<p class=\"paragraph inline-placeholder vossi-paragraph\" data-uri=\"es.cms.cnn.com\/_components\/paragraph\/instances\/cmtpb4dfn002a356rnwhgkod6@published\" data-editable=\"text\" data-component-name=\"paragraph\" data-article-gutter=\"true\">\n            \u201cTodav\u00eda estamos resolviendo algunas cosas\u201d, dijo el curador principal y director de cine, Ryan Linkof, en el acto de prensa del mi\u00e9rcoles, y a\u00f1adi\u00f3: \u201cY tenemos todo tipo de ideas sobre lo que vendr\u00e1 despu\u00e9s\u201d.\n    <\/p>\n<p class=\"paragraph inline-placeholder vossi-paragraph\" data-uri=\"es.cms.cnn.com\/_components\/paragraph\/instances\/cmtpb4io9002d356r1zudngj1@published\" data-editable=\"text\" data-component-name=\"paragraph\" data-article-gutter=\"true\">\n            \u201cHay ciertas exposiciones que s\u00ed necesitan rotarse, simplemente por el hecho de que son obras sobre papel \u2014c\u00f3mics, fotograf\u00eda, ilustraciones de libros infantiles, cosas hechas con materiales fr\u00e1giles\u2014. Puede que haya exposiciones que permanezcan durante m\u00e1s tiempo. Pero siempre habr\u00e1 algo nuevo que ver en el Museo Lucas\u201d.\n    <\/p>\n","protected":false},"excerpt":{"rendered":"Los \u00c1ngelesCNN\u00a0\u2014\u00a0 En los jardines del tan esperado Museo Lucas de Arte Narrativo, una reproducci\u00f3n del siglo XIX&hellip;\n","protected":false},"author":2,"featured_media":750379,"comment_status":"","ping_status":"","sticky":false,"template":"","format":"standard","meta":{"footnotes":""},"categories":[173],"tags":[229,233,231,230,232,234,146,147,25,24,66183,3691,470,133388,23,3186],"class_list":["post-750378","post","type-post","status-publish","format-standard","has-post-thumbnail","category-arte-y-diseno","tag-arte","tag-arte-y-diseno","tag-arts","tag-arts-and-design","tag-design","tag-diseno","tag-entertainment","tag-entretenimiento","tag-es","tag-espana","tag-george-lucas","tag-los-angeles","tag-museo","tag-museo-lucas-de-arte-narrativo","tag-spain","tag-star-wars"],"share_on_mastodon":{"url":"https:\/\/pubeurope.com\/@es\/117222681433565046","error":""},"_links":{"self":[{"href":"https:\/\/www.europesays.com\/es\/wp-json\/wp\/v2\/posts\/750378","targetHints":{"allow":["GET"]}}],"collection":[{"href":"https:\/\/www.europesays.com\/es\/wp-json\/wp\/v2\/posts"}],"about":[{"href":"https:\/\/www.europesays.com\/es\/wp-json\/wp\/v2\/types\/post"}],"author":[{"embeddable":true,"href":"https:\/\/www.europesays.com\/es\/wp-json\/wp\/v2\/users\/2"}],"replies":[{"embeddable":true,"href":"https:\/\/www.europesays.com\/es\/wp-json\/wp\/v2\/comments?post=750378"}],"version-history":[{"count":0,"href":"https:\/\/www.europesays.com\/es\/wp-json\/wp\/v2\/posts\/750378\/revisions"}],"wp:featuredmedia":[{"embeddable":true,"href":"https:\/\/www.europesays.com\/es\/wp-json\/wp\/v2\/media\/750379"}],"wp:attachment":[{"href":"https:\/\/www.europesays.com\/es\/wp-json\/wp\/v2\/media?parent=750378"}],"wp:term":[{"taxonomy":"category","embeddable":true,"href":"https:\/\/www.europesays.com\/es\/wp-json\/wp\/v2\/categories?post=750378"},{"taxonomy":"post_tag","embeddable":true,"href":"https:\/\/www.europesays.com\/es\/wp-json\/wp\/v2\/tags?post=750378"}],"curies":[{"name":"wp","href":"https:\/\/api.w.org\/{rel}","templated":true}]}}