{"id":750380,"date":"2026-09-06T06:29:27","date_gmt":"2026-09-06T06:29:27","guid":{"rendered":"https:\/\/www.europesays.com\/es\/750380\/"},"modified":"2026-09-06T06:29:27","modified_gmt":"2026-09-06T06:29:27","slug":"julia-louis-dreyfus-hablo-sobre-los-roces-en-el-set-de-seinfeld","status":"publish","type":"post","link":"https:\/\/www.europesays.com\/es\/750380\/","title":{"rendered":"Julia Louis-Dreyfus habl\u00f3 sobre los roces en el set de Seinfeld"},"content":{"rendered":"<p class=\"wp-block-paragraph\">A casi tres d\u00e9cadas del final de <a href=\"https:\/\/www.elnacional.com\/columnas\/2025\/05\/seinfeld-cronicas-de-una-cotidianidad-pasada\/\" data-type=\"link\" data-id=\"https:\/\/www.elnacional.com\/columnas\/2025\/05\/seinfeld-cronicas-de-una-cotidianidad-pasada\/\" rel=\"nofollow noopener\" target=\"_blank\"><strong>Seinfeld<\/strong><\/a>, <strong>Julia Louis-Dreyfus decidi\u00f3 hablar abiertamente sobre la convivencia y el ambiente laboral que se viv\u00eda tras bambalinas<\/strong> durante las nueve temporadas en las que la emblem\u00e1tica sitcom se mantuvo al aire.<\/p>\n<p class=\"wp-block-paragraph\">La actriz, reconocida por dar vida a Elaine Benes, confes\u00f3 en el podcast Friends Keep Secrets que e<strong>l rodaje estuvo marcado por \u201cmuch\u00edsimas\u201d tensiones<\/strong> derivadas de las exigencias creativas y las extensas jornadas de grabaci\u00f3n.<\/p>\n<p class=\"wp-block-paragraph\">La ganadora del Emmy reconoci\u00f3 que<strong> la b\u00fasqueda incansable de la \u201cperfecci\u00f3n c\u00f3mica\u201d generaba frecuentes fricciones entre los protagonistas<\/strong>. \u201c\u00c9ramos como ni\u00f1os\u201d, se\u00f1al\u00f3 sobre la inmadurez o impulsividad con la que a veces se reaccionaba ante el cansancio acumulado o los desacuerdos sobre el rumbo de las escenas.<\/p>\n<p class=\"wp-block-paragraph\">Sin embargo, Louis-Dreyfus aclar\u00f3 que estas diferencias no opacaban la camarader\u00eda ni el disfrute de trabajar juntos. Pese a los roces cotidianos, asegur\u00f3 que el elenco conformado por Jerry Seinfeld, Jason Alexander, Michael Richards y ella disfrutaba el proceso de grabaci\u00f3n.<\/p>\n<p class=\"wp-block-paragraph\">Para la actriz, el humor y la genialidad del equipo terminaban imponi\u00e9ndose siempre sobre cualquier desacuerdo.<\/p>\n<p class=\"wp-block-paragraph\">Estas revelaciones ofrecen una mirada m\u00e1s realista sobre una de las producciones m\u00e1s influyentes de la historia de la pantalla chica. A menudo idealizada por la qu\u00edmica que se transmit\u00eda en pantalla, la serie requer\u00eda un nivel de concentraci\u00f3n e intensidad que pon\u00eda a prueba el \u00e1nimo de sus involucrados. Pese a todo, <strong>Louis-Dreyfus recuerda con afecto la producci\u00f3n y valora el v\u00ednculo profesional que sostuvo con sus compa\u00f1eros durante casi una d\u00e9cada de \u00e9xito.<\/strong><\/p>\n","protected":false},"excerpt":{"rendered":"A casi tres d\u00e9cadas del final de Seinfeld, Julia Louis-Dreyfus decidi\u00f3 hablar abiertamente sobre la convivencia y el&hellip;\n","protected":false},"author":2,"featured_media":750381,"comment_status":"","ping_status":"","sticky":false,"template":"","format":"standard","meta":{"footnotes":""},"categories":[171],"tags":[146,147,25,24,106792,72848,23,214],"class_list":["post-750380","post","type-post","status-publish","format-standard","has-post-thumbnail","category-tv","tag-entertainment","tag-entretenimiento","tag-es","tag-espana","tag-julia-louis-dreyfus","tag-seinfeld","tag-spain","tag-tv"],"share_on_mastodon":{"url":"https:\/\/pubeurope.com\/@es\/117222687688039013","error":""},"_links":{"self":[{"href":"https:\/\/www.europesays.com\/es\/wp-json\/wp\/v2\/posts\/750380","targetHints":{"allow":["GET"]}}],"collection":[{"href":"https:\/\/www.europesays.com\/es\/wp-json\/wp\/v2\/posts"}],"about":[{"href":"https:\/\/www.europesays.com\/es\/wp-json\/wp\/v2\/types\/post"}],"author":[{"embeddable":true,"href":"https:\/\/www.europesays.com\/es\/wp-json\/wp\/v2\/users\/2"}],"replies":[{"embeddable":true,"href":"https:\/\/www.europesays.com\/es\/wp-json\/wp\/v2\/comments?post=750380"}],"version-history":[{"count":0,"href":"https:\/\/www.europesays.com\/es\/wp-json\/wp\/v2\/posts\/750380\/revisions"}],"wp:featuredmedia":[{"embeddable":true,"href":"https:\/\/www.europesays.com\/es\/wp-json\/wp\/v2\/media\/750381"}],"wp:attachment":[{"href":"https:\/\/www.europesays.com\/es\/wp-json\/wp\/v2\/media?parent=750380"}],"wp:term":[{"taxonomy":"category","embeddable":true,"href":"https:\/\/www.europesays.com\/es\/wp-json\/wp\/v2\/categories?post=750380"},{"taxonomy":"post_tag","embeddable":true,"href":"https:\/\/www.europesays.com\/es\/wp-json\/wp\/v2\/tags?post=750380"}],"curies":[{"name":"wp","href":"https:\/\/api.w.org\/{rel}","templated":true}]}}