{"id":750382,"date":"2026-09-06T06:30:24","date_gmt":"2026-09-06T06:30:24","guid":{"rendered":"https:\/\/www.europesays.com\/es\/750382\/"},"modified":"2026-09-06T06:30:24","modified_gmt":"2026-09-06T06:30:24","slug":"slayer-celebra-los-40-anos-de-reign-in-blood-tocando-el-disco-en-directo-videos-del-concierto","status":"publish","type":"post","link":"https:\/\/www.europesays.com\/es\/750382\/","title":{"rendered":"SLAYER celebra los 40 a\u00f1os de \u00abReign In Blood\u00bb tocando el disco en directo (v\u00eddeos del concierto)"},"content":{"rendered":"<p>La banda ofreci\u00f3 en Minnesota su primer concierto en un a\u00f1o con un repertorio que incluy\u00f3 las canciones de \u00abReign In Blood\u00bb<\/p>\n<p>El grupo de Thrash Metal\u00a0<strong>SLAYER<\/strong> ha celebrado el <a href=\"https:\/\/www.hellpress.com\/noticias\/slayer-40-anos-reign-in-blood-festival-rocklahoma-bandas\/\" rel=\"nofollow noopener\" target=\"_blank\"><strong> 40 aniversario de su tercer disco, \u00abReign In Blood\u00bb<\/strong><\/a>, con un concierto celebrado el viernes 4 de septiembre en el Mystic Lake Amphitheater de Shakopee, Minnesota (EE.UU.). La actuaci\u00f3n, la primera de la banda en un a\u00f1o, tuvo a DOWN, SUICIDAL TENDENCIES y HATEBREED como grupos invitados.<\/p>\n<p>El repertorio de SLAYER<\/p>\n<p>El grupo comenz\u00f3 el concierto con canciones de distintas etapas de su carrera antes de <strong>dedicar la segunda parte del repertorio a \u00abReign In Blood\u00bb<\/strong>, interpretado \u00edntegramente.<\/p>\n<p>El concierto arranc\u00f3 con \u00abSouth Of Heaven\u00bb, seguida de \u00abHate Worldwide\u00bb, \u00abDisciple\u00bb, \u00abMandatory Suicide\u00bb, \u00abRepentless\u00bb, \u00abWar Ensemble\u00bb, \u00abWhen The Stillness Comes\u00bb, \u00abJihad\u00bb, \u00abSeasons In The Abyss\u00bb, \u00abBorn Of Fire\u00bb, \u00abDead Skin Mask\u00bb, \u00abHell Awaits\u00bb y \u00ab213\u00bb.<\/p>\n<p>\n\u00abReign In Blood\u00bb completo<\/p>\n<p>La interpretaci\u00f3n del disco comenz\u00f3 con <strong>\u00abAngel Of Death\u00bb<\/strong> y continu\u00f3 con varias canciones que SLAYER llevaba a\u00f1os sin tocar en directo.<\/p>\n<ol>\n<li>\u00abAngel Of Death\u00bb<\/li>\n<li>\u00abPiece By Piece\u00bb<\/li>\n<li>\u00abNecrophobic\u00bb<\/li>\n<li>\u00abAltar Of Sacrifice\u00bb<\/li>\n<li>\u00abJesus Saves\u00bb<\/li>\n<li>\u00abCriminally Insane\u00bb<\/li>\n<li>\u00abReborn\u00bb<\/li>\n<li>\u00abEpidemic\u00bb<\/li>\n<li>\u00abPostmortem\u00bb<\/li>\n<li>\u00abRaining Blood\u00bb<\/li>\n<\/ol>\n<p>\u00abPiece By Piece\u00bb, \u00abNecrophobic\u00bb y \u00abCriminally Insane\u00bb regresaron al repertorio por primera vez desde 2014. \u00abAltar Of Sacrifice\u00bb no se interpretaba desde 2015, mientras que \u00abJesus Saves\u00bb llevaba sin sonar en directo desde 2019.<\/p>\n<p>A continuaci\u00f3n pod\u00e9is ver v\u00eddeos de la actuaci\u00f3n filmados por los asistentes:<\/p>\n<p><\/p>\n<p>Conciertos de la gira de SLAYER en Latinoam\u00e9rica<\/p>\n<p><strong>SLAYER<\/strong> llevar\u00e1 el 40\u00ba aniversario de \u00abReign In Blood\u00bb a su gira latinoamericana. Los conciertos est\u00e1n programados entre octubre y diciembre de 2026 en <strong>M\u00e9xico, Colombia, Chile, Argentina y Brasil<\/strong>.<\/p>\n<p>La gira comenzar\u00e1 el 21 de octubre en Ciudad de M\u00e9xico y finalizar\u00e1 el 17 de diciembre en S\u00e3o Paulo.<\/p>\n<p>Estas son las fechas confirmadas:<\/p>\n<ul>\n<li><strong>21 de octubre de 2026 \u2013 Ciudad de M\u00e9xico, M\u00e9xico \u2013 Palacio de los Deportes<\/strong><\/li>\n<li><strong>5 de diciembre de 2026 \u2013 Bogot\u00e1, Colombia \u2013 Vive Claro<\/strong><\/li>\n<li><strong>10 de diciembre de 2026 \u2013 Santiago, Chile \u2013 Estadio Santa Laura<\/strong><\/li>\n<li><strong>14 de diciembre de 2026 \u2013 Buenos Aires, Argentina \u2013 Movistar Arena<\/strong><\/li>\n<li><strong>17 de diciembre de 2026 \u2013 S\u00e3o Paulo, Brasil \u2013 Allianz Parque<\/strong><\/li>\n<\/ul>\n<p>Bandas invitadas en cada concierto<\/p>\n<p>La gira contar\u00e1 con distintos invitados especiales seg\u00fan la ciudad. <strong>KREATOR<\/strong> participar\u00e1 en cuatro de las cinco fechas.<\/p>\n<p><\/p>\n<ul>\n<li><strong>Ciudad de M\u00e9xico: POWER TRIP<\/strong><\/li>\n<li><strong>Bogot\u00e1: KREATOR y Ultra Legends<\/strong><\/li>\n<li><strong>Santiago de Chile: KREATOR y CRIMINAL<\/strong><\/li>\n<li><strong>Buenos Aires: KREATOR y AVERNAL<\/strong><\/li>\n<li><strong>S\u00e3o Paulo: KREATOR y KORZUS<\/strong><\/li>\n<\/ul>\n<p>Las entradas se pueden adquirir obtener en <a href=\"https:\/\/www.slayer.net\/\" target=\"_blank\" rel=\"noopener nofollow\">slayer.net<\/a>, la web oficial de la banda.<\/p>\n<p>Adem\u00e1s, hay paquetes VIP limitados para los conciertos de la gira.<\/p>\n<blockquote class=\"instagram-media\" style=\"background: #FFF; border: 0; border-radius: 3px; box-shadow: 0 0 1px 0 rgba(0,0,0,0.5),0 1px 10px 0 rgba(0,0,0,0.15); margin: 1px; max-width: 540px; min-width: 326px; padding: 0; width: calc(100% - 2px);\" data-instgrm-permalink=\"https:\/\/www.instagram.com\/reel\/DYzl-hgj25t\/?utm_source=ig_embed&amp;utm_campaign=loading\" data-instgrm-version=\"14\">\n<\/blockquote>\n<p>El regreso de SLAYER a los escenarios<\/p>\n<p>En los \u00faltimos a\u00f1os, <strong>SLAYER<\/strong> ha retomado su actividad en directo con actuaciones puntuales. En 2025 ofreci\u00f3 varios conciertos, incluyendo su \u00fanica actuaci\u00f3n en la Costa Este de EE.UU. en el Hersheypark Stadium de Pensilvania, as\u00ed como participaciones en festivales como Louder Than Life en Kentucky o Festival D&#8217;\u00e9t\u00e9 De Qu\u00e9bec en Canad\u00e1.<\/p>\n<p>Adem\u00e1s, la banda form\u00f3 parte del <a href=\"https:\/\/www.hellpress.com\/noticias\/cifras-millonarias-ultimo-concierto-ozzy-black-sabbath-birmingham\/\" rel=\"nofollow noopener\" target=\"_blank\">concierto final de BLACK SABBATH, \u00abBack To The Beginning\u00bb<\/a>, celebrado en Birmingham en julio de 2025, donde interpretaron un set de seis canciones. La formaci\u00f3n en estos conciertos se ha mantenido estable, con <strong>Tom Araya, Kerry King, Gary Holt y Paul Bostaph<\/strong>.<\/p>\n<p>\u00abReign In Blood\u00bb, un disco influyente en el Thrash Metal<\/p>\n<p>\u00abReign In Blood\u00bb, publicado el 7 de octubre de 1986, supuso un punto de inflexi\u00f3n en la carrera de <strong>SLAYER<\/strong>. Fue su primera colaboraci\u00f3n con el productor <strong>Rick Rubin<\/strong> y marc\u00f3 una evoluci\u00f3n en su sonido, consolidando su influencia en el Thrash Metal y el Speed Metal.<\/p>\n<p><img fetchpriority=\"high\" decoding=\"async\" class=\"aligncenter size-medium wp-image-56700\" src=\"https:\/\/www.europesays.com\/es\/wp-content\/uploads\/2026\/09\/slayer-reign-in-blood-600x600.jpg\" alt=\"Slayer - Reign In Blood, obra de Larry Carroll\" width=\"600\" height=\"600\"  \/><\/p>\n<p>El \u00e1lbum tambi\u00e9n gener\u00f3 controversia desde su lanzamiento debido a su contenido l\u00edrico y su portada. La canci\u00f3n \u00abAngel Of Death\u00bb, inspirada en las acciones del m\u00e9dico nazi Josef Mengele, provoc\u00f3 acusaciones hacia la banda, aunque sus miembros han defendido reiteradamente que <strong>no apoyan esas ideolog\u00edas<\/strong>.<\/p>\n<p>En palabras del fallecido guitarrista <a href=\"https:\/\/www.hellpress.com\/noticias\/muere-jeff-hanneman-guitarrista-de-slayer\/\" rel=\"nofollow noopener\" target=\"_blank\"><strong>Jeff Hanneman<\/strong><\/a>: \u201c<strong>&#8216;Angel Of Death&#8217; fue un gran problema<\/strong>. Recuerdo recibir una llamada despu\u00e9s de terminar el \u00e1lbum: Sony no iba a publicarlo. [&#8230;] No ve\u00eda nada malo en la canci\u00f3n ni en lo que hac\u00edamos, es un documental\u201d.<\/p>\n<p>\u00abReign In Blood\u00bb fue el primer disco de SLAYER en entrar en la lista Billboard 200, alcanzando el puesto 94. Posteriormente, obtuvo la certificaci\u00f3n de <strong>disco de oro en Estados Unidos en 1992<\/strong>, tras superar el medio mill\u00f3n de copias vendidas, consolidando su posici\u00f3n como una referencia dentro del g\u00e9nero.<\/p>\n<p>Por otro lado,\u00a0<strong>SLAYER<\/strong> lanzar\u00e1 el 15 de mayo de 2026 con Metal Blade la reedici\u00f3n <strong>\u201c<a href=\"https:\/\/www.hellpress.com\/noticias\/diario-slayer-hell-awaits-cumple-40-anos-nueva-pieza-museo-digital\/\" rel=\"nofollow noopener\" target=\"_blank\">Hell Awaits<\/a> (40th Anniversary Edition)\u201d<\/strong>, una nueva edici\u00f3n conmemorativa de uno de sus cl\u00e1sicos.<\/p>\n<p>M\u00e1s informaci\u00f3n sobre la banda estadounidense en su\u00a0<a href=\"https:\/\/www.slayer.net\/\" rel=\"nofollow noopener\" target=\"_blank\">web oficial<\/a>.<\/p>\n<p>Sigue a\u00a0<a href=\"https:\/\/www.hellpress.com\/\" rel=\"nofollow noopener\" target=\"_blank\">HELLPRESS en Whatsapp<\/a>\u00a0para m\u00e1s noticias.<\/p>\n<p><script async src=\"\/\/www.instagram.com\/embed.js\"><\/script><\/p>\n","protected":false},"excerpt":{"rendered":"La banda ofreci\u00f3 en Minnesota su primer concierto en un a\u00f1o con un repertorio que incluy\u00f3 las canciones&hellip;\n","protected":false},"author":2,"featured_media":750383,"comment_status":"","ping_status":"","sticky":false,"template":"","format":"standard","meta":{"footnotes":""},"categories":[170],"tags":[146,147,25,24,184,185,481,23,571],"class_list":["post-750382","post","type-post","status-publish","format-standard","has-post-thumbnail","category-musica","tag-entertainment","tag-entretenimiento","tag-es","tag-espana","tag-music","tag-musica","tag-slayer","tag-spain","tag-thrash-metal"],"share_on_mastodon":{"url":"https:\/\/pubeurope.com\/@es\/117222692771669149","error":""},"_links":{"self":[{"href":"https:\/\/www.europesays.com\/es\/wp-json\/wp\/v2\/posts\/750382","targetHints":{"allow":["GET"]}}],"collection":[{"href":"https:\/\/www.europesays.com\/es\/wp-json\/wp\/v2\/posts"}],"about":[{"href":"https:\/\/www.europesays.com\/es\/wp-json\/wp\/v2\/types\/post"}],"author":[{"embeddable":true,"href":"https:\/\/www.europesays.com\/es\/wp-json\/wp\/v2\/users\/2"}],"replies":[{"embeddable":true,"href":"https:\/\/www.europesays.com\/es\/wp-json\/wp\/v2\/comments?post=750382"}],"version-history":[{"count":0,"href":"https:\/\/www.europesays.com\/es\/wp-json\/wp\/v2\/posts\/750382\/revisions"}],"wp:featuredmedia":[{"embeddable":true,"href":"https:\/\/www.europesays.com\/es\/wp-json\/wp\/v2\/media\/750383"}],"wp:attachment":[{"href":"https:\/\/www.europesays.com\/es\/wp-json\/wp\/v2\/media?parent=750382"}],"wp:term":[{"taxonomy":"category","embeddable":true,"href":"https:\/\/www.europesays.com\/es\/wp-json\/wp\/v2\/categories?post=750382"},{"taxonomy":"post_tag","embeddable":true,"href":"https:\/\/www.europesays.com\/es\/wp-json\/wp\/v2\/tags?post=750382"}],"curies":[{"name":"wp","href":"https:\/\/api.w.org\/{rel}","templated":true}]}}