{"id":750398,"date":"2026-09-06T06:44:24","date_gmt":"2026-09-06T06:44:24","guid":{"rendered":"https:\/\/www.europesays.com\/es\/750398\/"},"modified":"2026-09-06T06:44:24","modified_gmt":"2026-09-06T06:44:24","slug":"us-open-2026-hoy-partidos-y-como-esta-el-cuadro-2","status":"publish","type":"post","link":"https:\/\/www.europesays.com\/es\/750398\/","title":{"rendered":"US Open 2026 hoy: partidos y c\u00f3mo est\u00e1 el cuadro"},"content":{"rendered":"<p class=\"com-paragraph --s text-left\"><strong>Contin\u00faa este s\u00e1bado 5 de septiembre el US Open 2026, <\/strong>el \u00faltimo Grand Slam de la temporada que se desarrolla en Flushing Meadows, Estados Unidos; y en la s\u00e9ptima jornada contin\u00faan los partidos de la tercera ronda de los torneos masculino y femenino. <strong>La actividad inicia a las 12 (hora argentina) y los juegos se transmiten en vivo a trav\u00e9s de ESPN 2 y ESPN 4,<\/strong> canales que se pueden sintonizar online en Flow, DGO y Telecentro Play; y en la plataforma digital Disney+ Premium.<\/p>\n<p class=\"com-paragraph --s text-left\">Entre los protagonistas de la jornada se destacan la presencia del m\u00e1ximo favorito y mejor preclasificado, el alem\u00e1n Alexander Zverev y del argentino Francisco Cer\u00fandolo, quien tendr\u00e1 un duro desaf\u00edo ante el local Taylor Fritz. Entre las damas, aparece la bicampeona Naomi Osaka y otra reina de New York: Coco Gauff. <\/p>\n<p><img class=\"image com-image flex --cover\" decoding=\"async\" fetchpriority=\"low\" loading=\"lazy\" src=\"https:\/\/www.europesays.com\/es\/wp-content\/uploads\/2026\/09\/alexander-zverev-es-el-mejor-clasificado-en-el-VP7PLSCTRJGQJO53PDSSNI5JP4.jpg\" width=\"4844\" alt=\"Alexander Zverev es el mejor clasificado en el cuadro del US Open masculino\" height=\"3230\"\/>Alexander Zverev es el mejor clasificado en el cuadro del US Open masculinoFrank Franklin II &#8211; AP<\/p>\n<p>Partidos de hoy en el US Open 2026 &#8211; Estadios principales<\/p>\n<p>Arthur Ashe <\/p>\n<ul class=\"com-unordered\">\n<li class=\"com-item\">11.30: Taylor Fritz (USA) vs. Francisco Cer\u00fandolo (ARG)<\/li>\n<li class=\"com-item\">No antes de las 13.30: Cristina Bucsa (ESP) vs. Coco Gauff (USA)<\/li>\n<li class=\"com-item\">19: Iva Jovic (USA) vs. Alexandra Eala (17\u00b0) <\/li>\n<li class=\"com-item\">Alexander Zverev (ALE) vs. Alejandro Tabilo (CHI) <\/li>\n<\/ul>\n<p>Louis Armstrong<\/p>\n<ul class=\"com-unordered\">\n<li class=\"com-item\">11: Anastasia Potapova (AUT) vs. Amanda Anisimova (USA) <\/li>\n<li class=\"com-item\">A continuaci\u00f3n: Alexander Blockx (BEL) vs. Flavio Cobolli (ITA) <\/li>\n<li class=\"com-item\">19: Naomi Osaka (JAP) vs. Elise Mertens (BEL) <\/li>\n<li class=\"com-item\">A continuaci\u00f3n: Jakub Mensik (CZE) vs. Learner Tien (USA) <\/li>\n<\/ul>\n<p>Grandstand<\/p>\n<ul class=\"com-unordered\">\n<li class=\"com-item\">11: Madison Keys (USA) vs. Qinwen Zheng (CHI) <\/li>\n<li class=\"com-item\">A continuaci\u00f3n: Iga Swiatek (POL) vs. Marie Bouzkova (CZE) <\/li>\n<li class=\"com-item\">Michael Zheng (AUT) vs. Arthur Gea (FRA) <\/li>\n<li class=\"com-item\">No antes de las 17: Yuliia Starodubtseva (UKR) vs. Elena Rybakina (KAZ).<\/li>\n<\/ul>\n<p><img class=\"image com-image flex --cover\" decoding=\"async\" fetchpriority=\"low\" loading=\"lazy\" src=\"https:\/\/www.europesays.com\/es\/wp-content\/uploads\/2026\/09\/naomi-osaka-gano-el-us-open-en-2018-y-2020-por-lo-4ASKH2MYEFGQHP7S4U4CRTFUFU.JPG\" width=\"5202\" alt=\"Naomi Osaka gan\u00f3 el US Open en 2018 y 2020, por lo cual tambi\u00e9n es una favorita natural al t\u00edtulo \" height=\"3584\"\/>Naomi Osaka gan\u00f3 el US Open en 2018 y 2020, por lo cual tambi\u00e9n es una favorita natural al t\u00edtulo AL BELLO &#8211; GETTY IMAGES NORTH AMERICA<\/p>\n<p>Cuadro del US Open masculino<\/p>\n<p><img class=\"image com-image flex --cover\" decoding=\"async\" fetchpriority=\"low\" loading=\"lazy\" src=\"https:\/\/www.europesays.com\/es\/wp-content\/uploads\/2026\/09\/cuadro-masculino-del-us-open-tercera-XUFGCCWL6FDBRH5DZKVHC54BHI.jpg\" width=\"1755\" alt=\"Cuadro masculino del US Open - Tercera ronda\" height=\"1240\"\/>Cuadro masculino del US Open &#8211; Tercera ronda<img class=\"image com-image flex --cover\" decoding=\"async\" fetchpriority=\"low\" loading=\"lazy\" src=\"https:\/\/www.europesays.com\/es\/wp-content\/uploads\/2026\/09\/cuadro-masculino-del-us-open-tercera-DRSRONQZVNFK5NWL4S4IBYV6HM.jpg\" width=\"1755\" alt=\"Cuadro masculino del US Open - Tercera ronda\" height=\"1240\"\/>Cuadro masculino del US Open &#8211; Tercera ronda<\/p>\n<p>Tabla de campeones del US Open<\/p>\n<ul class=\"com-ordered\">\n<li class=\"com-item\">Bill Tilden (Estados Unidos) \/ William Larned (Estados Unidos) \/ Richard Sears (Estados Unidos) &#8211; 7<\/li>\n<li class=\"com-item\">Jimmy Connors (Estados Unidos) \/ Pete Sampras (Estados Unidos) \/ Roger Federer (Suiza) &#8211; 5<\/li>\n<li class=\"com-item\">Robert Wrenn (Estados Unidos) \/ Jhon McEnroe (Estados Unidos) \/ Rafael Nadal (Espa\u00f1a) \/ Novak Djokovic (Serbia) &#8211; 4<\/li>\n<\/ul>\n<p>Cuadro del US Open femenino<\/p>\n<p><img class=\"image com-image flex --cover\" decoding=\"async\" fetchpriority=\"low\" loading=\"lazy\" src=\"https:\/\/www.europesays.com\/es\/wp-content\/uploads\/2026\/09\/cuadro-del-us-open-femenino-tercera-5G6BZ7MDUREE3AJRMDZ45TKK2E.jpg\" width=\"1755\" alt=\"Cuadro del US open femenino - Tercera ronda\" height=\"1240\"\/>Cuadro del US open femenino &#8211; Tercera ronda<img class=\"image com-image flex --cover\" decoding=\"async\" fetchpriority=\"low\" loading=\"lazy\" src=\"https:\/\/www.europesays.com\/es\/wp-content\/uploads\/2026\/09\/cuadro-del-us-open-femenino-tercera-RCGFSKRFUVFFFLQC2PFD65AN3Y.jpg\" width=\"1755\" alt=\"Cuadro del US open femenino - Tercera ronda\" height=\"1240\"\/>Cuadro del US open femenino &#8211; Tercera ronda<\/p>\n<p>Tabla de campeonas del US Open<\/p>\n<ul class=\"com-ordered\">\n<li class=\"com-item\">Molla Bjurstedt (Noruega \/ Estados Unidos) &#8211; 8<\/li>\n<li class=\"com-item\">Helen Wills (Estados Unidos) &#8211; 7<\/li>\n<li class=\"com-item\">Chris Evert (Estados Unidos) \/ Serena Williams (Estados Unidos) &#8211; 6<\/li>\n<li class=\"com-item\">Margaret Court (Australia) &#8211; Steffi Graf (Alemania) &#8211; 5<\/li>\n<li class=\"com-item\">Martina Navratilova (Rep\u00fablica Checa) &#8211; 4<\/li>\n<li class=\"com-item\">Billie Jean King (Estados Unidos) \/ Kim Clijsters (B\u00e9lgica) &#8211; 3<\/li>\n<\/ul>\n","protected":false},"excerpt":{"rendered":"Contin\u00faa este s\u00e1bado 5 de septiembre el US Open 2026, el \u00faltimo Grand Slam de la temporada que&hellip;\n","protected":false},"author":2,"featured_media":750399,"comment_status":"","ping_status":"","sticky":false,"template":"","format":"standard","meta":{"footnotes":""},"categories":[274],"tags":[168,25,24,23,167,327,326],"class_list":["post-750398","post","type-post","status-publish","format-standard","has-post-thumbnail","category-tenis","tag-deportes","tag-es","tag-espana","tag-spain","tag-sports","tag-tenis","tag-tennis"],"share_on_mastodon":{"url":"https:\/\/pubeurope.com\/@es\/117222748203482316","error":""},"_links":{"self":[{"href":"https:\/\/www.europesays.com\/es\/wp-json\/wp\/v2\/posts\/750398","targetHints":{"allow":["GET"]}}],"collection":[{"href":"https:\/\/www.europesays.com\/es\/wp-json\/wp\/v2\/posts"}],"about":[{"href":"https:\/\/www.europesays.com\/es\/wp-json\/wp\/v2\/types\/post"}],"author":[{"embeddable":true,"href":"https:\/\/www.europesays.com\/es\/wp-json\/wp\/v2\/users\/2"}],"replies":[{"embeddable":true,"href":"https:\/\/www.europesays.com\/es\/wp-json\/wp\/v2\/comments?post=750398"}],"version-history":[{"count":0,"href":"https:\/\/www.europesays.com\/es\/wp-json\/wp\/v2\/posts\/750398\/revisions"}],"wp:featuredmedia":[{"embeddable":true,"href":"https:\/\/www.europesays.com\/es\/wp-json\/wp\/v2\/media\/750399"}],"wp:attachment":[{"href":"https:\/\/www.europesays.com\/es\/wp-json\/wp\/v2\/media?parent=750398"}],"wp:term":[{"taxonomy":"category","embeddable":true,"href":"https:\/\/www.europesays.com\/es\/wp-json\/wp\/v2\/categories?post=750398"},{"taxonomy":"post_tag","embeddable":true,"href":"https:\/\/www.europesays.com\/es\/wp-json\/wp\/v2\/tags?post=750398"}],"curies":[{"name":"wp","href":"https:\/\/api.w.org\/{rel}","templated":true}]}}