{"id":750408,"date":"2026-09-06T06:50:21","date_gmt":"2026-09-06T06:50:21","guid":{"rendered":"https:\/\/www.europesays.com\/es\/750408\/"},"modified":"2026-09-06T06:50:21","modified_gmt":"2026-09-06T06:50:21","slug":"parece-eivissa-pero-es-barcelona-la-casa-de-estilo-rustico-que-mira-al-mediterraneo","status":"publish","type":"post","link":"https:\/\/www.europesays.com\/es\/750408\/","title":{"rendered":"Parece Eivissa pero es Barcelona: la casa de estilo r\u00fastico que mira al Mediterr\u00e1neo"},"content":{"rendered":"<p class=\"paragraph\">Una casa de pueblo, sin firma de autor y con cierto estilo r\u00fastico ibicenco en Vallvidrera, all\u00ed donde Barcelona deja de ser ciudad y empieza a ser bosque, y un encargo: crear un interiorismo muy arraigado a la tierra y a la tradici\u00f3n catalana y espa\u00f1ola utilizando materiales locales sin renunciar a un ambiente contempor\u00e1neo y c\u00e1lido. \u201cLa fachada, realizada con acabados de cal y cemento en tonos blancos, ya generaba una atm\u00f3sfera claramente mediterr\u00e1nea. Por eso ten\u00eda todo el sentido continuar esa \u2018piel exterior\u2019 en el interior de la vivienda, reinterpret\u00e1ndola de una manera m\u00e1s refinada\u201d, explica el interiorista Alex March.\u00a0<\/p>\n<p class=\"paragraph\">La planta inferior re\u00fane un estudio amplio, un dormitorio y un ba\u00f1o. Arriba, el sal\u00f3n, el comedor y la cocina conviven con una segunda habitaci\u00f3n y otro ba\u00f1o, hasta llegar a una terraza que conecta la casa con el paisaje de Collserola. La distribuci\u00f3n de sus 210 metros cuadrados busca que los espacios se abran unos a otros y que la luz entre desde distintos \u00e1ngulos a lo largo del d\u00eda.<\/p>\n<p><img decoding=\"async\" class=\"w-full\"   alt=\"Silla de seis patas On\u00edrica y mesita Ovalisa, de Galar\u00efna\" data-full-src=\"https:\/\/www.lavanguardia.com\/uploads\/2026\/08\/24\/6a8c07f14db5b.jpeg\" src=\"https:\/\/www.europesays.com\/es\/wp-content\/uploads\/2026\/09\/6a8c07f14db5b.jpeg\" width=\"449\" height=\"299\" loading=\"lazy\"\/>Silla de seis patas On\u00edrica y mesita Ovalisa, de Galar\u00efnaDaniel Schafer<\/p>\n<p class=\"paragraph\">El aire setentero del proyecto responde en gran medida a la memoria sentimental de March: \u201cNac\u00ed en los a\u00f1os setenta y creo que eso influye inevitablemente en mi trabajo. Tambi\u00e9n considero que fue una \u00e9poca extraordinaria desde el punto de vista creativo. Si las vanguardias de principios del siglo XX fueron fundamentales, los 60 y 70 me parecen espectaculares en dise\u00f1o de mobiliario, cer\u00e1mica y artes aplicadas\u201d.\u00a0<\/p>\n<p><img decoding=\"async\" class=\"w-full\"   alt=\"Tapiz de fibra de Marc Ordu\u00f1a y l\u00e1mpara de Mar Ciela (@ciela.mar)\" data-full-src=\"https:\/\/www.lavanguardia.com\/uploads\/2026\/08\/24\/6a8c0941b1c2e.jpeg\" src=\"https:\/\/www.europesays.com\/es\/wp-content\/uploads\/2026\/09\/6a8c0941b1c2e.jpeg\" width=\"449\" height=\"674\" loading=\"lazy\"\/>Tapiz de fibra de Marc Ordu\u00f1a y l\u00e1mpara de Mar Ciela (@ciela.mar)Daniel Schafer<\/p>\n<p class=\"paragraph\">De ah\u00ed que la cer\u00e1mica tenga un papel fundamental en la vivienda. March recupera el lenguaje de los murales cer\u00e1micos de los a\u00f1os setenta y lo traduce en piezas artesanales, realizadas a mano y a medida para cada estancia. El resultado es un revestimiento que aparece repetido en distintos puntos de la casa y que aporta textura y variaci\u00f3n crom\u00e1tica: tonos dorados y plateados, especialmente complejos de producir, combinados con madera natural. La luz, cambiante seg\u00fan la hora, incide directamente sobre estas superficies y modifica su apariencia.<\/p>\n<p class=\"paragraph\">Cada pieza se produjo por encargo, lo que permiti\u00f3 ajustar formato y color a la superficie concreta que deb\u00eda cubrir, en lugar de partir de un cat\u00e1logo cerrado. Esa condici\u00f3n artesanal implica tambi\u00e9n tiempos de producci\u00f3n m\u00e1s largos y un margen de irregularidad \u2013variaciones de tono, ligeras diferencias entre piezas\u2013 que realzan el proyecto. El maestro ceramista no es otro que Julio Bono, hijo del autor del mismo nombre, responsable de numerosos murales cer\u00e1micos presentes en portales y fachadas de edificios, como el de la estaci\u00f3n de Sants de Barcelona, hoy en el Museu del Ferrocarril de Catalunya.<\/p>\n<p><img decoding=\"async\" class=\"w-full\"   alt=\"Cer\u00e1mica artesanal realizada por Julio Bono (A4 Ceramic)\" data-full-src=\"https:\/\/www.lavanguardia.com\/uploads\/2026\/08\/24\/6a8c083137f14.jpeg\" src=\"https:\/\/www.europesays.com\/es\/wp-content\/uploads\/2026\/09\/6a8c083137f14.jpeg\" width=\"449\" height=\"674\" loading=\"lazy\"\/>Cer\u00e1mica artesanal realizada por Julio Bono (A4 Ceramic)Daniel SchaferYo creo que tengo un poco de esas dos partes: el &#8216;seny&#8217; y la&#8217; rauxa&#8217;\u201d<img decoding=\"async\" class=\"w-full\"   alt=\"En el dormitorio, cabecero de cer\u00e1mica y l\u00e1mpara Ovalisa\" data-full-src=\"https:\/\/www.lavanguardia.com\/uploads\/2026\/08\/24\/6a8c08fced009.jpeg\" src=\"https:\/\/www.europesays.com\/es\/wp-content\/uploads\/2026\/09\/6a8c08fced009.jpeg\" width=\"449\" height=\"674\" loading=\"lazy\"\/>En el dormitorio, cabecero de cer\u00e1mica y l\u00e1mpara OvalisaDaniel Schafer<\/p>\n<p class=\"paragraph\">En la casa conviven objetos con historia, como la silla Olot de Jordi Vilanova y una reinterpretaci\u00f3n de la silla catalana de seis patas, desarrollada por la firma Galar\u00efna, marca de la que March es cofundador y director creativo.<\/p>\n<p class=\"paragraph\">Para entender la forma de trabajar de Alex March, seleccionado por varias publicaciones nacionales e internacionales entre los 100 mejores dise\u00f1adores del momento, basta con repasar su biograf\u00eda. Su abuelo editaba libros de arte, su abuela era anticuaria y su padre, galerista, as\u00ed que pas\u00f3 su infancia rodeado de arte y trabaj\u00f3 con su padre hasta que abri\u00f3 su propia galer\u00eda, que llam\u00f3 Escuela de Par\u00eds, con 20 a\u00f1os.<\/p>\n<p><img decoding=\"async\" class=\"w-full\"   alt=\"Una terraza conecta la casa con el paisaje de Collserola\" data-full-src=\"https:\/\/www.lavanguardia.com\/uploads\/2026\/08\/24\/6a8c08c9a56ae.jpeg\" src=\"https:\/\/www.europesays.com\/es\/wp-content\/uploads\/2026\/09\/6a8c08c9a56ae.jpeg\" width=\"449\" height=\"674\" loading=\"lazy\"\/>Una terraza conecta la casa con el paisaje de CollserolaDaniel Schafer<\/p>\n<p class=\"paragraph\">Estudi\u00f3 Interiorismo y direcci\u00f3n art\u00edstica y trabaj\u00f3 en agencias de branding y productoras de cine y publicidad antes de dedicarse por completo al interiorismo. Desde el 2010 se centra en el dise\u00f1o de interiores y de mobiliario con su estudio en el Poblenou. Entre sus referentes, figuras tan dispares como Philippe Starck, Ilse Crawford, Alvar Aalto o Miquel Barcel\u00f3. \u201cMe interesan muchas cosas y, sobre todo, me interesa lo mejor de cada una de ellas. De Starck admiro much\u00edsimo su valent\u00eda. A lo largo de las diferentes \u00e9pocas ha mantenido siempre una actitud de b\u00fasqueda y propuestas muy disruptivas y a m\u00ed la disrupci\u00f3n me atrae mucho. Crawford o Aalto representan una sensibilidad m\u00e1s conectada con la naturaleza, una forma m\u00e1s serena y suave de entender el dise\u00f1o. Y luego est\u00e1 la locura expresiva de Miquel Barcel\u00f3. Yo creo que tengo un poco de esas dos partes: el seny\u00a0y la\u00a0rauxa\u201d, asegura.<\/p>\n<p><img decoding=\"async\" width=\"65\" height=\"65\" loading=\"lazy\" src=\"https:\/\/www.europesays.com\/es\/wp-content\/uploads\/2026\/09\/5f9adae761743.jpeg\" alt=\"Bego\u00f1a Corzo Suarez\"\/><\/p>\n","protected":false},"excerpt":{"rendered":"Una casa de pueblo, sin firma de autor y con cierto estilo r\u00fastico ibicenco en Vallvidrera, all\u00ed donde&hellip;\n","protected":false},"author":2,"featured_media":750409,"comment_status":"","ping_status":"","sticky":false,"template":"","format":"standard","meta":{"footnotes":""},"categories":[173],"tags":[229,233,231,230,232,234,146,147,25,24,23],"class_list":["post-750408","post","type-post","status-publish","format-standard","has-post-thumbnail","category-arte-y-diseno","tag-arte","tag-arte-y-diseno","tag-arts","tag-arts-and-design","tag-design","tag-diseno","tag-entertainment","tag-entretenimiento","tag-es","tag-espana","tag-spain"],"share_on_mastodon":{"url":"https:\/\/pubeurope.com\/@es\/117222771724817297","error":""},"_links":{"self":[{"href":"https:\/\/www.europesays.com\/es\/wp-json\/wp\/v2\/posts\/750408","targetHints":{"allow":["GET"]}}],"collection":[{"href":"https:\/\/www.europesays.com\/es\/wp-json\/wp\/v2\/posts"}],"about":[{"href":"https:\/\/www.europesays.com\/es\/wp-json\/wp\/v2\/types\/post"}],"author":[{"embeddable":true,"href":"https:\/\/www.europesays.com\/es\/wp-json\/wp\/v2\/users\/2"}],"replies":[{"embeddable":true,"href":"https:\/\/www.europesays.com\/es\/wp-json\/wp\/v2\/comments?post=750408"}],"version-history":[{"count":0,"href":"https:\/\/www.europesays.com\/es\/wp-json\/wp\/v2\/posts\/750408\/revisions"}],"wp:featuredmedia":[{"embeddable":true,"href":"https:\/\/www.europesays.com\/es\/wp-json\/wp\/v2\/media\/750409"}],"wp:attachment":[{"href":"https:\/\/www.europesays.com\/es\/wp-json\/wp\/v2\/media?parent=750408"}],"wp:term":[{"taxonomy":"category","embeddable":true,"href":"https:\/\/www.europesays.com\/es\/wp-json\/wp\/v2\/categories?post=750408"},{"taxonomy":"post_tag","embeddable":true,"href":"https:\/\/www.europesays.com\/es\/wp-json\/wp\/v2\/tags?post=750408"}],"curies":[{"name":"wp","href":"https:\/\/api.w.org\/{rel}","templated":true}]}}