{"id":750410,"date":"2026-09-06T06:52:15","date_gmt":"2026-09-06T06:52:15","guid":{"rendered":"https:\/\/www.europesays.com\/es\/750410\/"},"modified":"2026-09-06T06:52:15","modified_gmt":"2026-09-06T06:52:15","slug":"a-que-hora-es-el-valencia","status":"publish","type":"post","link":"https:\/\/www.europesays.com\/es\/750410\/","title":{"rendered":"A qu\u00e9 hora es el Valencia"},"content":{"rendered":"<p>&#13;<br \/>\n              Consulta la fecha, a qu\u00e9 hora empieza y el canal de televisi\u00f3n para ver en directo el Valencia &#8211; Barcelona de la Liga&#13;<br \/>\n                  El Valencia &#8211; Barcelona cay\u00f3 en la jornada 4 de la Liga y se disputar\u00e1 en Mestalla&#13;\n              <\/p>\n<p>El <strong>Valencia<\/strong> y el <a href=\"https:\/\/okdiario.com\/deportes\/cuantas-ligas-ganado-fc-barcelona-14770834\" rel=\"nofollow noopener\" target=\"_blank\"><strong>Barcelona<\/strong><\/a> se enfrentan en lo que ser\u00e1 uno de los duelos m\u00e1s destacados de la jornada 4 de la <strong>Liga<\/strong>. Es verdad que estos dos clubes llegan en din\u00e1micas bien diferentes, pero la historia que tienen a sus espaldas estos dos clubes m\u00edticos de nuestro campeonato garantiza que el espect\u00e1culo que se ver\u00e1 en <strong>Mestalla<\/strong> ser\u00e1 emocionante. A continuaci\u00f3n te detallamos cu\u00e1ndo es, a qu\u00e9 hora empieza y d\u00f3nde ver por televisi\u00f3n en directo este choque.<\/p>\n<p>Valencia \u2013 Barcelona de la Liga: cu\u00e1ndo es y a qu\u00e9 hora empieza el partido hoy<\/p>\n<p>El <strong>Barcelona<\/strong> sale de la<strong> Ciudad Condal<\/strong> para enfrentarse al <strong>Valencia<\/strong> y jugar el partido que corresponde a la jornada 4 de la Liga. El cuadro azulgrana dirigido por <a href=\"https:\/\/okdiario.com\/deportes\/quien-hansi-flick-proximo-entrenador-del-barcelona-edad-titulos-equipos-12891636\" rel=\"nofollow noopener\" target=\"_blank\"><strong>Hansi Flick<\/strong><\/a> espera poder seguir con su estado de forma y sacar los tres puntos de la ciudad del <strong>Turia<\/strong> a costa de un cuadro che que sigue sin levantar cabeza y que por ahora no sabe lo que es ganar esta temporada. El organismo que controla esta competici\u00f3n ha programado este partido para el domingo 6 de septiembre. Todo deber\u00eda comenzar de manera puntual a las 16:15 horas, una menos en las <strong>Islas Canarias<\/strong>, en <strong>Mestalla.<\/strong><\/p>\n<p>D\u00f3nde ver en directo gratis el Valencia \u2013 Barcelona de la Liga: canal de TV y c\u00f3mo ver online<\/p>\n<p>Los dos medios de comunicaci\u00f3n que tienen los derechos televisivos en nuestro pa\u00eds para emitir los encuentros que se disputan en el campeonato nacional de nuestro pa\u00eds son Movistar+ y Dazn. El <strong><a href=\"https:\/\/okdiario.com\/deportes\/todo-sobre-valencia-donde-juega-polemica-vinicius-nuevo-mestalla-cuanto-pago-peter-lim-palmares-15688096\" rel=\"nofollow noopener\" target=\"_blank\">Valencia<\/a> \u2013 Barcelona<\/strong> de la jornada 4 de la <strong>Liga<\/strong> se podr\u00e1 ver por televisi\u00f3n en directo a trav\u00e9s del canal Movistar la Liga, que es de pago, as\u00ed que no se retransmitir\u00e1 gratis ni en abierto por TV. Los clientes de este operador pueden descargarse la app en su tel\u00e9fono m\u00f3vil, en una tablet o una smart TV y as\u00ed ver en streaming y en vivo online todo lo que ocurra en <strong>Mestalla.\u00a0<\/strong><\/p>\n<p>Adem\u00e1s, en <strong>la web de OKDARIO<\/strong> te vamos a ofrecer la mejor informaci\u00f3n sobre todo lo que rodee a este choque de la jornada 4 de la <strong>Liga<\/strong>. Vamos a narrar en directo y en vivo online el resultado, goles y minuto a minuto desde una hora y media antes del inicio del <strong>Valencia \u2013 <a href=\"https:\/\/okdiario.com\/deportes\/donde-celebra-fc-barcelona-sus-titulos-14771371\" rel=\"nofollow noopener\" target=\"_blank\">Barcelona<\/a><\/strong>. Cuando se escuche el pitido final en <strong>Mestalla<\/strong> publicaremos la cr\u00f3nica y tambi\u00e9n vamos a compartir con nuestros lectores las reacciones que nos lleguen desde el estadio che.<\/p>\n<p>D\u00f3nde escuchar por radio en directo el Valencia \u2013 Barcelona<\/p>\n<p>Por otro lado, aquellos hinchas del cuadro valenciano, del conjunto cul\u00e9 y los amantes del campeonato espa\u00f1ol que tengan cosas que hacer y no puedan ver en directo por televisi\u00f3n ni en streaming ni en vivo online este partidazo de la jornada 4 de la <strong>Liga<\/strong> van a poder escucharlo gratis por la radio. Emisoras como Cope, la Ser, Radio Marca, Onda Cero o RNE conectar\u00e1n con <strong>Mestalla<\/strong> para narrar el minuto a minuto del <strong>Valencia \u2013 <a href=\"https:\/\/okdiario.com\/deportes\/que-conoce-como-cules-aficionados-del-barcelona-12406621\" rel=\"nofollow noopener\" target=\"_blank\">Barcelona<\/a>.<\/strong><\/p>\n<p>\u00bfEn qu\u00e9 estadio se juega y qui\u00e9n es el \u00e1rbitro del partido Valencia \u2013 Barcelona?<\/p>\n<p>El <strong>Estadio de Mestalla<\/strong>, situado en el barrio del mismo nombre, ser\u00e1 el campo donde se disputar\u00e1 este choque tan apasionante entre el <strong>Valencia<\/strong> y el <a href=\"https:\/\/okdiario.com\/deportes\/letra-del-himno-del-barca-que-significa-espanol-14666701\" rel=\"nofollow noopener\" target=\"_blank\"><strong>Barcelona<\/strong><\/a> que cay\u00f3 en la jornada 4 de la <strong>Liga<\/strong>. El feudo che se inaugur\u00f3 en 1923 y hace tres a\u00f1os celebr\u00f3 su centenario. En su interior caben algo menos de 49.500 espectadores y se espera que este domingo haya una gran entrada para animar a los suyos a dar la sorpresa de imponerse al vigente campe\u00f3n.<\/p>\n<p>El <strong>Comit\u00e9 T\u00e9cnico de \u00c1rbitros<\/strong> de la <strong>Real Federaci\u00f3n Espa\u00f1ola de F\u00fatbol<\/strong> ha designado a <strong>Isidro D\u00edaz de Mera Escuderos<\/strong> para que dirija la contienda <strong>Valencia \u2013 <a href=\"https:\/\/okdiario.com\/deportes\/asi-sido-evolucion-del-escudo-del-barcelona-lo-largo-historia-3165803\" rel=\"nofollow noopener\" target=\"_blank\">Barcelona<\/a><\/strong> de la jornada 4 de la <strong>Liga<\/strong>. A los mandos del <strong>VAR<\/strong> estar\u00e1 el colegiado <strong>Alejandro Mu\u00f1iz Ruiz<\/strong>, as\u00ed que tiene que revisar todas las jugadas pol\u00e9micas que se produzcan sobre el verde de <strong>Mestalla<\/strong> para, en el caso de ser necesario, avisar a su compa\u00f1ero para que acuda al monitor a revisar la acci\u00f3n dudosa.<\/p>\n","protected":false},"excerpt":{"rendered":"&#13; Consulta la fecha, a qu\u00e9 hora empieza y el canal de televisi\u00f3n para ver en directo el&hellip;\n","protected":false},"author":2,"featured_media":750411,"comment_status":"","ping_status":"","sticky":false,"template":"","format":"standard","meta":{"footnotes":""},"categories":[171],"tags":[146,147,25,24,23,214],"class_list":["post-750410","post","type-post","status-publish","format-standard","has-post-thumbnail","category-tv","tag-entertainment","tag-entretenimiento","tag-es","tag-espana","tag-spain","tag-tv"],"share_on_mastodon":{"url":"","error":""},"_links":{"self":[{"href":"https:\/\/www.europesays.com\/es\/wp-json\/wp\/v2\/posts\/750410","targetHints":{"allow":["GET"]}}],"collection":[{"href":"https:\/\/www.europesays.com\/es\/wp-json\/wp\/v2\/posts"}],"about":[{"href":"https:\/\/www.europesays.com\/es\/wp-json\/wp\/v2\/types\/post"}],"author":[{"embeddable":true,"href":"https:\/\/www.europesays.com\/es\/wp-json\/wp\/v2\/users\/2"}],"replies":[{"embeddable":true,"href":"https:\/\/www.europesays.com\/es\/wp-json\/wp\/v2\/comments?post=750410"}],"version-history":[{"count":0,"href":"https:\/\/www.europesays.com\/es\/wp-json\/wp\/v2\/posts\/750410\/revisions"}],"wp:featuredmedia":[{"embeddable":true,"href":"https:\/\/www.europesays.com\/es\/wp-json\/wp\/v2\/media\/750411"}],"wp:attachment":[{"href":"https:\/\/www.europesays.com\/es\/wp-json\/wp\/v2\/media?parent=750410"}],"wp:term":[{"taxonomy":"category","embeddable":true,"href":"https:\/\/www.europesays.com\/es\/wp-json\/wp\/v2\/categories?post=750410"},{"taxonomy":"post_tag","embeddable":true,"href":"https:\/\/www.europesays.com\/es\/wp-json\/wp\/v2\/tags?post=750410"}],"curies":[{"name":"wp","href":"https:\/\/api.w.org\/{rel}","templated":true}]}}