{"id":750412,"date":"2026-09-06T06:53:33","date_gmt":"2026-09-06T06:53:33","guid":{"rendered":"https:\/\/www.europesays.com\/es\/750412\/"},"modified":"2026-09-06T06:53:33","modified_gmt":"2026-09-06T06:53:33","slug":"nevermind-la-biografia-en-comic-de-kurt-cobain-critica-2026","status":"publish","type":"post","link":"https:\/\/www.europesays.com\/es\/750412\/","title":{"rendered":"Nevermind. La biograf\u00eda en c\u00f3mic de Kurt Cobain, cr\u00edtica (2026)"},"content":{"rendered":"<p>Vaya por delante que este no es un c\u00f3mic visualmente atractivo, entre otras cosas porque, dada su tem\u00e1tica, no ten\u00eda que serlo. Y es que plasmar la trayectoria de Kurt Cobain, con especial atenci\u00f3n a su estado mental y con la intenci\u00f3n de entender sus patrones, parec\u00eda exigir otro tipo de enfoque. Un trazado vital que tuvo como consecuencias las ardorosas canciones de <a href=\"https:\/\/www.mondosonoro.com\/artistas-musica\/nirvana\/\" rel=\"nofollow noopener\" target=\"_blank\">Nirvana<\/a> y su posterior aceptaci\u00f3n como banda generacional, siempre al amparo de la enrevesada existencia del propio Cobain y con el tr\u00e1gico desenlace de sobra conocido.<strong> \u201cNevermind. La biograf\u00eda en c\u00f3mic de Kurt Cobain\u201d<\/strong> es, a cambio, una obra \u00e1spera, que no renuncia a mostrar la humanidad del protagonista, pero de grano grueso y en un riguroso blanco y negro que reafirma su talante.<\/p>\n<p>Unas propiedades de lo m\u00e1s adecuadas, las seleccionadas en su momento por el malogrado <strong>Tuono Pettinato<\/strong> \u2013el c\u00f3mic data de 2014\u2013 para confeccionar esta biograf\u00eda gr\u00e1fica poco al uso. Un tomo en la que se concede especial espacio a la infancia del mito para mostrarnos que ya est\u00e1 acompa\u00f1ado de su amigo imaginario Boddah (aqu\u00ed representado con forma de tigre y en lo que es una evidente influencia del <strong>\u201cCalvin &amp; Hobbes\u201d<\/strong> de Bill Watterson), \u00e9poca que, tras el divorcio de sus padres y acuciado por la crueldad de sus compa\u00f1eros y la consiguiente inadaptaci\u00f3n social, esculpir\u00eda irremediablemente esa personalidad torturada y confusa del guitarrista.<\/p>\n<p>Dar una medida solvente de esa vida que termin\u00f3 a los veintisiete a\u00f1os era el objetivo, nada sencillo a trav\u00e9s de noventa p\u00e1ginas, que Pettinato (fallecido tambi\u00e9n prematuramente en 2021) consigui\u00f3 en buena medida en este<strong> \u201cNevermind. La biograf\u00eda en c\u00f3mic de Kurt Cobain\u201d<\/strong> que ahora edita en nuestro pa\u00eds la editorial Altamarea. Una interesante curiosidad recomendada para cualquier seguidor de Nirvana y, por supuesto, del propio Kurt Cobain, que obtendr\u00e1 con su lectura una nueva y personal perspectiva sobre la que fue una de las mayores estrellas \u2013sin pretenderlo\u2013 de los noventa y que, desde entonces, ocupa una plaza en el Olimpo de los mitos del rock alternativo. Adem\u00e1s, y a modo de extras, el volumen se completa con pr\u00f3logo, una entrevista al autor y alg\u00fan texto extra sobre el mismo.<\/p>\n","protected":false},"excerpt":{"rendered":"Vaya por delante que este no es un c\u00f3mic visualmente atractivo, entre otras cosas porque, dada su tem\u00e1tica,&hellip;\n","protected":false},"author":2,"featured_media":750413,"comment_status":"","ping_status":"","sticky":false,"template":"","format":"standard","meta":{"footnotes":""},"categories":[170],"tags":[146,147,25,24,184,185,23],"class_list":["post-750412","post","type-post","status-publish","format-standard","has-post-thumbnail","category-musica","tag-entertainment","tag-entretenimiento","tag-es","tag-espana","tag-music","tag-musica","tag-spain"],"share_on_mastodon":{"url":"https:\/\/pubeurope.com\/@es\/117222782093575319","error":""},"_links":{"self":[{"href":"https:\/\/www.europesays.com\/es\/wp-json\/wp\/v2\/posts\/750412","targetHints":{"allow":["GET"]}}],"collection":[{"href":"https:\/\/www.europesays.com\/es\/wp-json\/wp\/v2\/posts"}],"about":[{"href":"https:\/\/www.europesays.com\/es\/wp-json\/wp\/v2\/types\/post"}],"author":[{"embeddable":true,"href":"https:\/\/www.europesays.com\/es\/wp-json\/wp\/v2\/users\/2"}],"replies":[{"embeddable":true,"href":"https:\/\/www.europesays.com\/es\/wp-json\/wp\/v2\/comments?post=750412"}],"version-history":[{"count":0,"href":"https:\/\/www.europesays.com\/es\/wp-json\/wp\/v2\/posts\/750412\/revisions"}],"wp:featuredmedia":[{"embeddable":true,"href":"https:\/\/www.europesays.com\/es\/wp-json\/wp\/v2\/media\/750413"}],"wp:attachment":[{"href":"https:\/\/www.europesays.com\/es\/wp-json\/wp\/v2\/media?parent=750412"}],"wp:term":[{"taxonomy":"category","embeddable":true,"href":"https:\/\/www.europesays.com\/es\/wp-json\/wp\/v2\/categories?post=750412"},{"taxonomy":"post_tag","embeddable":true,"href":"https:\/\/www.europesays.com\/es\/wp-json\/wp\/v2\/tags?post=750412"}],"curies":[{"name":"wp","href":"https:\/\/api.w.org\/{rel}","templated":true}]}}