{"id":750424,"date":"2026-09-06T07:01:14","date_gmt":"2026-09-06T07:01:14","guid":{"rendered":"https:\/\/www.europesays.com\/es\/750424\/"},"modified":"2026-09-06T07:01:14","modified_gmt":"2026-09-06T07:01:14","slug":"choque-institucional-por-el-campamento-para-migrantes-en-el-puerto-de-ceuta-la-ciudad-ve-la-decision-un-grave-error-del-gobierno","status":"publish","type":"post","link":"https:\/\/www.europesays.com\/es\/750424\/","title":{"rendered":"Choque institucional por el campamento para migrantes en el puerto de Ceuta: la ciudad ve la decisi\u00f3n \u00abun grave error\u00bb del Gobierno"},"content":{"rendered":"<p class=\"L6-news-detail__text\">La decisi\u00f3n del Gobierno de <a title=\"tomar el mando del puerto de Ceuta\" href=\"https:\/\/www.lasexta.com\/noticias\/nacional\/gobierno-toma-control-puerto-ceuta-atender-migrantes-vivas-ceder-ese-espacio_202609056a9c00713bfe5d1eff446723.html\" target=\"_blank\" rel=\"nofollow noopener\"><b>tomar el mando del puerto de Ceuta<\/b><\/a> para acoger a un millar de migrantes ha provocado un nuevo choque institucional con el gobierno ceut\u00ed.<\/p>\n<p class=\"L6-news-detail__text\">Lo ha hecho porque el Consejo de Administraci\u00f3n de la Autoridad Portuaria de Ceuta <b>vot\u00f3 este viernes en contra de ceder esos terrenos por una votaci\u00f3n 11-4<\/b>, precisamente siendo los cuatro votos a favor de representantes del Ejecutivo nacional.<\/p>\n<p class=\"L6-news-detail__text\">Consulta y resultado que poco ha importado al Ministerio de Transportes para tomar la decisi\u00f3n sacando un as de la manga: tomar el control (dentro de la ley) a la fuerza. \u00abEl Consejo de Administraci\u00f3n de la Autoridad Portuaria de Ceuta acord\u00f3 no autorizar la solicitud [&#8230;] procediendo a elevar el expediente a Puertos del Estado\u00bb, recoge la resoluci\u00f3n de la cartera dirigida por \u00d3scar Puente.<\/p>\n<p class=\"L6-news-detail__text\">Una decisi\u00f3n que <b>el gobierno ceut\u00ed califica de \u00abgrave error\u00bb porque \u00abse trata de una infraestructura cr\u00edtica<\/b> y eso indican informes existentes\u00bb. En opini\u00f3n del Ejecutivo que preside Juan Jes\u00fas Vivas \u00abesta celeridad que se est\u00e1n dando en buscar alojamiento para los migrantes se la deber\u00edan dar en la devoluci\u00f3n de estas personas que entraron desde Marruecos, porque esa debe ser la prioridad\u00bb.<\/p>\n<p class=\"L6-news-detail__text\">Adem\u00e1s, muestran su temor por la ubicaci\u00f3n elegida. Un descampado de 16.000 metros cuadrados dentro del complejo portuario <b>con una brecha de seguridad que el propio comunicado del ministerio reconoce<\/b>: \u00abPudiendo la ocupaci\u00f3n temporal proyectada incrementar determinados riesgos asociados a la protecci\u00f3n de infraestructuras cr\u00edticas, instalaciones sensibles y a la operativa portuaria\u00bb.<\/p>\n<p class=\"L6-news-detail__text\">Aunque a\u00f1aden, los motivos para hacerlo son superiores ya que \u00abconcurren razones de inter\u00e9s general que justifican el otorgamiento de la autorizaci\u00f3n\u00bb.<\/p>\n<p class=\"L6-news-detail__text\">Llama tambi\u00e9n la atenci\u00f3n la fecha tope hasta la que el ministerio ha pedido la autorizaci\u00f3n de uso. Hasta el 31 de diciembre, dejando as\u00ed la puerta abierta a que la resoluci\u00f3n de la crisis se pueda extender meses.<\/p>\n<p class=\"L6-news-detail__text\"><a title=\"*A\u00f1ade laSexta como tu medio de referencia en Google y no te pierdas toda la actualidad y el mejor contenido\" href=\"https:\/\/www.google.com\/preferences\/source?q=lasexta.com\" target=\"_blank\" rel=\"nofollow noopener\"><b>*A\u00f1ade laSexta como tu medio de referencia en Google y no te pierdas toda la actualidad y el mejor contenido<\/b><\/a><\/p>\n<p class=\"L6-support-news-video__title\">Accedemos al documento oficial<\/p>\n<p> <a href=\"https:\/\/www.lasexta.com\/noticias\/nacional\/exclusiva-lasexta-xplica-grave-irregularidad-atico-ayuso-gano-100-metros-cuadrados-vivienda-obras-que-declararon_202609056a9c85823bfe5d1eff44dbc0.html\" class=\"L6-news__link\" rel=\"nofollow noopener\" target=\"_blank\">Exclusiva laSexta Xplica | Grave irregularidad en el \u00e1tico de Ayuso: gan\u00f3 100 metros cuadrados de vivienda en unas obras que no se declararon<\/p>\n<p class=\"recirculation-video-desc\">Los detalles En la nota simple, se detallan 200 metros cuadrados de terraza, que contrastan con los casi 100 de los planos de Planifica Madrid.<\/p>\n<p> <\/a><\/p>\n","protected":false},"excerpt":{"rendered":"La decisi\u00f3n del Gobierno de tomar el mando del puerto de Ceuta para acoger a un millar de&hellip;\n","protected":false},"author":2,"featured_media":750425,"comment_status":"","ping_status":"","sticky":false,"template":"","format":"standard","meta":{"footnotes":""},"categories":[8],"tags":[17,18,4486,2125,25,24,13,14,11,19,20,890,9,10,15,110362,16,23,12,21,22],"class_list":["post-750424","post","type-post","status-publish","format-standard","has-post-thumbnail","category-espana","tag-breaking-news","tag-breakingnews","tag-ceuta","tag-directo","tag-es","tag-espana","tag-featured-news","tag-featurednews","tag-headlines","tag-latest-news","tag-latestnews","tag-migrantes","tag-news","tag-noticias","tag-noticias-destacadas","tag-noticias-ultima-hora","tag-noticiasdestacadas","tag-spain","tag-titulares","tag-ultimas-noticias","tag-ultimasnoticias"],"share_on_mastodon":{"url":"https:\/\/pubeurope.com\/@es\/117222813610831670","error":""},"_links":{"self":[{"href":"https:\/\/www.europesays.com\/es\/wp-json\/wp\/v2\/posts\/750424","targetHints":{"allow":["GET"]}}],"collection":[{"href":"https:\/\/www.europesays.com\/es\/wp-json\/wp\/v2\/posts"}],"about":[{"href":"https:\/\/www.europesays.com\/es\/wp-json\/wp\/v2\/types\/post"}],"author":[{"embeddable":true,"href":"https:\/\/www.europesays.com\/es\/wp-json\/wp\/v2\/users\/2"}],"replies":[{"embeddable":true,"href":"https:\/\/www.europesays.com\/es\/wp-json\/wp\/v2\/comments?post=750424"}],"version-history":[{"count":0,"href":"https:\/\/www.europesays.com\/es\/wp-json\/wp\/v2\/posts\/750424\/revisions"}],"wp:featuredmedia":[{"embeddable":true,"href":"https:\/\/www.europesays.com\/es\/wp-json\/wp\/v2\/media\/750425"}],"wp:attachment":[{"href":"https:\/\/www.europesays.com\/es\/wp-json\/wp\/v2\/media?parent=750424"}],"wp:term":[{"taxonomy":"category","embeddable":true,"href":"https:\/\/www.europesays.com\/es\/wp-json\/wp\/v2\/categories?post=750424"},{"taxonomy":"post_tag","embeddable":true,"href":"https:\/\/www.europesays.com\/es\/wp-json\/wp\/v2\/tags?post=750424"}],"curies":[{"name":"wp","href":"https:\/\/api.w.org\/{rel}","templated":true}]}}