{"id":750428,"date":"2026-09-06T07:07:47","date_gmt":"2026-09-06T07:07:47","guid":{"rendered":"https:\/\/www.europesays.com\/es\/750428\/"},"modified":"2026-09-06T07:07:47","modified_gmt":"2026-09-06T07:07:47","slug":"el-mutua-madrid-open-sub-16-vuelve-a-galicia","status":"publish","type":"post","link":"https:\/\/www.europesays.com\/es\/750428\/","title":{"rendered":"El Mutua Madrid Open Sub-16 vuelve a Galicia"},"content":{"rendered":"<p class=\"paragraph\" id=\"paragraph_1\">Tras la celebraci\u00f3n de la prueba del Real Club de Campo Villa de Madrid, disputada el pasado fin de semana, en la que Alice Ferreira y Sergio Mart\u00ednez se proclamaron vencedores, el<strong> Mutua Madrid Open Sub-16<\/strong> contin\u00faa su recorrido por la Pen\u00ednsula con una nueva cita en el calendario. <\/p>\n<p><img loading=\"lazy\" decoding=\"async\" alt=\"Imagen de la pasada edici\u00f3n del Open de Tenis en Silla de Ruedas Cidade de Ferrol.jpeg\" height=\"240\" src=\"https:\/\/www.europesays.com\/es\/wp-content\/uploads\/2026\/09\/h:240&#038;h=SqYrGYri.jpeg\" width=\"320\" data-lazy-status=\"processed\" data-lazy-info=\"remove loading item 1\"\/><\/p>\n<p class=\"paragraph\" id=\"paragraph_2\"><strong>Del 4 al 6 de septiembre<\/strong>, <strong>el circuito regresar\u00e1 a A Coru\u00f1a<\/strong> y a Galicia despu\u00e9s de m\u00e1s de una d\u00e9cada de ausencia, con la celebraci\u00f3n de una nueva <strong>prueba en las instalaciones del Real Club de Tenis Coru\u00f1a<\/strong>.<\/p>\n<p class=\"paragraph\" id=\"paragraph_3\">Fundado en 1966, <strong>el Real Club de Tenis Coru\u00f1a<\/strong> es uno de los grandes referentes del tenis gallego y cuenta con una destacada trayectoria en la organizaci\u00f3n de competiciones de primer nivel. A lo largo de sus casi seis d\u00e9cadas de historia, sus instalaciones han acogido acontecimientos tan relevantes como una eliminatoria de Copa Davis en 1998, adem\u00e1s de numerosos Campeonatos Gallegos. El Club se ha consolidado tambi\u00e9n como una referencia en la formaci\u00f3n y desarrollo de j\u00f3venes tenistas, con una larga tradici\u00f3n competitiva y numerosos \u00e9xitos tanto a nivel auton\u00f3mico como nacional.<\/p>\n<p class=\"paragraph\" id=\"paragraph_4\"><strong>Los horarios <\/strong>tanto en categor\u00eda masculina como femenina, <strong>son los siguientes<\/strong>: <\/p>\n<ul class=\"content__summary-list content__summary-list--bullets\">\n<li>Viernes 4 de septiembre, turno de ma\u00f1ana (a partir de las 09:00) \u2013 Octavos de final<\/li>\n<li>Viernes 4 de septiembre, turno de tarde \u2013 Cuartos de final<\/li>\n<li>S\u00e1bado 5 de septiembre, 10:00 \u2013 Semifinales<\/li>\n<li>Domingo 6 de septiembre, 10:00 \u2013 Finales<\/li>\n<\/ul>\n<p class=\"paragraph\" id=\"paragraph_5\">Dentro de los 16 jugadores y jugadoras que disputar\u00e1n la prueba se encuentran<strong> Sara Goyanes, Claudia Real, Hugo Roel y Pablo Veiga<\/strong>, tenistas invitados por parte del club y de la organizaci\u00f3n.<\/p>\n<p class=\"paragraph\" id=\"paragraph_6\">Como cada temporada, <strong>el circuito estar\u00e1 formado por 16 pruebas territoriales<\/strong>, que contar\u00e1n con la celebraci\u00f3n simult\u00e1nea de los cuadros masculino y femenino, y culminar\u00e1 con la fase final, que tendr\u00e1 lugar entre el 28 de abril y el 2 de mayo, coincidiendo con los \u00faltimos d\u00edas del Mutua Madrid Open en la Caja M\u00e1gica.<\/p>\n<p class=\"paragraph\" id=\"paragraph_7\">Jugadores actualmente profesionales como <strong>Carlos Alcaraz, Jessica Bouzas, Rafa J\u00f3dar o Leyre Romero<\/strong>, son algunos de los muchos talentos nacionales que disputaron alguna prueba del Mutua Madrid Open Sub-16 en su camino a los grandes torneos internacionales.<\/p>\n<p class=\"paragraph\" id=\"paragraph_8\">La temporada 2026-2027 comenz\u00f3 del 3 al 5 de julio en San Sebasti\u00e1n y <strong>recorrer\u00e1 distintos puntos de la geograf\u00eda espa\u00f1ola<\/strong> antes de culminar con la fase final en la Caja M\u00e1gica. El circuito har\u00e1 parada en Santander (17-19 de julio), Real Club de Campo Villa de Madrid (28-30 de agosto), <strong>A Coru\u00f1a (4-6 de septiembre)<\/strong>, J\u00e1vea (16-18 de octubre), Bilbao (23-25 de octubre), Sevilla (30 de octubre a 1 de noviembre), C\u00f3rdoba (13-15 de noviembre), Valldoreix (20-22 de noviembre), M\u00e1laga (27-29 de noviembre), Ciudad de la Raqueta (11-13 de diciembre), La Nuc\u00eda (22-24 de enero), Murcia (5-7 de febrero), Valencia (12-14 de febrero) y Mallorca (26-28 de febrero), antes de cerrar el curso con la<strong> \u00faltima prueba de la fase regular en la Caja M\u00e1gica del 12 al 14 de marzo<\/strong>.<\/p>\n<p class=\"paragraph\" id=\"paragraph_9\">\u00abEstamos muy satisfechos de poder anunciar, un a\u00f1o m\u00e1s, la celebraci\u00f3n de una nueva temporada del circuito Mutua Madrid Open Sub-16. Se trata de un proyecto que nos llena de orgullo edici\u00f3n tras edici\u00f3n, al ver c\u00f3mo los jugadores crecen tanto a nivel personal como deportivo hasta alcanzar el circuito profesional\u00bb, dijo Feliciano L\u00f3pez, director del circuito. \u00abArrancamos con enorme ilusi\u00f3n la decimocuarta edici\u00f3n de nuestro circuito Sub-16, donde volveremos a viajar por toda Espa\u00f1a con el futuro del tenis\u00bb. <\/p>\n","protected":false},"excerpt":{"rendered":"Tras la celebraci\u00f3n de la prueba del Real Club de Campo Villa de Madrid, disputada el pasado fin&hellip;\n","protected":false},"author":2,"featured_media":750429,"comment_status":"","ping_status":"","sticky":false,"template":"","format":"standard","meta":{"footnotes":""},"categories":[274],"tags":[5843,39615,6689,168,25,24,38703,48355,23,167,327,326],"class_list":["post-750428","post","type-post","status-publish","format-standard","has-post-thumbnail","category-tenis","tag-a-coruna","tag-a-coruna-ciudad","tag-comarca-de-a-coruna","tag-deportes","tag-es","tag-espana","tag-mas-deporte","tag-mutua-madrid-open","tag-spain","tag-sports","tag-tenis","tag-tennis"],"share_on_mastodon":{"url":"https:\/\/pubeurope.com\/@es\/117222838296356731","error":""},"_links":{"self":[{"href":"https:\/\/www.europesays.com\/es\/wp-json\/wp\/v2\/posts\/750428","targetHints":{"allow":["GET"]}}],"collection":[{"href":"https:\/\/www.europesays.com\/es\/wp-json\/wp\/v2\/posts"}],"about":[{"href":"https:\/\/www.europesays.com\/es\/wp-json\/wp\/v2\/types\/post"}],"author":[{"embeddable":true,"href":"https:\/\/www.europesays.com\/es\/wp-json\/wp\/v2\/users\/2"}],"replies":[{"embeddable":true,"href":"https:\/\/www.europesays.com\/es\/wp-json\/wp\/v2\/comments?post=750428"}],"version-history":[{"count":0,"href":"https:\/\/www.europesays.com\/es\/wp-json\/wp\/v2\/posts\/750428\/revisions"}],"wp:featuredmedia":[{"embeddable":true,"href":"https:\/\/www.europesays.com\/es\/wp-json\/wp\/v2\/media\/750429"}],"wp:attachment":[{"href":"https:\/\/www.europesays.com\/es\/wp-json\/wp\/v2\/media?parent=750428"}],"wp:term":[{"taxonomy":"category","embeddable":true,"href":"https:\/\/www.europesays.com\/es\/wp-json\/wp\/v2\/categories?post=750428"},{"taxonomy":"post_tag","embeddable":true,"href":"https:\/\/www.europesays.com\/es\/wp-json\/wp\/v2\/tags?post=750428"}],"curies":[{"name":"wp","href":"https:\/\/api.w.org\/{rel}","templated":true}]}}