{"id":750436,"date":"2026-09-06T07:13:23","date_gmt":"2026-09-06T07:13:23","guid":{"rendered":"https:\/\/www.europesays.com\/es\/750436\/"},"modified":"2026-09-06T07:13:23","modified_gmt":"2026-09-06T07:13:23","slug":"el-principe-harry-y-meghan-markle-seran-vecinos-de-los-beckham-en-la-campina-inglesa","status":"publish","type":"post","link":"https:\/\/www.europesays.com\/es\/750436\/","title":{"rendered":"El pr\u00edncipe Harry y Meghan Markle ser\u00e1n vecinos de los Beckham en la campi\u00f1a inglesa"},"content":{"rendered":"<p class=\"paragraph\">Seis a\u00f1os despu\u00e9s de abandonar el Reino Unido, el pr\u00edncipe Harry y Meghan Markle, duques de Sussex, regresan con sus hijos, Archie (7) y Lilibet (5), para pasar un per\u00edodo \u2013se presume largo\u2013 en Gran Breta\u00f1a si bien por el momento no hay intenci\u00f3n de recobrar los deberes reales que ostentaron tiempo atr\u00e1s. Se trata este de un giro inesperado para una pareja que procur\u00f3 construir una vida nueva en EE. UU., con documental de Netflix incluido, y a quienes las circunstancias han alejado de sus familias. Seg\u00fan el Daily Mail, ya se est\u00e1n alojando como invitados de un amigo millonario en las afueras de los Cotswolds, donde vivieron entre 2018 y 2019, se halla Highgrove House, segunda residencia del rey Carlos III y con vecinos tan ilustres como los Beckham, Ellen DeGeneres y Portia de Rossi y Liam Gallagher, de Oasis. La pareja aterriz\u00f3 en suelo brit\u00e1nico el 27 de agosto.<\/p>\n<p><img decoding=\"async\" class=\"w-full\"   alt=\"Un rural David Beckham en su finca de los Costwolds.\" data-full-src=\"https:\/\/www.lavanguardia.com\/uploads\/2026\/09\/05\/6a9c3dbe15037.jpeg\" src=\"https:\/\/www.europesays.com\/es\/wp-content\/uploads\/2026\/09\/6a9c3dbe15037.jpeg\" width=\"449\" height=\"449\" loading=\"lazy\"\/>Un rural David Beckham en su finca de los Costwolds.Redes<\/p>\n<p>Seg\u00fan el Daily MailYa se est\u00e1n alojando como invitados de un amigo millonario en las afueras de los Cotswolds, donde vivieron entre 2018 y 2019<\/p>\n<p><img decoding=\"async\" class=\"w-full\"   alt=\"Un paraje de los Costwolds.\" data-full-src=\"https:\/\/www.lavanguardia.com\/uploads\/2026\/09\/05\/6a9c3a9997c12.jpeg\" src=\"https:\/\/www.europesays.com\/es\/wp-content\/uploads\/2026\/09\/6a9c3a9997c12.jpeg\" width=\"449\" height=\"300\" loading=\"lazy\"\/>Un paraje de los Costwolds.GTRES<\/p>\n<p class=\"paragraph\">Los buc\u00f3licos Costwolds de Inglaterra, una zona muy acomodada al noroeste de Londres, son un lugar muy probable para establecerse por tiempo prolongado. La pareja conoce el lugar, pues vivieron all\u00ed una breve temporada entre 2018 y 2019, y seg\u00fan la prensa local, Harry y Meghan est\u00e1n considerando una amplia mansi\u00f3n con un precio aproximado de 13,7 millones de euros. El escollo es que all\u00ed viven algunos nombres relevantes y su llegada supondr\u00eda un plus de atenci\u00f3n medi\u00e1tica, cree Matt Sudlow, director de compras premium en la inmobiliaria Stoneacre Advisors. Sin ir m\u00e1s lejos, Ellen DeGeneres y Portia de Rossi: la pareja tiene mansi\u00f3n en Montecito, como los Sussex, y segunda residencia en Inglaterra. Tambi\u00e9n los Beckham. Otras opciones ser\u00edan Wiltshire, Dorset y Somerset, condados del suroeste de Inglaterra. La revista People\u00a0informa de que mantendr\u00e1n su hogar en Montecito (California, EE. UU.) y una residencia vacacional en Portugal.<\/p>\n<p><img decoding=\"async\" class=\"w-full\"   alt=\"Harry y Meghan, durante un viaje a Australia.\" data-full-src=\"https:\/\/www.lavanguardia.com\/uploads\/2026\/09\/05\/6a9c3abb8b5eb.jpeg\" src=\"https:\/\/www.europesays.com\/es\/wp-content\/uploads\/2026\/09\/6a9c3abb8b5eb.jpeg\" width=\"449\" height=\"613\" loading=\"lazy\"\/>Harry y Meghan, durante un viaje a Australia.GTRES<\/p>\n<p>Su primera vez en los CostwoldsPasaron una temporada en la finca Westfield Large, de los Costwolds, pero con la llegada de su primer hijo, el inter\u00e9s de los paparazzi les hizo buscar un lugar m\u00e1s protegido<\/p>\n<p class=\"paragraph\">Harry dej\u00f3 Clarence House en 2012 \u2013entonces la residencia oficial del heredero pr\u00edncipe Carlos\u2013 para mudarse a un apartamento adjunto a Nottingham Cottage, en el complejo del palacio de Kensington (Londres), muy lejos de los grandes palacios y residencias reales; Harry lleg\u00f3 a quejarse de sus techos bajos y habitaciones estrechas. Meghan se instal\u00f3 con \u00e9l tras su compromiso y una vez casados, cambiaron a un apartamento m\u00e1s espacioso en Kensington.<\/p>\n<p class=\"paragraph\">Pasaron una temporada en la finca Westfield Large, de los Costwolds, pero con la llegada de su primer hijo, el inter\u00e9s de los paparazzi les hizo buscar un lugar m\u00e1s protegido. Frogmore Cottage, en el entorno cerrado Windsor, se convirti\u00f3 en su hogar: la casa, de cinco dormitorios y construida en 1801, fue el regalo de bodas de Isabel II, si bien necesitaba de complejas reformas. El costo de esos seis meses de trabajos lo cubri\u00f3 el fondo Sovereign Grant y la pareja devolvi\u00f3 los casi tres millones de euros cuando anunciaron que renunciaban a sus deberes como miembros activos de la realeza.<\/p>\n<p>Ellos pagaron las reformasFrogmore Cottage, en el entorno cerrado Windsor, se convirti\u00f3 en su hogar por regalo de Isabel II<\/p>\n<p><img decoding=\"async\" class=\"w-full\"   alt=\"Frogmore Cottage fue su principal residencia en Reino Unido.\u00a0\" data-full-src=\"https:\/\/www.lavanguardia.com\/uploads\/2020\/11\/21\/5fc645b812f00.jpeg\" src=\"https:\/\/www.europesays.com\/es\/wp-content\/uploads\/2026\/09\/5fc645b812f00.jpeg\" width=\"449\" height=\"300\" loading=\"lazy\"\/>Frogmore Cottage fue su principal residencia en Reino Unido.\u00a0Terceros<\/p>\n<p class=\"paragraph\">Tras anunciar que se alejaban de la vida real \u2013y de la familia de \u00e9l\u2013 Harry y Meghan se trasladaron a Canad\u00e1, donde pasaron parte de su tiempo en Mille Fleurs, una apartada finca frente al mar situada en la isla de Vancouver. El productor musical David Foster ayud\u00f3 a organizar la estancia en la mansi\u00f3n, de 1.100 m2, a trav\u00e9s de su esposa, Katharine McPhee, amiga de Meghan desde hace a\u00f1os. Y de ah\u00ed, a EE. UU. Su primer hogar fue una enorme finca de Beverly Hills propiedad del escritor, actor y director Tyler Perry.<\/p>\n<p class=\"paragraph\">Pocos meses m\u00e1s tarde, la \u00faltima mudanza en suelo americano: en junio de 2020, su empresa, Rockbridge LLC, pag\u00f3 algo m\u00e1s de 13 millones de euros por una finca de tres hect\u00e1reas con una casa aproximadamente 1.350 m2, nueve dormitorios, 16 ba\u00f1os, sala de cine, pista de tenis, casa de invitados, casa de t\u00e9 y amplios jardines. En este tiempo, los Sussex han comprado tambi\u00e9n una casa en Portugal: en 2023 desembolsaron 6,7 millones de euros por un inmueble en CostaTerra, una exclusiva urbanizaci\u00f3n cerrada situada en la costa del Alentejo, seg\u00fan inform\u00f3 The Times.<\/p>\n<p><img decoding=\"async\" width=\"65\" height=\"65\" loading=\"lazy\" src=\"https:\/\/www.europesays.com\/es\/wp-content\/uploads\/2026\/09\/1788678803_706_6343f4748c61f.jpeg\" alt=\"Andr\u00e9s Guerra Acosta\"\/><\/p>\n<p class=\"author_bio\">Entre Paris Hilton y Umberto Eco. Licenciado en Derecho por la UB y en Periodismo por la UPF, colaboro con La Vanguardia desde 2016. Antes, en Vanity Fair, Grazia, Vanitatis, Coraz\u00f3n TVE, Qu\u00e9 Leer y Lecturas.<\/p>\n","protected":false},"excerpt":{"rendered":"Seis a\u00f1os despu\u00e9s de abandonar el Reino Unido, el pr\u00edncipe Harry y Meghan Markle, duques de Sussex, regresan&hellip;\n","protected":false},"author":2,"featured_media":750437,"comment_status":"","ping_status":"","sticky":false,"template":"","format":"standard","meta":{"footnotes":""},"categories":[174],"tags":[255,146,147,25,24,256,23],"class_list":["post-750436","post","type-post","status-publish","format-standard","has-post-thumbnail","category-famosos","tag-celebrities","tag-entertainment","tag-entretenimiento","tag-es","tag-espana","tag-famosos","tag-spain"],"share_on_mastodon":{"url":"https:\/\/pubeurope.com\/@es\/117222861829964313","error":""},"_links":{"self":[{"href":"https:\/\/www.europesays.com\/es\/wp-json\/wp\/v2\/posts\/750436","targetHints":{"allow":["GET"]}}],"collection":[{"href":"https:\/\/www.europesays.com\/es\/wp-json\/wp\/v2\/posts"}],"about":[{"href":"https:\/\/www.europesays.com\/es\/wp-json\/wp\/v2\/types\/post"}],"author":[{"embeddable":true,"href":"https:\/\/www.europesays.com\/es\/wp-json\/wp\/v2\/users\/2"}],"replies":[{"embeddable":true,"href":"https:\/\/www.europesays.com\/es\/wp-json\/wp\/v2\/comments?post=750436"}],"version-history":[{"count":0,"href":"https:\/\/www.europesays.com\/es\/wp-json\/wp\/v2\/posts\/750436\/revisions"}],"wp:featuredmedia":[{"embeddable":true,"href":"https:\/\/www.europesays.com\/es\/wp-json\/wp\/v2\/media\/750437"}],"wp:attachment":[{"href":"https:\/\/www.europesays.com\/es\/wp-json\/wp\/v2\/media?parent=750436"}],"wp:term":[{"taxonomy":"category","embeddable":true,"href":"https:\/\/www.europesays.com\/es\/wp-json\/wp\/v2\/categories?post=750436"},{"taxonomy":"post_tag","embeddable":true,"href":"https:\/\/www.europesays.com\/es\/wp-json\/wp\/v2\/tags?post=750436"}],"curies":[{"name":"wp","href":"https:\/\/api.w.org\/{rel}","templated":true}]}}