{"id":750440,"date":"2026-09-06T07:16:15","date_gmt":"2026-09-06T07:16:15","guid":{"rendered":"https:\/\/www.europesays.com\/es\/750440\/"},"modified":"2026-09-06T07:16:15","modified_gmt":"2026-09-06T07:16:15","slug":"supervivientes-all-stars-se-estrena-el-proximo-jueves-10-de-septiembre-concursantes-confirmados-para-una-edicion-epica-adslzone","status":"publish","type":"post","link":"https:\/\/www.europesays.com\/es\/750440\/","title":{"rendered":"Supervivientes All Stars se estrena el pr\u00f3ximo jueves 10 de septiembre: concursantes confirmados para una edici\u00f3n \u00e9pica &#8211; ADSLZone"},"content":{"rendered":"<ol>\n<li><a href=\"https:\/\/news.google.com\/rss\/articles\/CBMiogFBVV95cUxPdF9NMXduSU5uTEVDbTRpYXNEdC1INHV4bm9BazRQUEtvekdqQ3BwOGRIbU0wWFJCbVBkcTZoLWlwRkhra3N0VzBUMVJkcktRd1BFbHZVSndadjVxR2pPTzVNT2JuR0ZYYXdiZmUxY1QwcFZscFdpTUN2QkU3TzZ3Ym1xbmtENDUxeHBCQlBzMWFld05yUEs5MjVaVXllTUxnN0E?oc=5\" target=\"_blank\" rel=\"nofollow noopener\">Supervivientes All Stars se estrena el pr\u00f3ximo jueves 10 de septiembre: concursantes confirmados para una edici\u00f3n \u00e9pica<\/a>&nbsp;&nbsp;ADSLZone<\/li>\n<li><a href=\"https:\/\/news.google.com\/rss\/articles\/CBMi2gFBVV95cUxQV3lpYktVeS11ZFNsN1Ewc3o5bjZYX3hCOGJYdWI0enVfV25pQjdkQ0dlcThNU3hva3hvaFFWYWhVZkFURUVhcHVyRFA2eVhCaVFzMFZrYUM1MFJST0tMLXJiTS1haXNOUndYQmJYN3N2aVFZS3N6U0VYd2R6eVlCaGxqMkJlMFl0X013aHBKZWRfa0F2UjA0MHlKODZvV2ctX3FtTGV1dmtuSkQzREdlc3dNdktVVkpQQml4eW5Jd3B1TERDVVN6Tnhwdm9zRTByRTI2REV2R0RQZw?oc=5\" target=\"_blank\" rel=\"nofollow noopener\">&#8216;Supervivientes All Stars&#8217; anuncia su duod\u00e9cimo concursante oficial, que no pis\u00f3 Honduras pero s\u00ed pas\u00f3 por Antena 3<\/a>&nbsp;&nbsp;elDiario.es<\/li>\n<li><a href=\"https:\/\/news.google.com\/rss\/articles\/CBMixAFBVV95cUxQM1otR056UTNPSHUzRVJVWXVIZ09pYzFkQ0U0YzlJQkIwclFheFM3TkQ0WVQwemFIZURPTTFmbGVSS0NZV3UydlZnY0pCV21FWnZnRUJCUmd4UUgySTBnTzJrd1BiSHJvT2t3NzAybkkwLW5LMGFYM1lXMFFuQTZBYkFCRDNXUEtvVXBJTVNQUlNGbFlTZjBkZ3BwbW9aVTZlaW1ROHE3VEZyekdQbU45Y3lsUXl5VXU5VXdFOGVqSDIyMVdn?oc=5\" target=\"_blank\" rel=\"nofollow noopener\">V\u00edctor Janeiro vuelve a separarse de Beatriz Trapote y sus hijos por \u2018Supervivientes\u2019: as\u00ed se prepara<\/a>&nbsp;&nbsp;HOLA<\/li>\n<li><a href=\"https:\/\/news.google.com\/rss\/articles\/CBMiwAFBVV95cUxPRndWUVNvODdXc3Y3V2hHNzBrcUVDenpvWC13eXhlamJhb1NPLWZMYk8xQlVveXdscnNaRXc2WGYtYXFYWTVBeWFqNFdXckV2WjJCMHlVZGVwTUxCdlhZalV0a2pNTzRSMDlYeFlJcHRvaEpkOFExT0VBWFJYWjRISXBQQkVZQmhZbnRrTVlFZlJ1RWkxR256Q1BwMXVDWnRya29wYmdPVDVSWDh4WUxOVE5lOUFFZ1hGT29mMU9La0o?oc=5\" target=\"_blank\" rel=\"nofollow noopener\">&#8216;Supervivientes All Stars 3&#8217; ya tiene fecha de estreno: Telecinco conf\u00eda en su &#8216;reality&#8217; estrella ante su peor crisis hist\u00f3rica<\/a>&nbsp;&nbsp;El Confidencial<\/li>\n<li><a href=\"https:\/\/news.google.com\/rss\/articles\/CBMiuwFBVV95cUxOcWJUeWFKUUhfeUxCYl9hUHFjNi1fd2huTHBSVVI5c1IyNVVYc3ZzUlk3NFVFMEFqS3FNMHItMHRyMmt6Yi1pRWNTbFJ4UFNBekVocWJzWjhfT1FJUkI2RW9PakZ3YzJ3RnFEUDd2QmZwaDRLZ1JaOGg0ckN4U2lRUndYM2ZWOEU2enNObFFUVWFQWERmOXF5dHQzYWVHTE5KNUx1Z3hzblZlQUVaRU1QaTNjY3hpcDdMX1k00gHAAUFVX3lxTE16UVVkaFJnMlhYdURQa3hobnJWWnVfRzNCWHBuMnBTSHZkUFFaUzM5Q2luaTA3LXZoeVVjbU83c0JQR29JcW4wa0NTWmQ3OHpNZG1GTlpwR19RTzZrcHNtaUVqVGQ4aDRnZExra0ZSWVNDb2lsdFhsVWh6SEs5TE9tUFF2MnMxblhibjE3RVlXVzZ1WXpNLTZLR3FZT1NTYkE5aC1YQ04wYXlib1EyalRfVnlDMXM3VUVfRUExYTFWQg?oc=5\" target=\"_blank\" rel=\"nofollow noopener\">Yulen Pereira (31), preparado para &#8216;Supervivientes: All Stars&#8217;: \u00abHa pasado de todo en mi vida y espero que la cabeza no me falle all\u00ed y que siempre est\u00e9 arriba con energ\u00eda\u00bb<\/a>&nbsp;&nbsp;El Peri\u00f3dico<\/li>\n<\/ol>\n","protected":false},"excerpt":{"rendered":"Supervivientes All Stars se estrena el pr\u00f3ximo jueves 10 de septiembre: concursantes confirmados para una edici\u00f3n \u00e9pica&nbsp;&nbsp;ADSLZone &#8216;Supervivientes&hellip;\n","protected":false},"author":2,"featured_media":750441,"comment_status":"","ping_status":"","sticky":false,"template":"","format":"standard","meta":{"footnotes":""},"categories":[171],"tags":[146,147,25,24,23,214],"class_list":["post-750440","post","type-post","status-publish","format-standard","has-post-thumbnail","category-tv","tag-entertainment","tag-entretenimiento","tag-es","tag-espana","tag-spain","tag-tv"],"share_on_mastodon":{"url":"https:\/\/pubeurope.com\/@es\/117222872518106971","error":""},"_links":{"self":[{"href":"https:\/\/www.europesays.com\/es\/wp-json\/wp\/v2\/posts\/750440","targetHints":{"allow":["GET"]}}],"collection":[{"href":"https:\/\/www.europesays.com\/es\/wp-json\/wp\/v2\/posts"}],"about":[{"href":"https:\/\/www.europesays.com\/es\/wp-json\/wp\/v2\/types\/post"}],"author":[{"embeddable":true,"href":"https:\/\/www.europesays.com\/es\/wp-json\/wp\/v2\/users\/2"}],"replies":[{"embeddable":true,"href":"https:\/\/www.europesays.com\/es\/wp-json\/wp\/v2\/comments?post=750440"}],"version-history":[{"count":0,"href":"https:\/\/www.europesays.com\/es\/wp-json\/wp\/v2\/posts\/750440\/revisions"}],"wp:featuredmedia":[{"embeddable":true,"href":"https:\/\/www.europesays.com\/es\/wp-json\/wp\/v2\/media\/750441"}],"wp:attachment":[{"href":"https:\/\/www.europesays.com\/es\/wp-json\/wp\/v2\/media?parent=750440"}],"wp:term":[{"taxonomy":"category","embeddable":true,"href":"https:\/\/www.europesays.com\/es\/wp-json\/wp\/v2\/categories?post=750440"},{"taxonomy":"post_tag","embeddable":true,"href":"https:\/\/www.europesays.com\/es\/wp-json\/wp\/v2\/tags?post=750440"}],"curies":[{"name":"wp","href":"https:\/\/api.w.org\/{rel}","templated":true}]}}