{"id":750444,"date":"2026-09-06T07:21:17","date_gmt":"2026-09-06T07:21:17","guid":{"rendered":"https:\/\/www.europesays.com\/es\/750444\/"},"modified":"2026-09-06T07:21:17","modified_gmt":"2026-09-06T07:21:17","slug":"septiembre-arranca-con-fuerza-en-atrapame-si-puedes-con-una-semana-de-repesca-y-un-bote-de-122-600-euros","status":"publish","type":"post","link":"https:\/\/www.europesays.com\/es\/750444\/","title":{"rendered":"Septiembre arranca con fuerza en \u201cAtr\u00e1pame si puedes\u201d con una semana de repesca y un bote de 122.600 euros"},"content":{"rendered":"<p class=\"paragraph-atom &#10;        A-500-300-700-N A-550-300-700-N--md  \">\n                    Septiembre comienza con emoci\u00f3n renovada en<a href=\"https:\/\/www.canalsurmas.es\/videos\/category\/5249-atrapame-si-puedes\" rel=\"nofollow noopener\" target=\"_blank\"><strong>\u00a0\u201cAtr\u00e1pame si puedes\u201d,<\/strong> <\/a>que esta semana celebra una nueva\u00a0<strong>semana de repesca<\/strong>. Cinco concursantes que ya pasaron por el programa regresan al plat\u00f3 dispuestos a demostrar que merecen una segunda oportunidad y luchar por un bote que ya alcanza los\u00a0<strong>122.600 euros<\/strong>.\n            <\/p>\n<p class=\"paragraph-atom &#10;        A-500-300-700-N A-550-300-700-N--md  \">\n                    A ellos se suman los cuatro participantes que consiguieron mantenerse en el concurso durante la semana anterior:\u00a0<strong>Miguel Borrego, Miguel Bola\u00f1os, Joselu Ben\u00edtez y Sara Rodr\u00edguez<\/strong>. Cada noche, solo uno de los concursantes conseguir\u00e1 llegar al\u00a0<strong>minuto final<\/strong>\u00a0y tendr\u00e1 la oportunidad de enfrentarse al reto definitivo para intentar atrapar el bote.\n            <\/p>\n<p class=\"paragraph-atom &#10;        A-500-300-700-N A-550-300-700-N--md  \">\n                    Entre los concursantes que contin\u00faan se encuentra\u00a0<strong>Miguel Borrego<\/strong>, residente en Sevilla y especialista en Inmunolog\u00eda en los laboratorios del\u00a0<strong>Hospital Virgen del Roc\u00edo<\/strong>. Tambi\u00e9n sigue adelante\u00a0<strong>Miguel Bola\u00f1os<\/strong>, que regresa desde Chiclana de la Frontera y trabaja como periodista en el Ayuntamiento de Sanl\u00facar de Barrameda. Completan este grupo\u00a0<strong>Joselu Ben\u00edtez<\/strong>, natural de Dos Hermanas, Sevilla, donde trabaja como recepcionista en una oficina, y\u00a0<strong>Sara Rodr\u00edguez<\/strong>, que vuelve desde Marbella, M\u00e1laga. Sara trabaja como auxiliar administrativo en un taller de mec\u00e1nica naval de Puerto Ban\u00fas.\n            <\/p>\n<p class=\"paragraph-atom &#10;        A-500-300-700-N A-550-300-700-N--md  \">\n                    Tras el descanso del fin de semana, los nueve concursantes regresan al plat\u00f3 con las\u00a0<strong>energ\u00edas renovadas<\/strong>\u00a0y dispuestos a darlo todo para avanzar en el concurso. Pero la competici\u00f3n tambi\u00e9n trae de vuelta a cinco caras conocidas que tendr\u00e1n una nueva oportunidad para hacerse con el gran premio.\n            <\/p>\n<p class=\"paragraph-atom &#10;        A-500-300-700-N A-550-300-700-N--md  \">\n                    <strong>Lola P\u00e9rez<\/strong>, natural de Algeciras, C\u00e1diz, es dise\u00f1adora gr\u00e1fica y actualmente prepara las oposiciones para Renfe. Entre sus aficiones se encuentran\u00a0<strong>el cine, la escalada y la naturaleza<\/strong>. Si consigue hacerse con el bote, su deseo es alquilar una casa rural para disfrutarla junto a todos sus amigos.\n            <\/p>\n<p class=\"paragraph-atom &#10;        A-500-300-700-N A-550-300-700-N--md  \">\n                    Desde Almer\u00eda regresa\u00a0<strong>Daniel Tej\u00f3n<\/strong>, graduado en Geograf\u00eda e Historia y con dos m\u00e1steres relacionados con la docencia. Apasionado de\u00a0<strong>los viajes, los videojuegos, Eurovisi\u00f3n y el cine cl\u00e1sico<\/strong>, tiene claro en qu\u00e9 invertir\u00eda el premio: cumplir uno de sus grandes sue\u00f1os y\u00a0<strong>viajar hasta la Ant\u00e1rtida<\/strong>.\n            <\/p>\n<p class=\"paragraph-atom &#10;        A-500-300-700-N A-550-300-700-N--md  \">\n                    La tercera repescada es\u00a0<strong>Alicia Fern\u00e1ndez<\/strong>, farmac\u00e9utica gaditana a la que le apasionan el senderismo, los idiomas y viajar. Si logra atrapar el bote, quiere disfrutar de unas vacaciones en\u00a0<strong>Francia<\/strong>, continuar form\u00e1ndose en franc\u00e9s y recorrer los Pirineos.\n            <\/p>\n<p class=\"paragraph-atom &#10;        A-500-300-700-N A-550-300-700-N--md  \">\n                    Tambi\u00e9n vuelve al concurso\u00a0<strong>Richard Reyes<\/strong>, natural de Murcia y afincado en Los Barrios, C\u00e1diz. Camarero de profesi\u00f3n, destaca por su creatividad y su habilidad para\u00a0<strong>las manualidades y la costura<\/strong>. En su tiempo libre disfruta adem\u00e1s del cine, la literatura fant\u00e1stica y las actividades al aire libre. Si consigue ganar, utilizar\u00eda el premio para\u00a0<strong>dar la entrada de una casa y viajar todo lo posible<\/strong>.\n            <\/p>\n<p class=\"paragraph-atom &#10;        A-500-300-700-N A-550-300-700-N--md  \">\n                    Cierra el grupo de repescados\u00a0<strong>Joaqu\u00edn G\u00f3mez<\/strong>, nacido en Nueva Carteya, C\u00f3rdoba, y residente en la capital cordobesa desde peque\u00f1o. Profesor de m\u00fasica y m\u00fasico aficionado, toca\u00a0<strong>el viol\u00edn y el piano<\/strong>, adem\u00e1s de compaginar su pasi\u00f3n por la composici\u00f3n musical con su afici\u00f3n por la Semana Santa y la costura. Si consigue atrapar el bote, tiene un deseo muy especial:\u00a0<strong>encargar una imagen de gran tama\u00f1o a un amigo imaginero<\/strong>.\n            <\/p>\n<p>    Fecha de emisi\u00f3n<\/p>\n<p class=\"paragraph-atom &#10;        A-300-300-500-N  \">\n                    Lunes, 7 de septiembre, a las 21:45 horas, en Canal Sur Televisi\u00f3n.\n            <\/p>\n","protected":false},"excerpt":{"rendered":"Septiembre comienza con emoci\u00f3n renovada en\u00a0\u201cAtr\u00e1pame si puedes\u201d, que esta semana celebra una nueva\u00a0semana de repesca. Cinco concursantes&hellip;\n","protected":false},"author":2,"featured_media":750445,"comment_status":"","ping_status":"","sticky":false,"template":"","format":"standard","meta":{"footnotes":""},"categories":[91],"tags":[5881,113565,146,147,25,24,8720,1971,688,23],"class_list":["post-750444","post","type-post","status-publish","format-standard","has-post-thumbnail","category-entretenimiento","tag-arranca","tag-atrapame","tag-entertainment","tag-entretenimiento","tag-es","tag-espana","tag-fuerza","tag-septiembre","tag-si","tag-spain"],"share_on_mastodon":{"url":"https:\/\/pubeurope.com\/@es\/117222892373735283","error":""},"_links":{"self":[{"href":"https:\/\/www.europesays.com\/es\/wp-json\/wp\/v2\/posts\/750444","targetHints":{"allow":["GET"]}}],"collection":[{"href":"https:\/\/www.europesays.com\/es\/wp-json\/wp\/v2\/posts"}],"about":[{"href":"https:\/\/www.europesays.com\/es\/wp-json\/wp\/v2\/types\/post"}],"author":[{"embeddable":true,"href":"https:\/\/www.europesays.com\/es\/wp-json\/wp\/v2\/users\/2"}],"replies":[{"embeddable":true,"href":"https:\/\/www.europesays.com\/es\/wp-json\/wp\/v2\/comments?post=750444"}],"version-history":[{"count":0,"href":"https:\/\/www.europesays.com\/es\/wp-json\/wp\/v2\/posts\/750444\/revisions"}],"wp:featuredmedia":[{"embeddable":true,"href":"https:\/\/www.europesays.com\/es\/wp-json\/wp\/v2\/media\/750445"}],"wp:attachment":[{"href":"https:\/\/www.europesays.com\/es\/wp-json\/wp\/v2\/media?parent=750444"}],"wp:term":[{"taxonomy":"category","embeddable":true,"href":"https:\/\/www.europesays.com\/es\/wp-json\/wp\/v2\/categories?post=750444"},{"taxonomy":"post_tag","embeddable":true,"href":"https:\/\/www.europesays.com\/es\/wp-json\/wp\/v2\/tags?post=750444"}],"curies":[{"name":"wp","href":"https:\/\/api.w.org\/{rel}","templated":true}]}}