{"id":750452,"date":"2026-09-06T07:25:15","date_gmt":"2026-09-06T07:25:15","guid":{"rendered":"https:\/\/www.europesays.com\/es\/750452\/"},"modified":"2026-09-06T07:25:15","modified_gmt":"2026-09-06T07:25:15","slug":"ceuta-atrapada-en-la-guerra-politica-espana","status":"publish","type":"post","link":"https:\/\/www.europesays.com\/es\/750452\/","title":{"rendered":"Ceuta, atrapada en la guerra pol\u00edtica | Espa\u00f1a"},"content":{"rendered":"<p class=\"\">La polarizaci\u00f3n y la gran batalla pol\u00edtica camino de las elecciones generales tambi\u00e9n juega sus bazas en la crisis de Ceuta y complica la salida. La decisi\u00f3n del Gobierno este s\u00e1bado, por primera vez en un mes, de tomar el control por ley de la situaci\u00f3n y desplazar a la ciudad,<a href=\"https:\/\/elpais.com\/espana\/2026-09-05\/el-gobierno-toma-el-control-del-puerto-de-ceuta-para-ubicar-a-mas-de-1000-inmigrantes-ante-la-resistencia-de-vivas.html\" target=\"_self\" rel=\"nofollow noopener\" title=\"https:\/\/elpais.com\/espana\/2026-09-05\/el-gobierno-toma-el-control-del-puerto-de-ceuta-para-ubicar-a-mas-de-1000-inmigrantes-ante-la-resistencia-de-vivas.html\"> que estaba boicoteando un emplazamiento clave para m\u00e1s de 1.000 inmigrantes en el puerto,<\/a> pone en primer plano un asunto que ha estado encima de la mesa desde el primer d\u00eda, pero no ha tenido el foco del debate pol\u00edtico: el choque hasta ahora en sordina entre las dos administraciones, que llevan un mes jugando al gato y el rat\u00f3n con la \u00fanica salida al agujero en el que se ha hundido la ciudad desde la entrada de 72.000 inmigrantes en el mayor salto de la historia: habilitar espacios para albergar a todos los que se quedaron y as\u00ed empezar a filiarlos y empezar el proceso para devolverlos a Marruecos. <\/p>\n<p class=\"\">\u00d3scar Puente, el ministro de Transportes, ha firmado la primera orden que directamente le quita el poder de decisi\u00f3n a la ciudad, que hasta ahora ha ejercido derecho de veto en cualquier espacio y, seg\u00fan varios ministros, ha mareado a todos los responsables. Puente tiene claro que esta era la \u00fanica salida y cree que esta resistencia del Gobierno de la ciudad, liderado por el popular Juan Jes\u00fas Vivas, que en la crisis de 2021 se mostr\u00f3 muy colaborador con el Ejecutivo y aplaudi\u00f3 su trabajo y ahora le critica cada d\u00eda y habla de \u201cabandono\u201d, es fundamental para explicar las dificultades a\u00f1adidas a una gesti\u00f3n ya muy complicada. La Administraci\u00f3n de Vivas calific\u00f3 a \u00faltima hora del s\u00e1bado de \u201cgrave error\u201d la intervenci\u00f3n del puerto, con el argumento de que \u201cse trata de una infraestructura cr\u00edtica\u201d. Sin embargo, el propio Vivas acept\u00f3 el puerto la semana pasada y lo aprob\u00f3 en el mando \u00fanico y el Consejo de Seguridad Nacional en los que particip\u00f3.<\/p>\n<p class=\"\">\u201cNo podemos estar otro mes m\u00e1s discutiendo de los polideportivos al puerto, del puerto a los polideportivos. Lo de ayer [por el viernes, cuando el consejo de administraci\u00f3n del puerto de Ceuta, dominado por personas de confianza de Vivas, vot\u00f3 en contra de habilitar un espacio que estaba pactado hace una semana con el presidente ceut\u00ed] es un acto de sabotaje. Si se quiere resolver esto, solo hay un camino: filiar a la gente y proceder a la expulsi\u00f3n. Y para eso necesitamos tenerlos en alg\u00fan espacio; adem\u00e1s, los ciudadanos nos piden que no est\u00e9n por las calles\u201d, se\u00f1ala el ministro, que critica que la ciudad pide soluciones, pero las boicotea cuando se tratan de implementar. <\/p>\n<p class=\"\">Distintos miembros del Gobierno consultados ven la mano del PP, el partido de Vivas, detr\u00e1s de esta estrategia de resistencia porque creen que as\u00ed intenta alargar la crisis y desgastar al Ejecutivo. Pero en la ciudad lo niegan y apelan a la presi\u00f3n de los vecinos, que es muy fuerte y dificulta cualquier movimiento.<\/p>\n<p class=\"\">Kissy Chandiramani, vicepresidenta y consejera de Hacienda de Ceuta, cree que el problema es la desesperaci\u00f3n de los vecinos. \u201cLa gente no quiere que se instale esto cerca de su casa, se manifiestan en contra. Hay que entender a los vecinos; estamos muy presionados con la situaci\u00f3n. La gente est\u00e1 desbordada. La calle llena de personas que no son de Ceuta. La gente no quiere tenerlos cerca de sus casas. Ceuta se ha convertido en un gran CETI (centro de internamiento temporal). Cualquier sitio donde vayan afecta a personas, a parques, a espacios p\u00fablicos. Ceuta es muy peque\u00f1a\u201d, explica. <\/p>\n<p class=\"\">Chandiramani insiste en que faltan medios para acelerar las devoluciones. \u201cLos sindicatos dicen que la semana pasada hab\u00eda un ordenador, ahora 6. La delegaci\u00f3n de Gobierno dice que son 14. Son miles de personas, la gente necesita un horizonte\u201d. <\/p>\n<p class=\"\">En Interior aseguran que son muchos m\u00e1s, y este martes, cuando el ministro ir\u00e1 a Ceuta, se inaugura un centro especializado para tramitar devoluciones con capacidad para casi 400 personas. Montarlo en un mes ha sido muy complejo, porque hab\u00eda que habilitar un edificio y tener todos los permisos e incluso lograr que fuera ign\u00edfugo, por ejemplo, porque all\u00ed van a pasar la noche y hasta 72 horas algunos inmigrantes. <\/p>\n<p class=\"\">El Gobierno est\u00e1 muy molesto con esta actitud de Vivas y su equipo, que en su visi\u00f3n est\u00e1n calentando a la poblaci\u00f3n con la idea de que faltan medios en vez de hacer como en la crisis de 2021, cuando agradec\u00edan toda la ayuda y pon\u00edan ellos mismos los espacios para resolver r\u00e1pido la crisis y evitar la tensi\u00f3n social. Distintas fuentes del Ejecutivo hacen autocr\u00edtica en privado y<a href=\"https:\/\/elpais.com\/espana\/2026-07-30\/otra-manana-de-centenares-de-entradas-de-inmigrantes-a-ceuta-pone-en-jaque-a-la-ciudad-autonoma.html\" target=\"_self\" rel=\"nofollow noopener\" title=\"https:\/\/elpais.com\/espana\/2026-07-30\/otra-manana-de-centenares-de-entradas-de-inmigrantes-a-ceuta-pone-en-jaque-a-la-ciudad-autonoma.html\"> admiten que se gestion\u00f3 mal la crisis al principio<\/a> porque cuando empez\u00f3 a regresar la masa de inmigrantes -un 90%, calculan- pensaron que se volver\u00edan casi todos, y esperaron demasiado a empezar a buscarles refugio confiando en que saldr\u00edan. La propia ciudad presionaba para no albergarles para que se fueran. Pero despu\u00e9s, insisten, cuando ya se tomaron las riendas, el gran problema ha sido la resistencia de los vecinos y la ciudad a aceptar los espacios.<\/p>\n<p class=\"\">El Gobierno recuerda que ha aprobado hasta 309 millones de euros para la ciudad mientras Vivas insiste en el \u201cabandono\u201d. \u201cMuy bien los 300 millones pero pueden ser 300.000, que si no volvemos a la normalidad no sirve de nada\u201d, remata la consejera de Hacienda.<\/p>\n<p class=\"\">\u201cEsto es lo que nos ha pasado desde el principio\u201d, resume un ministro. \u201cHemos tenido a la ciudad en contra en todo momento, volcando a la gente contra nosotros. Pero no hemos dicho nada. Vivas ha logrado ser el h\u00e9roe de la ciudad ech\u00e1ndole toda la culpa al Gobierno, al contrario de lo que hizo en 2021. Y con apoyo de Feij\u00f3o. Vivas va a por la mayor\u00eda absoluta, y Feij\u00f3o quiere estirar esto todo lo que pueda. Ni siquiera firman para que mandemos a la pen\u00ednsula a 500 menores, que aliviar\u00eda mucho la presi\u00f3n que tienen ellos mismos, que son responsables de los menores. Es muy evidente lo que est\u00e1n haciendo. Pero a\u00fan as\u00ed esto se va a resolver, tenemos el poder para imponer decisiones como hemos hecho en el puerto y lo vamos a ejercer. Hay que zanjar la crisis\u201d, sentencia. El Gobierno est\u00e1 muy satisfecho de los avances de este s\u00e1bado, porque con la orden de Puente se ha podido ya empezar a habilitar el espacio del puerto y tambi\u00e9n hay otro ultim\u00e1ndose. Entre los dos son m\u00e1s de 2.000 plazas, y hay m\u00e1s en camino para que no haya nadie durmiendo en la calle.<\/p>\n<p class=\"\">Un presidente auton\u00f3mico del PP, por el contrario, cree que el problema de fondo es pol\u00edtico, pero por falta de visi\u00f3n de S\u00e1nchez, que ha perdido, explica, el olfato que tantas veces demostr\u00f3 para detectar el humor social. \u201cS\u00e1nchez cree que Espa\u00f1a no existe, que es una suma de nacionalidades. Pero Espa\u00f1a s\u00ed existe. Y se ha revuelto con una crisis que toca una fibra afectiva, emocional. Cuando ves en Bilbao tantas banderas de Espa\u00f1a, cuando ves esas masas en Zaragoza, en Sevilla, en pueblos del interior, alcaldes socialistas que se suman, algo est\u00e1 pasando. S\u00e1nchez pens\u00f3 \u201desto es Ceuta y no le importa a nadie\u00bb. Pero no es as\u00ed. En el PP estamos sorprendidos por el \u00e9xito de las manifestaciones. Y adem\u00e1s ha apostado por Marruecos que genera mucha antipat\u00eda. Y encima no volvi\u00f3 de vacaciones. Est\u00e1 muy aislado, sin nadie que le diga, presidente, te est\u00e1s equivocando. Nosotros creemos que es su final\u201d, sentencia.<\/p>\n<p class=\"\">Antoni Guti\u00e9rrez Rub\u00ed, consultor pol\u00edtico, que ha asesorado a decenas de candidatos en Espa\u00f1a y Latinoam\u00e9rica, cree que esta crisis no es una m\u00e1s. \u201cEsto toca el nervio identitario, se juega con la idea de la invasi\u00f3n del mundo \u00e1rabe a Espa\u00f1a otra vez. Las im\u00e1genes son poderosas. Muchos espa\u00f1oles han visto por primera vez la debilidad f\u00edsica de la frontera. La vulnerabilidad de las fronteras es la vulnerabilidad del Gobierno\u201d, explica. \u201cLas crisis necesitan tambi\u00e9n gesti\u00f3n simb\u00f3lica. Y eso ha faltado. Se han centrado en la gesti\u00f3n. Tampoco hubo portavoc\u00eda \u00fanica. Adem\u00e1s hay un clima de nacionalismo espa\u00f1ol creciente. La cuesti\u00f3n es Espa\u00f1a. Y esta crisis toca ese nervio. El Gobierno necesita un discurso sobre eso\u201d, sentencia.<\/p>\n<p class=\"\">Ana Salazar, presidenta de ACOP (asociaci\u00f3n de comunicaci\u00f3n pol\u00edtica), ve la crisis desde Andaluc\u00eda, donde se vive con mucha cercan\u00eda los problemas de Ceuta y Melilla, y est\u00e1 sorprendida por la sucesi\u00f3n de errores del Gobierno que ha apreciado, aunque tampoco considera que tenga por qu\u00e9 ser la puntilla definitiva. \u201cLos gobiernos de S\u00e1nchez est\u00e1n acostumbrados a salir reforzados de las crisis. Es rato que patinen as\u00ed. S\u00e1nchez adem\u00e1s suele moverse muy bien en la escena internacional, y esta crisis tiene esa pata. Pero ha salido todo mal. Esta vez es el PP, y no Vox, el que ha sabido aprovechar la debilidad del Gobierno. Pero no olvidemos que hubo muchos momentos en los que el Gobierno parec\u00eda acabado y ya ni nos acordamos de esas crisis. S\u00e1nchez necesita ofrecer un horizonte de salida. Vamos a ver qu\u00e9 queda cuando baje el souffl\u00e9\u201d, resume. <\/p>\n<p class=\"\">\u201cLa polarizaci\u00f3n a\u00f1ade un elemento de complejidad para gestionar esta crisis\u201d, insiste Guti\u00e9rrez-Rub\u00ed. \u201cSe le pone una recta final muy complicada a S\u00e1nchez si la cuesti\u00f3n es Espa\u00f1a, hay una corriente de fondo, pero a\u00fan tenemos que ver hasta d\u00f3nde llega\u201d, remata.<\/p>\n<p class=\"\">El presidente, que esta semana desclasificar\u00e1 en el Consejo de Ministros todo tipo de informes para demostrar que, al contrario de lo que dice la oposici\u00f3n, nadie vio venir un salto tan grande -s\u00ed que hubo muchas alertas de que estaban creciendo mucho las entradas a nado, pero ni de lejos se apunt\u00f3 a m\u00e1s de 70.000 en dos d\u00edas- <a href=\"https:\/\/elpais.com\/espana\/2026-09-04\/sanchez-se-abre-a-la-autoria-de-marruecos-para-rebajar-la-presion.html\" target=\"_self\" rel=\"nofollow noopener\" title=\"https:\/\/elpais.com\/espana\/2026-09-04\/sanchez-se-abre-a-la-autoria-de-marruecos-para-rebajar-la-presion.html\">se ha alejado un poco de Marruecos esta semana e incluso se abre ya a la posibilidad<\/a> de que lo organizaran ellos. Pero insiste en que necesita pruebas porque si fuera as\u00ed, se iniciar\u00eda un conflicto grave de consecuencias imprevisibles. <\/p>\n<p class=\"\">Puente cree que todas las movilizaciones de estos d\u00edas son parecidas a las de otras veces y no cambian ning\u00fan voto. \u00c9l, como el n\u00facleo duro de S\u00e1nchez, sigue pensando que las elecciones no se deciden en la crisis de Ceuta sino en una disyuntiva clara: \u201cqueda tiempo para las elecciones. Cuando llegue el momento, la gente tendr\u00e1 que elegir entre un Gobierno con buenos datos econ\u00f3micos, que ha funcionado, con sus problemas, y el abismo del PP-Vox. Y yo sigo creyendo que ante el abismo, la gente dar\u00e1 un paso atr\u00e1s\u201d.<\/p>\n","protected":false},"excerpt":{"rendered":"La polarizaci\u00f3n y la gran batalla pol\u00edtica camino de las elecciones generales tambi\u00e9n juega sus bazas en la&hellip;\n","protected":false},"author":2,"featured_media":750453,"comment_status":"","ping_status":"","sticky":false,"template":"","format":"standard","meta":{"footnotes":""},"categories":[8],"tags":[6069,17,18,4486,894,25,24,13,14,582,11,590,895,15398,125793,19,20,10255,2585,9,10,15,16,2959,952,956,1699,23,12,21,22],"class_list":["post-750452","post","type-post","status-publish","format-standard","has-post-thumbnail","category-espana","tag-alberto-nunez-feijoo","tag-breaking-news","tag-breakingnews","tag-ceuta","tag-crisis-migratoria","tag-es","tag-espana","tag-featured-news","tag-featurednews","tag-gobierno","tag-headlines","tag-inmigracion","tag-inmigracion-irregular","tag-inmigracion-irregular-espana","tag-juan-jesus-vivas","tag-latest-news","tag-latestnews","tag-melilla","tag-ministerio-de-defensa","tag-news","tag-noticias","tag-noticias-destacadas","tag-noticiasdestacadas","tag-pedro-sanchez","tag-politica","tag-pp","tag-psoe","tag-spain","tag-titulares","tag-ultimas-noticias","tag-ultimasnoticias"],"share_on_mastodon":{"url":"https:\/\/pubeurope.com\/@es\/117222908236796457","error":""},"_links":{"self":[{"href":"https:\/\/www.europesays.com\/es\/wp-json\/wp\/v2\/posts\/750452","targetHints":{"allow":["GET"]}}],"collection":[{"href":"https:\/\/www.europesays.com\/es\/wp-json\/wp\/v2\/posts"}],"about":[{"href":"https:\/\/www.europesays.com\/es\/wp-json\/wp\/v2\/types\/post"}],"author":[{"embeddable":true,"href":"https:\/\/www.europesays.com\/es\/wp-json\/wp\/v2\/users\/2"}],"replies":[{"embeddable":true,"href":"https:\/\/www.europesays.com\/es\/wp-json\/wp\/v2\/comments?post=750452"}],"version-history":[{"count":0,"href":"https:\/\/www.europesays.com\/es\/wp-json\/wp\/v2\/posts\/750452\/revisions"}],"wp:featuredmedia":[{"embeddable":true,"href":"https:\/\/www.europesays.com\/es\/wp-json\/wp\/v2\/media\/750453"}],"wp:attachment":[{"href":"https:\/\/www.europesays.com\/es\/wp-json\/wp\/v2\/media?parent=750452"}],"wp:term":[{"taxonomy":"category","embeddable":true,"href":"https:\/\/www.europesays.com\/es\/wp-json\/wp\/v2\/categories?post=750452"},{"taxonomy":"post_tag","embeddable":true,"href":"https:\/\/www.europesays.com\/es\/wp-json\/wp\/v2\/tags?post=750452"}],"curies":[{"name":"wp","href":"https:\/\/api.w.org\/{rel}","templated":true}]}}