{"id":750454,"date":"2026-09-06T07:26:18","date_gmt":"2026-09-06T07:26:18","guid":{"rendered":"https:\/\/www.europesays.com\/es\/750454\/"},"modified":"2026-09-06T07:26:18","modified_gmt":"2026-09-06T07:26:18","slug":"ibai-gomez-entrenador-del-real-zaragoza-la-segunda-parte-ha-sido-muy-buena","status":"publish","type":"post","link":"https:\/\/www.europesays.com\/es\/750454\/","title":{"rendered":"Ibai G\u00f3mez, entrenador del Real Zaragoza: \u00abLa segunda parte ha sido muy buena\u00bb"},"content":{"rendered":"<p class=\"c-paragraph\">\u00abNos ha costado mucho\u00bb, admiti\u00f3 <b>el entrenador del Real Zaragoza, Ibai G\u00f3mez,<\/b> nada m\u00e1s sumar su equipo los tres primeros puntos de la temporada.<a href=\"https:\/\/www.heraldo.es\/noticias\/deportes\/futbol\/real-zaragoza\/2026\/09\/05\/espiau-da-real-zaragoza-primera-alegria-temporada-minuto-90-2049812.html\" title=\"Espiau da al Real Zaragoza la primera alegr\u00eda de la temporada en el minuto 90\" rel=\"nofollow noopener\" target=\"_blank\"> Lo hizo con un gol de Edu Espiau en el minuto 90 (1-0)<\/a> ante un adversario, el Antequera, que hab\u00eda sido superior durante la primera mitad y que estaba resistiendo con orden, disciplina y contundencia defensiva. El cuadro aragon\u00e9s, sin embargo, s\u00ed modific\u00f3 su aspecto en la reanudaci\u00f3n.<\/p>\n<p class=\"c-paragraph\">\u00abLa segunda parte ha sido muy buena\u00bb, subray\u00f3 el t\u00e9cnico, quien sostuvo que su equipo jug\u00f3 <b>\u00abcon personalidad y convicci\u00f3n, sin acelerarse\u00bb.<\/b> El Real Zaragoza comenz\u00f3 a coleccionar oportunidades e, incluso, desperdici\u00f3 una pena m\u00e1xima \u2013el lanzamiento de Ander Herrera se top\u00f3 con el poste\u2013. Ya en la recta final, lleg\u00f3 el tanto de Edu Espiau. \u00abEl equipo lo merec\u00eda\u00bb, insisti\u00f3 Ibai G\u00f3mez, quien, al mismo tiempo, tambi\u00e9n reconoci\u00f3 que el primer tiempo no fue bueno.<\/p>\n<p class=\"c-paragraph\">\u00abAsumo la responsabilidad de la primera parte. Pensaba que \u00edbamos a encontrar m\u00e1s f\u00e1cilmente las zonas intermedias, pero <b>el Antequera ha sabido tapar todo el juego interior.<\/b> Mis jugadores han hecho lo que yo les hab\u00eda pedido, as\u00ed que el que se ha confundido soy yo\u00bb, indic\u00f3 el entrenador del Real Zaragoza sobre los primeros 45 minutos del choque.<\/p>\n<p>Cambio de imagen<\/p>\n<p class=\"c-paragraph\">En la segunda mitad, y con los cambios introducidos, el Real Zaragoza elev\u00f3 sus prestaciones. \u00abEl partido estaba en el exterior. Pereira, Sangalli y Jard\u00ed han entrado al campo de forma excepcional\u00bb, analiz\u00f3 el t\u00e9cnico, despu\u00e9s de que estos tres futbolistas sustituyeran en el descanso a Gabilondo, Sergio Escudero y Marcos Cuenca. \u00abNecesitamos de todos. <b>Estoy muy orgullo de todos mis jugadores en el d\u00eda a d\u00eda, <\/b>y se ha demostrado hoy \u2013por ayer\u2013 en la manera en que han salido a morder. Se ve que cuando entran al terreno de juego, aportan\u00bb, destac\u00f3 Ibai G\u00f3mez, quien dijo sentirse \u00abmuy feliz\u00bb#de la victoria obtenida.<\/p>\n<p class=\"c-paragraph\">El t\u00e9cnico tambi\u00e9n se refiri\u00f3 a Marco Sangalli, la \u00faltima contrataci\u00f3n del Real Zaragoza \u2013se incorpor\u00f3 al equipo el pasado martes, el \u00faltimo d\u00eda del mercado estival\u2013. \u00abTen\u00eda claro que deb\u00eda esperar a Marco hasta el \u00faltimo instante. Debe ser un jugador diferencial. <b>Ya hab\u00e9is visto c\u00f3mo entiende el juego, <\/b>porque se trata de un futbolista de otro nivel\u00bb, adverti\u00f3 Ibai G\u00f3mez. \u00abHoy necesit\u00e1bamos de su aportaci\u00f3n y lo cierto es que ha tenido una predisposici\u00f3n enorme\u00bb, afirm\u00f3 el preparador blanquillo.<\/p>\n<p class=\"c-paragraph\">Ibai G\u00f3mez tambi\u00e9n habl\u00f3 del comportamiento de los seguidores zaragocistas. \u00abDel encuentro me quedo con muchas cosas. Una de ellas<b> la afici\u00f3n, que ha sido una locura\u00bb<\/b>, se sincer\u00f3 el t\u00e9cnico.<\/p>\n<p class=\"c-paragraph\">Adem\u00e1s, Ibai fue preguntado la pareja de centrales que formaron ayer Iranzo y Diego Gonz\u00e1lez, quienes resultaron determinantes para que el Real Zaragoza finalizara la contienda con la porter\u00eda intacta. \u00abSon de otra categor\u00eda, <b>Juegan con solvencia, con personalidad, con precisi\u00f3n\u2026<\/b> Tenemos mucha suerte de tener a los cuatro centrales que tenemos en la plantilla. Los que han jugado hoy \u2013por aye\u2013 demuestran lo que cre\u00edamos que nos iban a aportar\u00bb, explic\u00f3 el preparador del cuadro aragon\u00e9s.<\/p>\n<p class=\"c-paragraph\">Adem\u00e1s, tambi\u00e9n fue preguntado por Rub\u00e9n D\u00edez, quien no intervino en el choque por decisi\u00f3n t\u00e9cnica. \u00abTenemos cinco centrocampistas de mucho nivel en la plantilla. Vamos a ver c\u00f3mo lo gestionamos. <b>La temporada es muy larga y vamos a necesitar de todos los jugadores. <\/b>Los cambios en este partido han sido en zonas exteriores, acabando con dos puntas porque cre\u00edamos que era lo necesario para ganar\u00bb, confes\u00f3 el entrenador zaragocista.<\/p>\n","protected":false},"excerpt":{"rendered":"\u00abNos ha costado mucho\u00bb, admiti\u00f3 el entrenador del Real Zaragoza, Ibai G\u00f3mez, nada m\u00e1s sumar su equipo los&hellip;\n","protected":false},"author":2,"featured_media":750455,"comment_status":"","ping_status":"","sticky":false,"template":"","format":"standard","meta":{"footnotes":""},"categories":[5],"tags":[17,18,2226,25,24,13,14,4190,11,3659,19,20,9,10,15,16,798,23,12,21,22,491],"class_list":["post-750454","post","type-post","status-publish","format-standard","has-post-thumbnail","category-titulares","tag-breaking-news","tag-breakingnews","tag-entrenador","tag-es","tag-espana","tag-featured-news","tag-featurednews","tag-gomez","tag-headlines","tag-ibai","tag-latest-news","tag-latestnews","tag-news","tag-noticias","tag-noticias-destacadas","tag-noticiasdestacadas","tag-real","tag-spain","tag-titulares","tag-ultimas-noticias","tag-ultimasnoticias","tag-zaragoza"],"share_on_mastodon":{"url":"https:\/\/pubeurope.com\/@es\/117222911687265169","error":""},"_links":{"self":[{"href":"https:\/\/www.europesays.com\/es\/wp-json\/wp\/v2\/posts\/750454","targetHints":{"allow":["GET"]}}],"collection":[{"href":"https:\/\/www.europesays.com\/es\/wp-json\/wp\/v2\/posts"}],"about":[{"href":"https:\/\/www.europesays.com\/es\/wp-json\/wp\/v2\/types\/post"}],"author":[{"embeddable":true,"href":"https:\/\/www.europesays.com\/es\/wp-json\/wp\/v2\/users\/2"}],"replies":[{"embeddable":true,"href":"https:\/\/www.europesays.com\/es\/wp-json\/wp\/v2\/comments?post=750454"}],"version-history":[{"count":0,"href":"https:\/\/www.europesays.com\/es\/wp-json\/wp\/v2\/posts\/750454\/revisions"}],"wp:featuredmedia":[{"embeddable":true,"href":"https:\/\/www.europesays.com\/es\/wp-json\/wp\/v2\/media\/750455"}],"wp:attachment":[{"href":"https:\/\/www.europesays.com\/es\/wp-json\/wp\/v2\/media?parent=750454"}],"wp:term":[{"taxonomy":"category","embeddable":true,"href":"https:\/\/www.europesays.com\/es\/wp-json\/wp\/v2\/categories?post=750454"},{"taxonomy":"post_tag","embeddable":true,"href":"https:\/\/www.europesays.com\/es\/wp-json\/wp\/v2\/tags?post=750454"}],"curies":[{"name":"wp","href":"https:\/\/api.w.org\/{rel}","templated":true}]}}