{"id":750462,"date":"2026-09-06T07:35:30","date_gmt":"2026-09-06T07:35:30","guid":{"rendered":"https:\/\/www.europesays.com\/es\/750462\/"},"modified":"2026-09-06T07:35:30","modified_gmt":"2026-09-06T07:35:30","slug":"la-historia-de-siempre-con-el-real-madrid","status":"publish","type":"post","link":"https:\/\/www.europesays.com\/es\/750462\/","title":{"rendered":"La historia de siempre con el Real Madrid"},"content":{"rendered":"<p class=\"ft-text\">La <a class=\"ft-link ft-link--decoration\" href=\"https:\/\/www.sport.es\/es\/noticias\/real-madrid\/penalti-salva-madrid-primer-pinchazo-133960425\" rel=\"nofollow noopener\" target=\"_blank\">derrota del Real Madrid ante el Real Betis en La Cartuja<\/a> <strong>ha reabierto ciertas dudas en el madridismo.<\/strong> No porque el equipo de Mourinho hiciera un mal partido: el Madrid tuvo argumentos para ganar, gener\u00f3 ocasiones, domin\u00f3 durante muchos tramos y termin\u00f3 march\u00e1ndose sin marcar. Mbapp\u00e9 tuvo el empate en un penalti en el descuento y tanto el franc\u00e9s como Vinicius o Huijsen tuvieron ocasiones muy claras.<\/p>\n<p class=\"ft-text\">\u201cNo s\u00e9 por qu\u00e9 hemos perdido\u201d, <a class=\"ft-link ft-link--decoration\" href=\"https:\/\/www.sport.es\/es\/noticias\/real-madrid\/primera-rajada-mourinho-jugadores-betis-133971218\" rel=\"nofollow noopener\" target=\"_blank\">explicaba Mourinho despu\u00e9s.<\/a> El problema del partido no es solamente el resultado, es que parece que <strong>vuelven fantasmas del pasado.<\/strong><\/p>\n<p><img decoding=\"async\" src=\"https:\/\/www.europesays.com\/es\/wp-content\/uploads\/2026\/09\/43a6f7f2-a9b9-4525-8552-57aa07849fe7_alta-libre-aspect-ratio_default_0_x600y225.jpg\" width=\"1200\" height=\"675\" alt=\"Mourinho tras la derrota ante el Betis\" class=\"ft-helper-img-rd\" loading=\"lazy\" fetchpriority=\"auto\"\/><\/p>\n<p class=\"ft-helper-fontColor-quaternary ft-helper-fontSize-body-S ft-helper-spacer-t-xxs\">Mourinho tras la derrota ante el Betis  \/ EFE<\/p>\n<p class=\"ft-text\">El Madrid empieza la liga ganando, las piezas parecen encajar, las estrellas aparecen y durante unas semanas parece que las preguntas de siempre han desaparecido. Hasta que llega el primer examen serio. Sucedi\u00f3 el a\u00f1o pasado en el derbi y este a\u00f1o, por ahora, en el partido ante el Betis, si bien en este caso la imagen del equipo fue mucho mejor. <strong>Las dos preguntas de siempre salen a la luz de nuevo: \u00bfQui\u00e9n organiza el juego? \u00bfSon compatibles las tres estrellas?<\/strong><\/p>\n<p>Centro del campo bajo sospecha<\/p>\n<p class=\"ft-text\"><strong>Camavinga y Valverde repitieron en el centro del campo y su papel volvi\u00f3 a sembrar dudas<\/strong>. El franc\u00e9s tiene cualidades para ser un jugador muy completo, pero sus desconexiones y su inexplicable dificultad a la hora de ejecutar ciertos gestos t\u00e9cnicos le convierten en un jugador muy irregular.<\/p>\n<p class=\"ft-text\">El uruguayo plantea una cuesti\u00f3n distinta. <strong>En la base de la jugada nunca ha brillado<\/strong>. Su f\u00fatbol aparece con mucha m\u00e1s naturalidad cuando el partido se rompe, cuando tiene metros para correr o cuando est\u00e1 desplazado a la banda. El Madrid necesita jugadores que quieran la pelota y participar en esa zona y Fede Valverde, lejos de ofrecerse, parece esconderse en muchas fases del juego.<\/p>\n<p><img decoding=\"async\" src=\"https:\/\/www.europesays.com\/es\/wp-content\/uploads\/2026\/09\/e0d985cc-57d9-456b-a909-6e6b4a9ca731_alta-libre-aspect-ratio_default_0_x600y225.jpg\" width=\"1200\" height=\"675\" alt=\"Fede Valverde trata de marcharse de Dotor.\" class=\"ft-helper-img-rd\" loading=\"lazy\" fetchpriority=\"auto\"\/><\/p>\n<p class=\"ft-helper-fontColor-quaternary ft-helper-fontSize-body-S ft-helper-spacer-t-xxs\">Fede Valverde no es capaz de aportar en ataque posicional  \/ Chema Moya (EFE)<\/p>\n<p class=\"ft-text\">Y ah\u00ed vuelve la pregunta que el Madrid decidi\u00f3 no resolver en el mercado: <strong>\u00bfqui\u00e9n gobierna el centro del campo cuando el partido exige pausa, control y circulaci\u00f3n?<\/strong> Tras no fichar a Rodri, la respuesta parece que vuelven a ser las individualidades, como un Arda G\u00fcler que se ech\u00f3 al equipo a la espalda.<\/p>\n<p>El debate m\u00e1s inc\u00f3modo: las tres estrellas<\/p>\n<p class=\"ft-text\">Mbapp\u00e9, Vinicius y Bellingham son demasiado buenos como para poner en duda su talento, pero e<strong>l problema con ellos nace de su compatibilidad y de la condici\u00f3n de intocables<\/strong> que parecen haber adquirido dentro del club.<\/p>\n<p class=\"ft-text\">Contra el Betis, el Madrid dispuso de muchas ocasiones. Mbapp\u00e9, que por momentos parece tener una facilidad para ver puerta pasmosa, <strong>es tambi\u00e9n el jugador que m\u00e1s ocasiones claras falla de todo el campeonato.<\/strong> Cuando no tiene el d\u00eda, el equipo, que depende mucho de sus goles, lo paga caro. <\/p>\n<p><img decoding=\"async\" src=\"https:\/\/www.europesays.com\/es\/wp-content\/uploads\/2026\/09\/6d341eee-ef41-446c-8cec-cf474719a0f0_alta-libre-aspect-ratio_default_0_x1248y287.jpg\" width=\"1200\" height=\"800\" alt=\"Vinicius protesta al \u00e1rbitro durante el partido del Real Madrid ante el Betis en la primera derrota blanca de la temporada\" class=\"ft-helper-img-rd\" loading=\"lazy\" fetchpriority=\"auto\"\/><\/p>\n<p class=\"ft-helper-fontColor-quaternary ft-helper-fontSize-body-S ft-helper-spacer-t-xxs\">Vinicius protesta al \u00e1rbitro durante el partido del Real Madrid ante el Betis en la primera derrota blanca de la temporada  \/ AFP7 v\u00eda Europa Press \/ AFP7 v\u00eda Europa Press<\/p>\n<p class=\"ft-text\">Vinicius tampoco est\u00e1 cerca de la versi\u00f3n que convirti\u00f3 su f\u00fatbol en diferencial. Sigue teniendo recursos para cambiar un partido en una jugada, pero lleva demasiado tiempo dejando la sensaci\u00f3n de que participa menos de lo que deber\u00eda y siendo mucho menos determinante. <strong>Su reciente renovaci\u00f3n, adem\u00e1s, le garantiza un papel jer\u00e1rquico que no se ve reflejado sobre el campo.<\/strong><\/p>\n<p class=\"ft-text\">En el caso de Bellingham, el ingl\u00e9s ven\u00eda siendo uno de los futbolistas m\u00e1s importantes y en mejor forma de todo el equipo, pero ante el Betis volvi\u00f3 a demostrar que le falta cierta regularidad en sus actuaciones. <strong>Se le vio cansado y, sin posibilidad de encontrar zonas de remate, su f\u00fatbol pierde mucho.<\/strong><\/p>\n<p>Los intocables<\/p>\n<p class=\"ft-text\">Los tres futbolistas condicionan al equipo y al entrenador m\u00e1s de lo que deber\u00edan. La prueba la encontramos en el cambio de Arda G\u00fcler que realiz\u00f3 Mourinho ante el Betis. Est\u00e1 claro que el turco, que estaba siendo mejor, ten\u00eda una tarjeta amarilla, pero<strong> la pregunta es si el portugu\u00e9s hubiera actuado igual en caso de que la cartulina la tuviera alguno de los otros tres atacantes.<\/strong> G\u00fcler estaba aportando mucho m\u00e1s que algunas estrellas, pero era el cambio f\u00e1cil de cara a mantener el vestuario en calma.<\/p>\n<p class=\"ft-text\">No importan los rendimientos, la <strong>jerarqu\u00eda impuesta en la plantilla a ra\u00edz de las decisiones tomadas por la planta noble<\/strong> (renovaciones, salarios, posicionamientos en conflictos como el Xabi-Vinicius&#8230;)<strong> es inalterable<\/strong> y est\u00e1 por encima del plan de partido. No parece haber sitio para la meritocracia en este Real Madrid.<\/p>\n<p><img decoding=\"async\" src=\"https:\/\/www.europesays.com\/es\/wp-content\/uploads\/2026\/09\/3759c1fd-e13e-4841-9b10-e59d0a5dc685_alta-libre-aspect-ratio_default_0_x600y225.jpg\" width=\"1200\" height=\"675\" alt=\"Kylian Mbapp\u00e9 dispara el penalti durante el Betis-Madrid de Liga en La Cartuja\" class=\"ft-helper-img-rd\" loading=\"lazy\" fetchpriority=\"auto\"\/><\/p>\n<p class=\"ft-helper-fontColor-quaternary ft-helper-fontSize-body-S ft-helper-spacer-t-xxs\">Kylian Mbapp\u00e9 dispara el penalti durante el Betis-Madrid de Liga en La Cartuja  \/ Joaqu\u00edn Corchero \/ AFP7 \/ Europa Press<\/p>\n<p class=\"ft-text\"><strong>Mourinho parec\u00eda estar dispuesto a romper con estas premisas,<\/strong> pero hasta ahora no ha tomado decisiones tan diferentes a las que habr\u00edan tomado sus predecesores. De hecho, Xabi Alonso trat\u00f3 de romper dicha jerarqu\u00eda y termin\u00f3 saliendo muy mal parado. <\/p>\n<p class=\"ft-text\">El Madrid solo ha perdido un partido y todav\u00eda no hay sitio para el drama, pero<strong> los focos vuelven a localizarse en los dos grandes problemas que el equipo arrastra desde hace a\u00f1os<\/strong>: el centrocampista organizador y la compatibilidad de sus tres estrellas. Y todo esto sin que Diomande, que parece intimidado cada vez que salta al terreno de juego, apenas haya podido hacer acto de presencia. La derrota ante el Betis vuelve a poner encima de la mesa dudas del pasado que Mourinho necesita resolver si quiere cambiar la din\u00e1mica autodestructiva en la que lleva inmersa esta plantilla desde hace varios cursos.<\/p>\n","protected":false},"excerpt":{"rendered":"La derrota del Real Madrid ante el Real Betis en La Cartuja ha reabierto ciertas dudas en el&hellip;\n","protected":false},"author":2,"featured_media":750463,"comment_status":"","ping_status":"","sticky":false,"template":"","format":"standard","meta":{"footnotes":""},"categories":[268],"tags":[168,25,24,280,282,448,24019,205,24904,798,281,23,167],"class_list":["post-750462","post","type-post","status-publish","format-standard","has-post-thumbnail","category-futbol","tag-deportes","tag-es","tag-espana","tag-football","tag-futbol","tag-historia","tag-jude-bellingham","tag-madrid","tag-mbappe","tag-real","tag-soccer","tag-spain","tag-sports"],"share_on_mastodon":{"url":"https:\/\/pubeurope.com\/@es\/117222947519371524","error":""},"_links":{"self":[{"href":"https:\/\/www.europesays.com\/es\/wp-json\/wp\/v2\/posts\/750462","targetHints":{"allow":["GET"]}}],"collection":[{"href":"https:\/\/www.europesays.com\/es\/wp-json\/wp\/v2\/posts"}],"about":[{"href":"https:\/\/www.europesays.com\/es\/wp-json\/wp\/v2\/types\/post"}],"author":[{"embeddable":true,"href":"https:\/\/www.europesays.com\/es\/wp-json\/wp\/v2\/users\/2"}],"replies":[{"embeddable":true,"href":"https:\/\/www.europesays.com\/es\/wp-json\/wp\/v2\/comments?post=750462"}],"version-history":[{"count":0,"href":"https:\/\/www.europesays.com\/es\/wp-json\/wp\/v2\/posts\/750462\/revisions"}],"wp:featuredmedia":[{"embeddable":true,"href":"https:\/\/www.europesays.com\/es\/wp-json\/wp\/v2\/media\/750463"}],"wp:attachment":[{"href":"https:\/\/www.europesays.com\/es\/wp-json\/wp\/v2\/media?parent=750462"}],"wp:term":[{"taxonomy":"category","embeddable":true,"href":"https:\/\/www.europesays.com\/es\/wp-json\/wp\/v2\/categories?post=750462"},{"taxonomy":"post_tag","embeddable":true,"href":"https:\/\/www.europesays.com\/es\/wp-json\/wp\/v2\/tags?post=750462"}],"curies":[{"name":"wp","href":"https:\/\/api.w.org\/{rel}","templated":true}]}}