{"id":750464,"date":"2026-09-06T07:36:28","date_gmt":"2026-09-06T07:36:28","guid":{"rendered":"https:\/\/www.europesays.com\/es\/750464\/"},"modified":"2026-09-06T07:36:28","modified_gmt":"2026-09-06T07:36:28","slug":"gabino-diego-60-anos-del-eterno-joven-del-cine-espanol-su-vida-actual","status":"publish","type":"post","link":"https:\/\/www.europesays.com\/es\/750464\/","title":{"rendered":"Gabino Diego, 60 a\u00f1os del eterno joven del cine espa\u00f1ol: su vida actual"},"content":{"rendered":"<p><a title=\"Gabino Diego\" href=\"https:\/\/www.larazon.es\/gente\/famosos\/gabino-diego-triunfa-como-cuco-como-presidente-torrente-seria-desastre_2026040669d3c49983aca52e0e44888b.html\" target=\"_blank\" rel=\"nofollow noopener\">Gabino Diego<\/a> cumple 60 a\u00f1os y tenemos la extra\u00f1a sensaci\u00f3n de que sigue teniendo treinta y tantos. <a title=\"Desapareci\u00f3 de nuestras pantallas\" href=\"https:\/\/www.larazon.es\/cultura\/gabino-diego-belleza-son-muchas-cosas-esta-muchos-sitios-solo-fisico_2024082666cbd079797ae1000170b890.html\" target=\"_blank\" rel=\"nofollow noopener\">Desapareci\u00f3 de nuestras pantallas<\/a> antes de que pudi\u00e9ramos verle envejecer, cuando su cara conservaba aquella expresi\u00f3n de chico joven al que la vida acaba de sorprender.<\/p>\n<p>Naci\u00f3 en Madrid el 6 de septiembre de 1966 y<b> fue durante los ochenta y los noventa uno de los grandes antih\u00e9roes del cine espa\u00f1ol.<\/b> No ten\u00eda aspecto de gal\u00e1n ni parec\u00eda interesado en ello. Su encanto era el desconcierto, la timidez, la ternura, cierta torpeza masculina. Pod\u00eda ser el joven de <b>\u00abLas bicicletas son para el verano\u00bb, Gustavete en \u00ab\u00a1Ay, Carmela!\u00bb<\/b>, Felipe IV en \u00abEl rey pasmado\u00bb o uno de aquellos espa\u00f1oles incre\u00edbles de \u00abAmanece, que no es poco\u00bb. Gan\u00f3 un Goya por \u00ab\u00a1Ay, Carmela!\u00bb y particip\u00f3 en \u00abBelle \u00c9poque\u00bb, ganadora del Oscar a mejor pel\u00edcula extranjera.<\/p>\n<p><img decoding=\"async\" loading=\"lazy\" src=\"https:\/\/www.europesays.com\/es\/wp-content\/uploads\/2026\/09\/santiago-segura-junto-gabino-diego_58.jpg\" alt=\"Santiago Segura junto a Gabino Diego\" width=\"2500\" height=\"1668\"\/><b>Santiago Segura junto a Gabino Diego<\/b> Sony Pictures<\/p>\n<p>Ten\u00eda 19 a\u00f1os cuando las malas cr\u00edticas recibidas tras Las bicicletas son para el verano le hicieron preguntarse si realmente serv\u00eda para aquello. \u00abSi lo hago tan mal, mejor me dedico a otra cosa\u00bb, record\u00f3 despu\u00e9s. Se march\u00f3 a Australia. <b>Lleg\u00f3 pr\u00e1cticamente sin saber ad\u00f3nde ir y termin\u00f3 acogido por Manuel Alonso,<\/b> un asturiano que distribu\u00eda publicaciones como Mundo Obrero y Granma. A\u00f1os despu\u00e9s todav\u00eda recib\u00eda llamadas desde all\u00ed para recordarle que en Australia hab\u00eda gente que le quer\u00eda.<\/p>\n<p><b>Regres\u00f3 y apareci\u00f3 Fernando Fern\u00e1n G\u00f3mez. <\/b>En \u00abEl viaje a ninguna parte\u00bb le gritaba, pero detr\u00e1s de aquellos gritos hab\u00eda una lecci\u00f3n de interpretaci\u00f3n. \u00abMe empec\u00e9 a llamar actor despu\u00e9s de aquella pel\u00edcula\u00bb, ha contado recientemente. Considera a Fern\u00e1n G\u00f3mez su gran maestro y la persona que m\u00e1s ha influido en su carrera.<\/p>\n<p>Una decisi\u00f3n muy personal<\/p>\n<p>Despu\u00e9s lleg\u00f3 pr\u00e1cticamente todo. <b>Carlos Saura, Jos\u00e9 Luis Cuerda, Imanol Uribe, Fernando Trueba, Santiago Segura&#8230;<\/b> Con su salida, el cine espa\u00f1ol perdi\u00f3 un rostro imprescindible. No hubo portazo ni comunicado de retirada. Gabino simplemente cambi\u00f3 la c\u00e1mara por el escenario. \u00c9l mismo ha explicado que no echa de menos el cine. De hecho, cuando rodaba <b>fantaseaba con estar recorriendo Espa\u00f1a con una obra teatral. <\/b>Y eso es lo que ha hecho. A los 60 sigue de gira, ahora con la comedia de enredo \u00abPijama para seis\u00bb. \u00abEl teatro es la madre que siempre te acoge\u00bb, le dec\u00eda F\u00e9lix Rotaeta. Ahora, ante la inteligencia artificial, Gabino sospecha que puede terminar siendo el \u00faltimo refugio. <b>Seres humanos de carne y hueso emocionando a otros seres humanos en tiempo real.<\/b><\/p>\n<p><img decoding=\"async\" loading=\"lazy\" src=\"https:\/\/www.europesays.com\/es\/wp-content\/uploads\/2026\/09\/gabino-diego-actor_58.jpg\" alt=\"Gabino Diego, actor. \" width=\"6171\" height=\"4114\"\/><b>Gabino Diego, actor. <\/b> Jes\u00fas G. Feria. La Raz\u00f3n<\/p>\n<p>Fuera del escenario aparece un Gabino bastante menos conocido. <b>Es un mel\u00f3mano formidable (jazz, salsa, m\u00fasica cubana, brasile\u00f1a, Beatles, Dylan, Coltrane)<\/b> y posee una importante colecci\u00f3n de fotograf\u00eda, levantada durante a\u00f1os con obras de Garc\u00eda-Alix, Cristina Garc\u00eda Rodero, Catal\u00e0-Roca, Ram\u00f3n Masats, Fontcuberta o Elliott Erwitt. El fot\u00f3grafo Robert Freeman, autor de algunas de las portadas m\u00e1s famosas de los Beatles, lleg\u00f3 incluso a vivir una temporada en su casa.<\/p>\n<p>Fue padre con Rosa Boladeras en 1996. <b>Y recuerda todav\u00eda el consejo que le dio una vez su suegro cuando iba a coger un tren con su hija:<\/b> pod\u00eda perderlo todo menos a la ni\u00f1a. El actor que parec\u00eda condenado a interpretar eternamente al joven perplejo <b>llega a los 60 tal y como quer\u00eda,<\/b> haciendo teatro, lejos del ruido y sin demasiada nostalgia. El antih\u00e9roe espa\u00f1ol se hizo mayor.<\/p>\n","protected":false},"excerpt":{"rendered":"Gabino Diego cumple 60 a\u00f1os y tenemos la extra\u00f1a sensaci\u00f3n de que sigue teniendo treinta y tantos. Desapareci\u00f3&hellip;\n","protected":false},"author":2,"featured_media":750465,"comment_status":"","ping_status":"","sticky":false,"template":"","format":"standard","meta":{"footnotes":""},"categories":[174],"tags":[1014,255,177,146,147,25,24,256,93797,95084,23,1651],"class_list":["post-750464","post","type-post","status-publish","format-standard","has-post-thumbnail","category-famosos","tag-actores","tag-celebrities","tag-cine","tag-entertainment","tag-entretenimiento","tag-es","tag-espana","tag-famosos","tag-fernando-fernan-gomez","tag-gabino-diego","tag-spain","tag-teatro"],"share_on_mastodon":{"url":"https:\/\/pubeurope.com\/@es\/117222952562280758","error":""},"_links":{"self":[{"href":"https:\/\/www.europesays.com\/es\/wp-json\/wp\/v2\/posts\/750464","targetHints":{"allow":["GET"]}}],"collection":[{"href":"https:\/\/www.europesays.com\/es\/wp-json\/wp\/v2\/posts"}],"about":[{"href":"https:\/\/www.europesays.com\/es\/wp-json\/wp\/v2\/types\/post"}],"author":[{"embeddable":true,"href":"https:\/\/www.europesays.com\/es\/wp-json\/wp\/v2\/users\/2"}],"replies":[{"embeddable":true,"href":"https:\/\/www.europesays.com\/es\/wp-json\/wp\/v2\/comments?post=750464"}],"version-history":[{"count":0,"href":"https:\/\/www.europesays.com\/es\/wp-json\/wp\/v2\/posts\/750464\/revisions"}],"wp:featuredmedia":[{"embeddable":true,"href":"https:\/\/www.europesays.com\/es\/wp-json\/wp\/v2\/media\/750465"}],"wp:attachment":[{"href":"https:\/\/www.europesays.com\/es\/wp-json\/wp\/v2\/media?parent=750464"}],"wp:term":[{"taxonomy":"category","embeddable":true,"href":"https:\/\/www.europesays.com\/es\/wp-json\/wp\/v2\/categories?post=750464"},{"taxonomy":"post_tag","embeddable":true,"href":"https:\/\/www.europesays.com\/es\/wp-json\/wp\/v2\/tags?post=750464"}],"curies":[{"name":"wp","href":"https:\/\/api.w.org\/{rel}","templated":true}]}}