{"id":750466,"date":"2026-09-06T07:37:34","date_gmt":"2026-09-06T07:37:34","guid":{"rendered":"https:\/\/www.europesays.com\/es\/750466\/"},"modified":"2026-09-06T07:37:34","modified_gmt":"2026-09-06T07:37:34","slug":"juan-elorduy-una-vida-dedicada-a-la-cultura-y-la-pintura","status":"publish","type":"post","link":"https:\/\/www.europesays.com\/es\/750466\/","title":{"rendered":"Juan Elorduy, una vida dedicada a la cultura y la pintura"},"content":{"rendered":"<p>\u00abUna mirada enrere\u00bb es mucho m\u00e1s que una retrospectiva pict\u00f3rica. Juan Elorduy (Bilbao, 1954) ha reunido en <a href=\"https:\/\/www.menorca.info\/etiqueta\/El+Roser.html?utm_source=Inline-tag&amp;utm_medium=internal\" rel=\"nofollow noopener\" target=\"_blank\">El Roser<\/a> <strong>un detallado recorrido por una vida creativa que abarca muchos campos.<\/strong> En la exposici\u00f3n, la pintura brilla con luz propia, pero tambi\u00e9n tienen el protagonismo que les corresponde la ilustraci\u00f3n, el dise\u00f1o gr\u00e1fico, sus publicaciones en prensa, los murales, los proyectos audiovisuales, la divulgaci\u00f3n y, por supuesto, su papel como gestor cultural al frente de Sa Nostra.<\/p>\n<p>Son muchas las actividades, funciones y profesiones que Elorduy ha desempe\u00f1ado, incluida la de coordinador de Cultura en el Ayuntamiento de Ciutadella, etapa durante la que El Roser comenz\u00f3 a cobrar vida como sala de exposiciones. Bajo ese techo, un d\u00eda antes de la inauguraci\u00f3n, reconoc\u00eda: \u00ab<strong>Para m\u00ed, esta sala ha sido un mito y un templo.<\/strong> Siempre pens\u00e9 que El Roser era para gente muy importante, que era inalcanzable para m\u00ed\u00bb.<\/p>\n<p><img decoding=\"async\" src=\"https:\/\/www.europesays.com\/es\/wp-content\/uploads\/2026\/09\/4761139.webp\" border=\"0\" alt=\"\" width=\"1920\" height=\"1280\" loading=\"lazy\"\/>&#13;<br \/>\nFotos: Katerina Pu&#13;<\/p>\n<p>M\u00e1s que una exposici\u00f3n<\/p>\n<p>Afirmaci\u00f3n que encaja con el car\u00e1cter modesto del artista, quien se considera \u00abun pintor dominguero, porque he pintado b\u00e1sicamente los fines de semana; era una actividad complementaria\u00bb. Sin embargo, ha acabado siendo toda una se\u00f1a de identidad en su trayectoria, que queda plasmada en la muestra de El Roser y tambi\u00e9n en un extenso cat\u00e1logo de 250 p\u00e1ginas en los que el artista echa la vista atr\u00e1s. Un libro que, a trav\u00e9s de una\u2006entrevista en profundidad,<strong> hace un repaso a toda su producci\u00f3n en los muchos campos que ha tocado.<\/strong> En sus p\u00e1ginas se puede encontrar documentaci\u00f3n de sus diferentes etapas y referencias a distintas publicaciones, como la secci\u00f3n que firma en este diario y que lleva por t\u00edtulo \u00ab\u00bfY si el arte sirviera de algo?\u00bb.<\/p>\n<p><img decoding=\"async\" src=\"https:\/\/www.europesays.com\/es\/wp-content\/uploads\/2026\/09\/4761137.webp\" border=\"0\" alt=\"\" width=\"1920\" height=\"1280\" loading=\"lazy\"\/><\/p>\n<p><strong>Un viaje que comienza con su primera individual en 1979 y los \u00abCavallitos\u00bb hasta cerrar el c\u00edrculo en El Roser.<\/strong> \u00abReencontrarme con cuadros de hace cuarenta a\u00f1os ha sido como reencontrarme con un hijo\u00bb, reconoce sobre el emotivo momento. Y, \u00bfc\u00f3mo le sienta el paso del tiempo a esos cuadros? \u00abSi te soy sincero, pero inmodesto, me ha parecido que estaban bien\u00bb.<\/p>\n<p>Ser\u00e1n muchos los que, cuando piensen en la obra de Elorduy, se les vengan a la cabeza las marinas y <strong>todos esos cuadros en los que el mar tiene un gran protagonismo<\/strong>, pero el artista ha tocado muchos palos. Etapas que aparecen diferenciadas en rincones de El Roser.<\/p>\n<p><img decoding=\"async\" src=\"https:\/\/www.europesays.com\/es\/wp-content\/uploads\/2026\/09\/4761133.webp\" border=\"0\" alt=\"\" width=\"1920\" height=\"1280\" loading=\"lazy\"\/><\/p>\n<p>Si se mira atr\u00e1s en la trayectoria de Elorduy, adem\u00e1s del paisajismo, tienen tambi\u00e9n protagonismo la pintura figurativa, las obras de est\u00e9tica naif o de apariencia infantil, el retrato y alg\u00fan intento con la pintura abstracta. En uno de los espacios conviven dos obras, ambas finalistas del Premi del Ateneu de Ma\u00f3, \u00abSomiadora amb els peixos de Matisse\u00bb (1997) y \u00abLas manos de Chillida\u00bb (1998), que ilustran perfectamente la versatilidad del autor. \u00abYo disfruto pintando. Y <strong>quien disfruta pintando no necesita otra recompensa que poder pintar.<\/strong> Mi opci\u00f3n es hacer una pintura que gusta\u00bb, reconoce el artista, que no reh\u00faye el t\u00e9rmino comercial, ya que lo que busca es que sus cuadros emocionen y entretengan.<\/p>\n<p>Cuando habla de la inspiraci\u00f3n y sobre c\u00f3mo el lugar donde uno vive marca sus creaciones, Elorduy reconoce que \u00ablo que m\u00e1s me ha influido es Menorca, sus paisajes, sus mares, sus campos, la tranquilidad y el sosiego\u00bb. Un motor que le ha conducido a crear un conjunto art\u00edstico que ahora ha podido reunir (su obra se encontraba muy dispersa) en lo que puede considerarse como<strong> una retrospectiva absoluta:<\/strong> \u00abAbarca desde casi mi llegada a la Isla hasta un cuadro pintado apenas hace unos meses. Va a ser una exposici\u00f3n muy emocionante\u00bb, concluye.<\/p>\n","protected":false},"excerpt":{"rendered":"\u00abUna mirada enrere\u00bb es mucho m\u00e1s que una retrospectiva pict\u00f3rica. Juan Elorduy (Bilbao, 1954) ha reunido en El&hellip;\n","protected":false},"author":2,"featured_media":750467,"comment_status":"","ping_status":"","sticky":false,"template":"","format":"standard","meta":{"footnotes":""},"categories":[173],"tags":[229,233,231,230,209,232,234,79898,146,147,25,24,23],"class_list":["post-750466","post","type-post","status-publish","format-standard","has-post-thumbnail","category-arte-y-diseno","tag-arte","tag-arte-y-diseno","tag-arts","tag-arts-and-design","tag-cultura","tag-design","tag-diseno","tag-el-roser","tag-entertainment","tag-entretenimiento","tag-es","tag-espana","tag-spain"],"share_on_mastodon":{"url":"https:\/\/pubeurope.com\/@es\/117222955305989829","error":""},"_links":{"self":[{"href":"https:\/\/www.europesays.com\/es\/wp-json\/wp\/v2\/posts\/750466","targetHints":{"allow":["GET"]}}],"collection":[{"href":"https:\/\/www.europesays.com\/es\/wp-json\/wp\/v2\/posts"}],"about":[{"href":"https:\/\/www.europesays.com\/es\/wp-json\/wp\/v2\/types\/post"}],"author":[{"embeddable":true,"href":"https:\/\/www.europesays.com\/es\/wp-json\/wp\/v2\/users\/2"}],"replies":[{"embeddable":true,"href":"https:\/\/www.europesays.com\/es\/wp-json\/wp\/v2\/comments?post=750466"}],"version-history":[{"count":0,"href":"https:\/\/www.europesays.com\/es\/wp-json\/wp\/v2\/posts\/750466\/revisions"}],"wp:featuredmedia":[{"embeddable":true,"href":"https:\/\/www.europesays.com\/es\/wp-json\/wp\/v2\/media\/750467"}],"wp:attachment":[{"href":"https:\/\/www.europesays.com\/es\/wp-json\/wp\/v2\/media?parent=750466"}],"wp:term":[{"taxonomy":"category","embeddable":true,"href":"https:\/\/www.europesays.com\/es\/wp-json\/wp\/v2\/categories?post=750466"},{"taxonomy":"post_tag","embeddable":true,"href":"https:\/\/www.europesays.com\/es\/wp-json\/wp\/v2\/tags?post=750466"}],"curies":[{"name":"wp","href":"https:\/\/api.w.org\/{rel}","templated":true}]}}