{"id":750488,"date":"2026-09-06T07:54:16","date_gmt":"2026-09-06T07:54:16","guid":{"rendered":"https:\/\/www.europesays.com\/es\/750488\/"},"modified":"2026-09-06T07:54:16","modified_gmt":"2026-09-06T07:54:16","slug":"sin-espanolas-en-el-us-open-bucsa-cae-con-coraje-ante-la-favorita-gauff","status":"publish","type":"post","link":"https:\/\/www.europesays.com\/es\/750488\/","title":{"rendered":"Sin espa\u00f1olas en el US Open: Bucsa cae con coraje ante la favorita Gauff"},"content":{"rendered":"<p>Cinco espa\u00f1olas comenzaron en el cuadro en esta edici\u00f3n del US Open y ya no queda ninguna. Buena parte de la culpa la tiene el sorteo y Coco Gauff. La suerte puso a las dos mejores raquetas de nuestro pa\u00eds en estos momentos, Paula Badosa  &#8230; y Cristina Bucsa, en su camino y la estadounidense se ha deshecho de ambas. <a href=\"https:\/\/www.abc.es\/deportes\/tenis\/badosa-20260903200053-nt.html\" target=\"_self\" data-voc-vtm-id=\"in-text-traffic\" data-mrf-link=\"www.abc.es\" rel=\"nofollow noopener\">Dobleg\u00f3 a Badosa en segunda ronda<\/a> y este s\u00e1bado, en tercera ronda, evit\u00f3 que Bucsa regresara a octavos, a donde lleg\u00f3 el a\u00f1o pasado (6-3, 6-4)<\/p>\n<p class=\"v-d-p\">Gauff, n\u00famero 4 del mundo, es una de las favoritas para llevarse el &#8216;grande&#8217; de Nueva York este a\u00f1o. <strong>Viene de ganar el Masters 1.000 de Cincinatti,<\/strong> el gran torneo previo al Abierto de EE.UU., donde se afilan las raquetas. Y lo ha hecho con gran autoridad: Gauff llegaba al partido contra Bucsa habiendo ganado los \u00faltimos 15 sets que ha disputado.<\/p>\n<p class=\"v-d-p\">Una gran autoridad que, sin embargo, tuvo grietas ante la tenista c\u00e1ntabra. Bucsa no ten\u00eda nada que perder y compareci\u00f3 en Arthur Ashe, la central de Nueva York, con desparpajo y coraje. Al igual que Badosa en segunda ronda, que tambi\u00e9n le competi\u00f3 muy bien a Gauff, Bucsa no se guard\u00f3 nada.<\/p>\n<ul class=\"v-cmp-rld__u\">\n<li class=\"v-cmp-rld__l\">\n<p><a class=\"v-a-lnk\" href=\"http:\/\/www.abc.es\/deportes\/tenis\/murciano-supera-nervios-puedo-estar-jugando-20260904024028-nt.html#vtm_modulosEngag=noticiasrelacionadas-cmp-uno:deportes:noticia:1\" data-voc-vtm-id=\"in-text-traffic\" rel=\"nofollow noopener\" target=\"_blank\"><br \/>\n<img decoding=\"async\" loading=\"lazy\" src=\"https:\/\/www.europesays.com\/es\/wp-content\/uploads\/2026\/09\/1516820479-kEjC--366x256@diario_abc.jpg\" class=\"v-a-img\" width=\"258\" height=\"180\" alt=\"El murciano supera sus nervios: \u00ab\u00a1No puedo estar jugando as\u00ed!\u00bb\"\/><br \/>\n<\/a><\/p>\n<\/li>\n<\/ul>\n<p class=\"v-d-p\">De hecho, esa agresividad le permiti\u00f3 adelantarse en el primer set con la ruptura del saque de Gauff. La estadounidense recuper\u00f3 ese saque, pero eso no desmont\u00f3 a Bucsa. Volvi\u00f3 a tener punto de &#8216;break&#8217; inmediato ante el desempe\u00f1o err\u00e1tico de Gauff.<\/p>\n<p class=\"v-d-p\">La estadounidense es muy querida en esta pista y tiene que gestionar las expectativas. Gan\u00f3 aqu\u00ed en 2023, con solo 19 a\u00f1os, y se convirti\u00f3 de inmediato en la gran sensaci\u00f3n del tenis estadounidense, justo cuando Serena Williams empezaba a flaquear. Era la versi\u00f3n estadounidense y femenina del paso de<strong> Rafael Nadal a Carlos Alcaraz<\/strong>. Desde entonces, Gauff ha tenido una carrera rese\u00f1able. Ha ganado en Roland Garros (2025) y es una habitual de las rondas finales en los &#8216;grandes&#8217; (este a\u00f1o, semifinal en Wimbledon). Pero desde 2023 no ha pasado de octavos en Nueva York.<\/p>\n<p class=\"v-d-p\">Bucsa no aprovech\u00f3 esa oportunidad y despu\u00e9s lo pag\u00f3. Gauff, con m\u00e1s potencia y recursos, se acab\u00f3 llevando la manga, pese a enredarse en fallos y con unos n\u00fameros de primer saque muy flojos.<\/p>\n<p class=\"v-d-p\">El segundo set fue todav\u00eda m\u00e1s alocado. Bucsa sali\u00f3 a por todas, incluso con m\u00e1s agresividad: cuando las fuerzas flojean, abundan los disparos. Y la espa\u00f1ola ten\u00eda razones para llegar al l\u00edmite. En la anterior ronda, frente a la peleona japonesa Himeno Sakatsume, jug\u00f3 un partido de tres horas, con los tres sets decididos en el desempate.<\/p>\n<p class=\"v-d-p\">Bucsa luch\u00f3 y luch\u00f3. Aguant\u00f3 hasta el 3-3, cuando tir\u00f3 la toalla con su saque. Gauff, muy despistada, con se\u00f1ales negativas si quiere aspirar a todo, le volvi\u00f3 a regalar otro saque. Pero para entonces la c\u00e1ntabra ya no daba m\u00e1s de s\u00ed. <strong>Se fue con la cabeza alta,<\/strong> entre los aplausos de la Arthur Ashe.<\/p>\n<p class=\"v-d-p\">La delegaci\u00f3n espa\u00f1ola se queda reducida a alguien con quien incluso no se contaba: Carlos Alcaraz. Pese a cuatro meses y medio fuera de las pistas, este domingo <a href=\"https:\/\/www.abc.es\/deportes\/tenis\/cronica-alcaraz-20260904193058-nt.html\" target=\"_self\" data-voc-vtm-id=\"in-text-traffic\" data-mrf-link=\"www.abc.es\" rel=\"nofollow noopener\">regresa a Arthur Ashe para su partido de octavos frente a Tommy Paul<\/a>, el primer hueso de este US Open, la gran prueba de su estado de forma.<\/p>\n","protected":false},"excerpt":{"rendered":"Cinco espa\u00f1olas comenzaron en el cuadro en esta edici\u00f3n del US Open y ya no queda ninguna. Buena&hellip;\n","protected":false},"author":2,"featured_media":750489,"comment_status":"","ping_status":"","sticky":false,"template":"","format":"standard","meta":{"footnotes":""},"categories":[274],"tags":[25738,5293,168,25,24,57424,23,167,327,326],"class_list":["post-750488","post","type-post","status-publish","format-standard","has-post-thumbnail","category-tenis","tag-bucsa","tag-cronica","tag-deportes","tag-es","tag-espana","tag-gauff","tag-spain","tag-sports","tag-tenis","tag-tennis"],"share_on_mastodon":{"url":"https:\/\/pubeurope.com\/@es\/117223022823805228","error":""},"_links":{"self":[{"href":"https:\/\/www.europesays.com\/es\/wp-json\/wp\/v2\/posts\/750488","targetHints":{"allow":["GET"]}}],"collection":[{"href":"https:\/\/www.europesays.com\/es\/wp-json\/wp\/v2\/posts"}],"about":[{"href":"https:\/\/www.europesays.com\/es\/wp-json\/wp\/v2\/types\/post"}],"author":[{"embeddable":true,"href":"https:\/\/www.europesays.com\/es\/wp-json\/wp\/v2\/users\/2"}],"replies":[{"embeddable":true,"href":"https:\/\/www.europesays.com\/es\/wp-json\/wp\/v2\/comments?post=750488"}],"version-history":[{"count":0,"href":"https:\/\/www.europesays.com\/es\/wp-json\/wp\/v2\/posts\/750488\/revisions"}],"wp:featuredmedia":[{"embeddable":true,"href":"https:\/\/www.europesays.com\/es\/wp-json\/wp\/v2\/media\/750489"}],"wp:attachment":[{"href":"https:\/\/www.europesays.com\/es\/wp-json\/wp\/v2\/media?parent=750488"}],"wp:term":[{"taxonomy":"category","embeddable":true,"href":"https:\/\/www.europesays.com\/es\/wp-json\/wp\/v2\/categories?post=750488"},{"taxonomy":"post_tag","embeddable":true,"href":"https:\/\/www.europesays.com\/es\/wp-json\/wp\/v2\/tags?post=750488"}],"curies":[{"name":"wp","href":"https:\/\/api.w.org\/{rel}","templated":true}]}}