{"id":750496,"date":"2026-09-06T08:00:22","date_gmt":"2026-09-06T08:00:22","guid":{"rendered":"https:\/\/www.europesays.com\/es\/750496\/"},"modified":"2026-09-06T08:00:22","modified_gmt":"2026-09-06T08:00:22","slug":"vilafranca-inaugura-una-escultura-dedicada-a-tomeu-penya","status":"publish","type":"post","link":"https:\/\/www.europesays.com\/es\/750496\/","title":{"rendered":"Vilafranca inaugura una escultura dedicada a Tomeu Penya"},"content":{"rendered":"<p><strong><a href=\"https:\/\/www.ultimahora.es\/etiqueta\/Vilafranca.html?utm_source=Inline-tag&amp;utm_medium=internal\" rel=\"nofollow noopener\" target=\"_blank\">Vilafranca<\/a> rinde un nuevo homenaje a <a href=\"https:\/\/www.ultimahora.es\/etiqueta\/Tomeu+Penya.html?utm_source=Inline-tag&amp;utm_medium=internal\" rel=\"nofollow noopener\" target=\"_blank\">Tomeu Penya<\/a><\/strong>. La plaza que lleva su nombre a partir de este s\u00e1bado cuenta tambi\u00e9n con una escultura dedicada al querido cantautor. Dentro del programa de fiestas de la <a href=\"https:\/\/www.ultimahora.es\/etiqueta\/Fira+del+Mel%C3%B3.html?utm_source=Inline-tag&amp;utm_medium=internal\" rel=\"nofollow noopener\" target=\"_blank\">Fira del Mel\u00f3<\/a>, este s\u00e1bado por la tarde las autoridades inauguraron en la plaza Tomeu Penya <strong>el busto del cantautor obra del escultor <a href=\"https:\/\/www.ultimahora.es\/etiqueta\/Dami%C3%A0+Ramis.html?utm_source=Inline-tag&amp;utm_medium=internal\" rel=\"nofollow noopener\" target=\"_blank\">Dami\u00e0 Ramis<\/a><\/strong> ante la expectaci\u00f3n de los vecinos que alabaron la obra. Cabe se\u00f1alar que el impulsor y patrocinador de este proyecto ha sido el empresario T\u00f2fol Rossell\u00f3, amigo de Tomeu Penya.<\/p>\n<p>\u00ab<strong>Siempre dicen que uno no es profeta en su tierra, pero en mi caso no es verdad<\/strong>. Hace 46 a\u00f1os, desde que soy cantautor, que estoy sorprendido del cari\u00f1o que me da Vilafranca y sus vecinos\u00bb, se\u00f1al\u00f3 Tomeu Penya antes de destapar la escultura. Para \u00e9l fue una sorpresa, ya que no sab\u00eda qui\u00e9n era el autor de la obra ni quien estaba detr\u00e1s como mecenas: su amigo T\u00f2fol Rossell\u00f3. \u00abSomos amigos desde ni\u00f1os, \u00edbamos juntos a La Porc\u00edncula\u00bb, se\u00f1al\u00f3 el empresario. El alcalde, Montserrat Rossell\u00f3, tambi\u00e9n entreg\u00f3 una placa al cantante.<\/p>\n","protected":false},"excerpt":{"rendered":"Vilafranca rinde un nuevo homenaje a Tomeu Penya. La plaza que lleva su nombre a partir de este&hellip;\n","protected":false},"author":2,"featured_media":750497,"comment_status":"","ping_status":"","sticky":false,"template":"","format":"standard","meta":{"footnotes":""},"categories":[173],"tags":[229,233,231,230,133435,232,234,146,147,25,24,133436,1528,1527,23,133434,1529,21,54056],"class_list":["post-750496","post","type-post","status-publish","format-standard","has-post-thumbnail","category-arte-y-diseno","tag-arte","tag-arte-y-diseno","tag-arts","tag-arts-and-design","tag-damia-ramis","tag-design","tag-diseno","tag-entertainment","tag-entretenimiento","tag-es","tag-espana","tag-fira-del-melo","tag-municipios-de-mallorca","tag-part-forana","tag-spain","tag-tomeu-penya","tag-ultima-hora","tag-ultimas-noticias","tag-vilafranca"],"share_on_mastodon":{"url":"https:\/\/pubeurope.com\/@es\/117223045718871320","error":""},"_links":{"self":[{"href":"https:\/\/www.europesays.com\/es\/wp-json\/wp\/v2\/posts\/750496","targetHints":{"allow":["GET"]}}],"collection":[{"href":"https:\/\/www.europesays.com\/es\/wp-json\/wp\/v2\/posts"}],"about":[{"href":"https:\/\/www.europesays.com\/es\/wp-json\/wp\/v2\/types\/post"}],"author":[{"embeddable":true,"href":"https:\/\/www.europesays.com\/es\/wp-json\/wp\/v2\/users\/2"}],"replies":[{"embeddable":true,"href":"https:\/\/www.europesays.com\/es\/wp-json\/wp\/v2\/comments?post=750496"}],"version-history":[{"count":0,"href":"https:\/\/www.europesays.com\/es\/wp-json\/wp\/v2\/posts\/750496\/revisions"}],"wp:featuredmedia":[{"embeddable":true,"href":"https:\/\/www.europesays.com\/es\/wp-json\/wp\/v2\/media\/750497"}],"wp:attachment":[{"href":"https:\/\/www.europesays.com\/es\/wp-json\/wp\/v2\/media?parent=750496"}],"wp:term":[{"taxonomy":"category","embeddable":true,"href":"https:\/\/www.europesays.com\/es\/wp-json\/wp\/v2\/categories?post=750496"},{"taxonomy":"post_tag","embeddable":true,"href":"https:\/\/www.europesays.com\/es\/wp-json\/wp\/v2\/tags?post=750496"}],"curies":[{"name":"wp","href":"https:\/\/api.w.org\/{rel}","templated":true}]}}