{"id":750514,"date":"2026-09-06T08:12:24","date_gmt":"2026-09-06T08:12:24","guid":{"rendered":"https:\/\/www.europesays.com\/es\/750514\/"},"modified":"2026-09-06T08:12:24","modified_gmt":"2026-09-06T08:12:24","slug":"putin-recibe-a-los-emisarios-de-trump-para-reactivar-las-negociaciones-sobre-ucrania","status":"publish","type":"post","link":"https:\/\/www.europesays.com\/es\/750514\/","title":{"rendered":"Putin recibe a los emisarios de Trump para reactivar las negociaciones sobre Ucrania"},"content":{"rendered":"<p class=\"c-paragraph\">El presidente ruso, Vlad\u00edmir Putin, abri\u00f3 este s\u00e1bado las <a href=\"https:\/\/www.heraldo.es\/noticias\/internacional\/2026\/09\/04\/trump-confirma-que-sus-enviados-viajan-rusia-ucrania-para-reavivar-las-negociaciones-2049639.html\" rel=\"nofollow noopener\" target=\"_blank\">negociaciones sobre Ucrania<\/a> con los emisarios de la Casa Blanca, Steve Witkoff y Jared Kushner, que llegaron a Mosc\u00fa para intentar reactivar el estancado proceso de paz.<\/p>\n<p class=\"c-paragraph\"><b>\u00abLa situaci\u00f3n que hoy vamos a tratar<\/b> no es, por supuesto, f\u00e1cil\u00bb, dijo Putin al comienzo del encuentro en el que salud\u00f3 a sus interlocutores en ingl\u00e9s: \u00abWelcome. Nice to meet you\u00bb.<\/p>\n<p class=\"c-paragraph\">A\u00f1adi\u00f3 que <b>\u00abprimero de todo\u00bb, quer\u00eda transmitir \u00ablos mejores deseos\u00bb<\/b> y \u00abpalabras de agradecimiento\u00bb al presidente de EE. UU., Donald Trump.<\/p>\n<p class=\"c-paragraph\">En la reuni\u00f3n, que tiene lugar en el Gran Palacio del Kremlin, <b>participan tambi\u00e9n el asesor de pol\u00edtica internacional<\/b> del Kremlin, Yuri Ushakov, y el emisario presidencial para la cooperaci\u00f3n econ\u00f3mica con EE. UU., Kiril Dm\u00edtriev.<\/p>\n<p class=\"c-paragraph\">Los emisarios de EE. UU. <b>llegaron poco despu\u00e9s del mediod\u00eda a Mosc\u00fa<\/b>, pero Putin tuvo hoy una apretada agenda debido al D\u00eda de Mosc\u00fa y a otros actos de cariz electoral, ya que Rusia celebra elecciones legislativas en dos semanas.<\/p>\n<p class=\"c-paragraph\">La reuni\u00f3n, <b>la primera desde el pasado 22 de enero<\/b>, tiene lugar menos de dos semanas despu\u00e9s de la <a href=\"https:\/\/www.heraldo.es\/noticias\/internacional\/2026\/08\/27\/espionaje-ruso-trato-asuntos-delicados-con-director-cia-2047530.html\" rel=\"nofollow noopener\" target=\"_blank\">visita a Mosc\u00fa del director de la CIA, John Ratcliffe<\/a>.<\/p>\n<p class=\"c-paragraph\">Despu\u00e9s de la reuni\u00f3n de hoy, <b>Witkoff y Kushner viajar\u00e1n a Kiev<\/b> para verse las caras con el presidente ucraniano, Volod\u00edmir Zelenski.<\/p>\n<p class=\"c-paragraph\">Con el fin de facilitar la llegada de los mediadores estadounidenses, <b>Putin y Zelenski ordenaron cesar durante tres d\u00edas<\/b> los <a href=\"https:\/\/www.heraldo.es\/noticias\/internacional\/2026\/09\/01\/ocho-muertos-ataque-ruso-misiles-balisticos-kiev-2048602.html\" rel=\"nofollow noopener\" target=\"_blank\">ataques a\u00e9reos<\/a> contra las capitales de su enemigo, Kiev y Mosc\u00fa.<\/p>\n<p class=\"c-paragraph\">Trump reconoci\u00f3 anoche que sus enviados <b>\u00abllevan consigo una propuesta para poner fin a la guerra<\/b>. Porque -enfatiz\u00f3- yo puse fin a ocho guerras\u00bb.<\/p>\n<p class=\"c-paragraph\">Putin se mostr\u00f3 esta semana dispuesto a recibir a Witkoff y Kushner, pero <b>ha rechazado por el momento tanto un alto el fuego prolongado<\/b> como una posible cumbre tripartita con EE. UU. y Ucrania, a no ser que sea para firmar la paz definitiva.<\/p>\n<p class=\"c-paragraph\">Las <a href=\"https:\/\/www.heraldo.es\/noticias\/internacional\/2026\/08\/17\/meses-negociaciones-paz-ucrania-estados-unidos-centrado-iran-2045357.html\" rel=\"nofollow noopener\" target=\"_blank\">negociaciones ruso-ucranianas<\/a> <b>est\u00e1n estancadas desde febrero pasado<\/b>, cuando comenz\u00f3 la operaci\u00f3n militar de Estados Unidos e Israel contra Ir\u00e1n.<\/p>\n<p class=\"c-paragraph\">Tanto Rusia como EE. UU. consideran que <b>han perdido toda vigencia los entendimientos alcanzados<\/b> en la cumbre ruso-estadounidense de agosto de 2025 en Alaska, donde, seg\u00fan la prensa, Mosc\u00fa se mostr\u00f3 dispuesto a congelar el frente en el sur a cambio de que Ucrania cediera todo el Donb\u00e1s.<\/p>\n","protected":false},"excerpt":{"rendered":"El presidente ruso, Vlad\u00edmir Putin, abri\u00f3 este s\u00e1bado las negociaciones sobre Ucrania con los emisarios de la Casa&hellip;\n","protected":false},"author":2,"featured_media":750515,"comment_status":"","ping_status":"","sticky":false,"template":"","format":"standard","meta":{"footnotes":""},"categories":[5],"tags":[17,18,352,25,24,13,14,12905,11,49684,19,20,10456,48222,9,10,15,16,1614,23,14182,12,7081,21,22,7083],"class_list":["post-750514","post","type-post","status-publish","format-standard","has-post-thumbnail","category-titulares","tag-breaking-news","tag-breakingnews","tag-donald-trump","tag-es","tag-espana","tag-featured-news","tag-featurednews","tag-guerra-de-ucrania","tag-headlines","tag-jared-kushner","tag-latest-news","tag-latestnews","tag-moscu","tag-negociaciones-de-paz","tag-news","tag-noticias","tag-noticias-destacadas","tag-noticiasdestacadas","tag-rusia","tag-spain","tag-steve-witkoff","tag-titulares","tag-ucrania","tag-ultimas-noticias","tag-ultimasnoticias","tag-vladimir-putin"],"share_on_mastodon":{"url":"https:\/\/pubeurope.com\/@es\/117223092856980138","error":""},"_links":{"self":[{"href":"https:\/\/www.europesays.com\/es\/wp-json\/wp\/v2\/posts\/750514","targetHints":{"allow":["GET"]}}],"collection":[{"href":"https:\/\/www.europesays.com\/es\/wp-json\/wp\/v2\/posts"}],"about":[{"href":"https:\/\/www.europesays.com\/es\/wp-json\/wp\/v2\/types\/post"}],"author":[{"embeddable":true,"href":"https:\/\/www.europesays.com\/es\/wp-json\/wp\/v2\/users\/2"}],"replies":[{"embeddable":true,"href":"https:\/\/www.europesays.com\/es\/wp-json\/wp\/v2\/comments?post=750514"}],"version-history":[{"count":0,"href":"https:\/\/www.europesays.com\/es\/wp-json\/wp\/v2\/posts\/750514\/revisions"}],"wp:featuredmedia":[{"embeddable":true,"href":"https:\/\/www.europesays.com\/es\/wp-json\/wp\/v2\/media\/750515"}],"wp:attachment":[{"href":"https:\/\/www.europesays.com\/es\/wp-json\/wp\/v2\/media?parent=750514"}],"wp:term":[{"taxonomy":"category","embeddable":true,"href":"https:\/\/www.europesays.com\/es\/wp-json\/wp\/v2\/categories?post=750514"},{"taxonomy":"post_tag","embeddable":true,"href":"https:\/\/www.europesays.com\/es\/wp-json\/wp\/v2\/tags?post=750514"}],"curies":[{"name":"wp","href":"https:\/\/api.w.org\/{rel}","templated":true}]}}