{"id":750524,"date":"2026-09-06T08:25:24","date_gmt":"2026-09-06T08:25:24","guid":{"rendered":"https:\/\/www.europesays.com\/es\/750524\/"},"modified":"2026-09-06T08:25:24","modified_gmt":"2026-09-06T08:25:24","slug":"cronicas-viejas-musicos-y-fotografos","status":"publish","type":"post","link":"https:\/\/www.europesays.com\/es\/750524\/","title":{"rendered":"CR\u00d3NICAS VIEJAS: M\u00fasicos y fot\u00f3grafos"},"content":{"rendered":"<p style=\"text-align: justify;\"><strong><b>Carriola<\/b><\/strong>.Redacci\u00f3n 06.09.26<\/p>\n<p>&#13;<\/p>\n<p style=\"text-align: justify;\"><strong><b>julio@carriola.es<\/b><\/strong><\/p>\n<p>&#13;<\/p>\n<p style=\"text-align: justify;\">Carriola.J.S.P.06.09.26<\/p>\n<p>&#13;<\/p>\n<p style=\"text-align: justify;\"><strong><b>Hoy que iniciamos un remedo de aquellas fiestas de La Patrona de Mar\u00edn de otros tiempos recuperamos en nuestra Carriola un art\u00edculo como homenaje a los m\u00fasicos de orquestas y bandas de la \u00e9poca y a quienes supieron inmortalizar sus im\u00e1genes con el arte fotogr\u00e1fico del momento <\/b><\/strong><\/p>\n<p>&#13;<\/p>\n<p style=\"text-align: justify;\">La fotograf\u00eda ha sido desde su invenci\u00f3n un pilar de la historia que, por s\u00ed sola, permite que nos traslademos a otra \u00e9pocas reviviendo personajes, paisajes y motivos diversos ya irrecuperables. A lo largo de la historia de la fotograf\u00eda se han sucedido profesionales capaces de quemar sus dedos con extra\u00f1os l\u00edquidos y sus ojos bajo el impacto de las l\u00e1mparas que utilizaban para su trabajo lo que no imped\u00eda que disfrutasen del resultado de su art\u00edstico trabajo o afici\u00f3n. Una l\u00e1stima que se hayan perdido im\u00e1genes impresas por el arte fotogr\u00e1fico porque hubo, y hay, quien no tiene dolor alguno en tirar las a la mism\u00edsima basura con lo que impiden que se revivan las situaciones que representan.<\/p>\n<p>&#13;<\/p>\n<p style=\"text-align: justify;\">Las m\u00e1quinas que otrora fueron verdaderos artilugios tan sencillos como las que utilizaban los fot\u00f3grafos de los jardines, al minuto, tienen un largo recorrido hasta las espectacularmente complicados que hoy llevan los fot\u00f3grafos profesionales capaces de eludir iluminaciones y distancias hasta llegar incluso a los l\u00edmites de la legalidad.<\/p>\n<p>&#13;<\/p>\n<p style=\"text-align: justify;\">En Mar\u00edn ten\u00edamos conocidos fot\u00f3grafos de la vida social como Cea, los hermanos Quir\u00f3s, Rivas, Orjales y tambi\u00e9n fot\u00f3grafos cient\u00edficos como Maky, Oca\u00f1a y, sobre todo,\u00a0Gago, cuyo trabajo cient\u00edfico\u00a0es mundialmente conocido por sus investigaciones, aunque los marinenses no tengamos mucha conciencia de ello. Todos ellos dejaron constancia de su arte a distintos niveles y ojal\u00e1 se hubiesen conservado sus trabajos que ser\u00edan la historia gr\u00e1fica de Mar\u00edn y de los marinenses.<\/p>\n<p>&#13;<\/p>\n<p style=\"text-align: justify;\">Hoy en d\u00eda hay m\u00e1s c\u00e1maras que fot\u00f3grafos,\u00a0porque cada tel\u00e9fono es capaz de tomar la imagen de cualquier situaci\u00f3n aunque, lamentablemente, el noventa por ciento de las im\u00e1genes tomadas no se ver\u00e1n reproducidas nunca y se disipar\u00e1n con la simple p\u00e9rdida del tel\u00e9fono en cuesti\u00f3n o quemadas por cualquier alteraci\u00f3n del propio aparato. No ser\u00eda extra\u00f1o que, tal como me comentaba en una ocasi\u00f3n el propio Gago, cualquier d\u00eda la influencia de energ\u00eda solar, borre la mayor\u00eda de los archivos que no est\u00e1n impresos en papel y con ello ese tesoro gr\u00e1fico de la vida misma.<\/p>\n<p>&#13;<\/p>\n<p style=\"text-align: justify;\"><img decoding=\"async\" src=\"https:\/\/www.europesays.com\/es\/wp-content\/uploads\/2026\/09\/2506musescuela.jpg\" alt=\"\"\/><\/p>\n<p>&#13;<\/p>\n<p style=\"text-align: justify;\"><strong><b>Una orquesta con conocidos m\u00fasicos en el casino de la Escuela Naval<\/b><\/strong><\/p>\n<p>&#13;<\/p>\n<p style=\"text-align: justify;\">Viene este comentario a ra\u00edz de que alguien ha remitido a Carriola tres im\u00e1genes relacionadas con grupos musicales de Mar\u00edn de otra \u00e9poca. Mar\u00edn fue cuna de bandas de m\u00fasica, orquestas y grupos musicales que todav\u00eda est\u00e1n en la memoria de muchas personas de hoy. Referencias personales\u00a0como Land\u00edn, Pach\u00e1n, Molas, Vinte\u00f1o, Sanpablo, Chap\u00ed&#8230; y otros muchos con los que podr\u00eda hacer una larga lista, rememoran aquella \u00e9poca de la m\u00fasica alejada de estridencias y defendida con el valor de los instrumentos y los pulmones y el alma de los int\u00e9rpretes\u00a0\u201canimadores\u201d.<\/p>\n<p>&#13;<\/p>\n<p style=\"text-align: justify;\"><img decoding=\"async\" src=\"https:\/\/www.europesays.com\/es\/wp-content\/uploads\/2026\/09\/2506muspachan.jpg\" alt=\"\"\/><\/p>\n<p>&#13;<\/p>\n<p style=\"text-align: justify;\"><strong><b>Otra legendaria agrupaci\u00f3n con m\u00fasicos\u00a0 f\u00e1cilmente identificables<\/b><\/strong><\/p>\n<p>&#13;<\/p>\n<p style=\"text-align: justify;\">Pues a esta redacci\u00f3n nos han llegado estas tres fotograf\u00edas y desde aqu\u00ed invitamos a nuestros seguidores a identificar a quienes en ellas aparecen. Ser\u00e1 un bonito ejercicio de recordar en ellos a la legi\u00f3n de m\u00fasicos \u201cde verdad\u201d que animaron nuestras noches de fiesta como las que viviremos estos d\u00edas en honor de La Patrona, y tambi\u00e9n un homenaje a todos ellos. Dif\u00edcilmente pero habr\u00e1 todav\u00eda vivos algunos\u00a0de los que en ellas aparecen porque debieron ser tomadas en la primera mitad del pasado siglo y la mayor\u00eda de las personas que se ven ya eran personas de cierta edad.<\/p>\n","protected":false},"excerpt":{"rendered":"Carriola.Redacci\u00f3n 06.09.26 &#13; julio@carriola.es &#13; Carriola.J.S.P.06.09.26 &#13; Hoy que iniciamos un remedo de aquellas fiestas de La Patrona&hellip;\n","protected":false},"author":2,"featured_media":750525,"comment_status":"","ping_status":"","sticky":false,"template":"","format":"standard","meta":{"footnotes":""},"categories":[173],"tags":[229,233,231,230,9432,9434,232,234,146,147,25,24,9436,9435,9433,23],"class_list":["post-750524","post","type-post","status-publish","format-standard","has-post-thumbnail","category-arte-y-diseno","tag-arte","tag-arte-y-diseno","tag-arts","tag-arts-and-design","tag-carriola","tag-carriola-marin","tag-design","tag-diseno","tag-entertainment","tag-entretenimiento","tag-es","tag-espana","tag-julio-santos","tag-julio-santos-pena","tag-noticias-marin","tag-spain"],"share_on_mastodon":{"url":"https:\/\/pubeurope.com\/@es\/117223144963536925","error":""},"_links":{"self":[{"href":"https:\/\/www.europesays.com\/es\/wp-json\/wp\/v2\/posts\/750524","targetHints":{"allow":["GET"]}}],"collection":[{"href":"https:\/\/www.europesays.com\/es\/wp-json\/wp\/v2\/posts"}],"about":[{"href":"https:\/\/www.europesays.com\/es\/wp-json\/wp\/v2\/types\/post"}],"author":[{"embeddable":true,"href":"https:\/\/www.europesays.com\/es\/wp-json\/wp\/v2\/users\/2"}],"replies":[{"embeddable":true,"href":"https:\/\/www.europesays.com\/es\/wp-json\/wp\/v2\/comments?post=750524"}],"version-history":[{"count":0,"href":"https:\/\/www.europesays.com\/es\/wp-json\/wp\/v2\/posts\/750524\/revisions"}],"wp:featuredmedia":[{"embeddable":true,"href":"https:\/\/www.europesays.com\/es\/wp-json\/wp\/v2\/media\/750525"}],"wp:attachment":[{"href":"https:\/\/www.europesays.com\/es\/wp-json\/wp\/v2\/media?parent=750524"}],"wp:term":[{"taxonomy":"category","embeddable":true,"href":"https:\/\/www.europesays.com\/es\/wp-json\/wp\/v2\/categories?post=750524"},{"taxonomy":"post_tag","embeddable":true,"href":"https:\/\/www.europesays.com\/es\/wp-json\/wp\/v2\/tags?post=750524"}],"curies":[{"name":"wp","href":"https:\/\/api.w.org\/{rel}","templated":true}]}}