{"id":750550,"date":"2026-09-06T08:48:23","date_gmt":"2026-09-06T08:48:23","guid":{"rendered":"https:\/\/www.europesays.com\/es\/750550\/"},"modified":"2026-09-06T08:48:23","modified_gmt":"2026-09-06T08:48:23","slug":"sistiaga-una-obra-llena-de-gesto-e-intuicion-por-edorta-kortadi","status":"publish","type":"post","link":"https:\/\/www.europesays.com\/es\/750550\/","title":{"rendered":"Sistiaga, una obra llena de gesto e intuici\u00f3n, por Edorta Kortadi"},"content":{"rendered":"<p>\n        En la nueva sede de la galer\u00eda Kur, en Villa Ainara (calle Irun, 1; Hondarribia) s<strong>e han instalado 30 obras del pintor <\/strong><a href=\"https:\/\/www.noticiasdegipuzkoa.eus\/tags\/jose-antonio-sistiaga\/\" title=\"Jos\u00e9 Antonio Sistiaga\" target=\"_blank\" class=\"link copy\" rel=\"nofollow noopener\"><strong>Jos\u00e9 Antonio Sistiaga<\/strong><\/a> (Donostia, 1932-Donibane Lohitzune, 2023) a instancia de sus hijos Gorka y Ainara para perpetuar su memoria.\n<\/p>\n<p class=\"article-body__text \">\n        <strong>En un espacio extenso y luminoso se exponen obras de las d\u00e9cadas 1950-2000 <\/strong>de formatos peque\u00f1os, medio y grandes, cobrando estas \u00faltimas toda su fuerza, dinamismo y belleza.\n<\/p>\n<p class=\"article-body__text \">\n        Se muestran en primer lugar<strong> sus obras de los a\u00f1os 50 realizadas en Par\u00eds<\/strong>, tintas sobre papel, trazadas en el jard\u00edn bajo la luz de la luna. Obras silentes y misteriosas de car\u00e1cter gestual, ejecutadas con los dedos de la mano, unas m\u00e1s gestuales, otras m\u00e1s geom\u00e9tricas. Obras poco conocidas y muy interesantes de sus comienzos.\n<\/p>\n<p class=\"article-body__text \">\n        <strong>De los a\u00f1os 70 se muestran sus lienzos llenos de aguas transparentes de car\u00e1cter gestual<\/strong>, sobre bloques de color rojo, verde y violeta. Gestos de gran solemnidad y aplomo\n<\/p>\n<p class=\"article-body__text \">\n        De los a\u00f1os 1970 y 2000, <strong>dos excelentes y magn\u00edficas pinturas murales sobre lienzo<\/strong>, llenas de fuerzas y contrafuerzas en torno a un vac\u00edo, y que devienen en lo mejor de su producci\u00f3n art\u00edstica: Dinamismo contenido II (1970) es una obra espl\u00e9ndida.\n<\/p>\n<p class=\"article-body__text \">\n        Con la t\u00e9cnica de los fotogramas pintados para su pel\u00edcula abstracta Ere erara baleibu izik se exponen tambi\u00e9n varias obras datadas en 1970.\n<\/p>\n<p class=\"article-body__text \">\n        Una colecci\u00f3n de peque\u00f1os formatos de los a\u00f1os 2000, pintados como lluvia celeste con la t\u00e9cnica del dripping, cierran la muestra.\n<\/p>\n<p class=\"article-body__text \">\n        <strong>Su obra pict\u00f3rica, de gran fuerza y magnetismo, deudora de los Duque, Soulage y otros abstractos franceses<\/strong>, cuaj\u00f3 en una obra que sigue causando admiraci\u00f3n por la gestualidad y rapidez con que fue trazada despu\u00e9s de muchos a\u00f1os de reflexi\u00f3n y conocimientos de t\u00e9cnicas caligr\u00e1ficas orientales que influyeron en muchos de los autores de las vanguardias europeas. S<strong>istiaga posee voz propia y lenguaje puro y elaborado en la Historia del arte vasco <\/strong>a trav\u00e9s de su presencia en el Grupo Gaur, y su docencia educativa, que cuaj\u00f3 en numerosos artistas j\u00f3venes posteriores ,y que se formaron en su Taller de Expresi\u00f3n Libre Infantil en Donostia, junto a otra docente como Esther Ferrer. Su obra llena de gesto e intuici\u00f3n nos sigue encandilando.<\/p>\n","protected":false},"excerpt":{"rendered":"En la nueva sede de la galer\u00eda Kur, en Villa Ainara (calle Irun, 1; Hondarribia) se han instalado&hellip;\n","protected":false},"author":2,"featured_media":750551,"comment_status":"","ping_status":"","sticky":false,"template":"","format":"standard","meta":{"footnotes":""},"categories":[173],"tags":[229,233,231,230,232,234,146,147,25,24,14136,88896,2490,4125,80750,23],"class_list":["post-750550","post","type-post","status-publish","format-standard","has-post-thumbnail","category-arte-y-diseno","tag-arte","tag-arte-y-diseno","tag-arts","tag-arts-and-design","tag-design","tag-diseno","tag-entertainment","tag-entretenimiento","tag-es","tag-espana","tag-gesto","tag-intuicion","tag-llena","tag-obra","tag-sistiaga","tag-spain"],"share_on_mastodon":{"url":"https:\/\/pubeurope.com\/@es\/117223234381990322","error":""},"_links":{"self":[{"href":"https:\/\/www.europesays.com\/es\/wp-json\/wp\/v2\/posts\/750550","targetHints":{"allow":["GET"]}}],"collection":[{"href":"https:\/\/www.europesays.com\/es\/wp-json\/wp\/v2\/posts"}],"about":[{"href":"https:\/\/www.europesays.com\/es\/wp-json\/wp\/v2\/types\/post"}],"author":[{"embeddable":true,"href":"https:\/\/www.europesays.com\/es\/wp-json\/wp\/v2\/users\/2"}],"replies":[{"embeddable":true,"href":"https:\/\/www.europesays.com\/es\/wp-json\/wp\/v2\/comments?post=750550"}],"version-history":[{"count":0,"href":"https:\/\/www.europesays.com\/es\/wp-json\/wp\/v2\/posts\/750550\/revisions"}],"wp:featuredmedia":[{"embeddable":true,"href":"https:\/\/www.europesays.com\/es\/wp-json\/wp\/v2\/media\/750551"}],"wp:attachment":[{"href":"https:\/\/www.europesays.com\/es\/wp-json\/wp\/v2\/media?parent=750550"}],"wp:term":[{"taxonomy":"category","embeddable":true,"href":"https:\/\/www.europesays.com\/es\/wp-json\/wp\/v2\/categories?post=750550"},{"taxonomy":"post_tag","embeddable":true,"href":"https:\/\/www.europesays.com\/es\/wp-json\/wp\/v2\/tags?post=750550"}],"curies":[{"name":"wp","href":"https:\/\/api.w.org\/{rel}","templated":true}]}}