{"id":750552,"date":"2026-09-06T08:50:14","date_gmt":"2026-09-06T08:50:14","guid":{"rendered":"https:\/\/www.europesays.com\/es\/750552\/"},"modified":"2026-09-06T08:50:14","modified_gmt":"2026-09-06T08:50:14","slug":"los-estrenos-y-programas-que-arrancan-temporada-este-7-de-septiembre","status":"publish","type":"post","link":"https:\/\/www.europesays.com\/es\/750552\/","title":{"rendered":"Los estrenos y programas que arrancan temporada este 7 de septiembre"},"content":{"rendered":"<p>Este lunes 7 de septiembre volver\u00e1 a ser una jornada intensa en t\u00e9rminos televisivos. A los <b>programas que regresan con sus nuevas temporadas<\/b>, como <a title=\"&#039;El Hormiguero&#039;\" href=\"https:\/\/www.larazon.es\/television\/programas\/hormiguero-estrena-temporada-21-15-robots-regreso-carlos-latre-grandes-invitados_202609036a9954293bfe5d1eff41c14f.html\" target=\"_blank\" rel=\"nofollow noopener\">&#8216;El Hormiguero&#8217;<\/a> o <a title=\"&#039;La isla de las tentaciones&#039;\" href=\"https:\/\/www.larazon.es\/television\/programas\/isla-tentaciones-domingo-entregas-especiales_202609046a9af38b3bfe5d1eff439ee9.html\" target=\"_blank\" rel=\"nofollow noopener\">&#8216;La isla de las tentaciones&#8217;<\/a>, se suman nuevos estrenos como el de la <a title=\"edici\u00f3n &#039;Legends&#039; de &#039;M\u00e1sterChef Celebrity&#039;\" href=\"https:\/\/www.larazon.es\/television\/programas\/rtve-estreno-masterchef-celebrity-legends_202609026a988cff2d7d3022177c497a.html\" target=\"_blank\" rel=\"nofollow noopener\">edici\u00f3n &#8216;Legends&#8217; de &#8216;M\u00e1sterChef Celebrity&#8217;<\/a> o el concurso &#8216;Rueda la letra&#8217; en Telecinco. Adem\u00e1s, en laSexta &#8216;Al Rojo Vivo&#8217; y &#8216;M\u00e1s vale tarde&#8217; estrenar\u00e1n un nuevo plat\u00f3.<\/p>\n<p>Atresmedia recupera su acces prime time<\/p>\n<p>Tanto Antena 3 como laSexta encaran el arranque de curso con el objetivo de consolidar su liderazgo en las franjas clave de la parrilla. El gran baluarte de la principal cadena de Atresmedia volver\u00e1 a ser <b>&#8216;El Hormiguero&#8217;<\/b>, que arranca temporada en el acces prime time tras cerrar un a\u00f1o r\u00e9cord de audiencia.<\/p>\n<p>El espacio conducido por Pablo Motos regresa a las 21:45 horas alcanzando su temporada 21 con una importante apuesta por la tecnolog\u00eda, que incluye la<b> incorporaci\u00f3n de 15 robots en plat\u00f3<\/b>, y el arranque habitual con su tradicional pel\u00edcula, esta vez titulada &#8216;Misi\u00f3n imposible, no\u2026 lo siguiente&#8217;. Entre los <b>primeros invitados<\/b> del curso figurar\u00e1n el seleccionador Luis de la Fuente, los periodistas Carlos Alsina y Rafa Latorre, y actrices como Pen\u00e9lope Cruz, Ester Exp\u00f3sito y Paula Echevarr\u00eda.<\/p>\n<p>En el apartado de novedades destaca el <b>regreso del humorista Carlos Latre<\/b>, que se suma a un equipo de colaboradores donde contin\u00faan Esperansa Grasia, Juan Carlos Ortega con sus conexiones por Inteligencia Artificial, David de Jorge, Luis Piedrahita, El Monaguillo o Nuria Roca.<\/p>\n<p>Por otro lado, <b>El Gran Wyoming tambi\u00e9n vuelve a los mandos de &#8216;El Intermedio&#8217;<\/b>. El espacio de laSexta regresa este lunes a las 21:30 horas tras cerrar su anterior curso como el programa diario m\u00e1s visto de la cadena, alcanzando un 6,8% de cuota y m\u00e1s de 835.000 seguidores de media. En esta nueva etapa, el formato <b>mantendr\u00e1 a su equipo habitual<\/b> con Sandra Sabat\u00e9s, Dani Mateo, Thais Villas, Andrea Ropero, Cristina Gallego e Isma Ju\u00e1rez al frente del an\u00e1lisis de la actualidad.<\/p>\n<p>Entre las novedades de la temporada destaca la <b>incorporaci\u00f3n del m\u00fasico Rodrigo Cuevas<\/b>, que aportar\u00e1 su visi\u00f3n sobre el mundo rural, as\u00ed como el estreno de la <b>secci\u00f3n &#8216;Show me the podcats&#8217; con Dani Mateo<\/b> y la sitcom &#8216;La Comunidad&#8217;, protagonizada por Cristina Gallego. Por su parte, Andrea Ropero arrancar\u00e1 la cobertura de temas sociales desde Ceuta para analizar la crisis migratoria, sum\u00e1ndose a la lista de colaboradores habituales donde figuran Joaqu\u00edn Reyes, Ra\u00fal P\u00e9rez o Guillermo Fesser.<\/p>\n<p>laSexta renueva sus plat\u00f3s<\/p>\n<p>Pero antes de la vuelta del humorista y presentador, ser\u00e1 el momento de ver los <b>nuevos plat\u00f3s de &#8216;Al rojo vivo&#8217; y &#8216;M\u00e1s vale tarde&#8217;<\/b>. Ambos formatos de laSexta renuevan por completo sus escenarios e identidad gr\u00e1fica.<\/p>\n<p>El <b>espacio matinal conducido por Antonio Garc\u00eda Ferreras<\/b> reasume su apuesta por el rigor informativo mediante un <b>dise\u00f1o de corte arquitect\u00f3nico e industrial<\/b>, con presencia de hierro, geometr\u00edas c\u00fabicas y una imponente mesa de inspiraci\u00f3n brutalista que integra su propio logotipo. El programa <b>refresca adem\u00e1s su rotulaci\u00f3n<\/b> con composiciones tanto horizontales como verticales para agilizar la jerarqu\u00eda de los datos, manteniendo sus ic\u00f3nicos colores rojo y negro, ahora matizados con destellos verdes y azules, y otorgando un nuevo tratamiento escenogr\u00e1fico a la tradicional m\u00e1quina de escribir Hispania.<\/p>\n<p>En el caso del <b>magac\u00edn vespertino presentado por I\u00f1aki L\u00f3pez<\/b>, la escenograf\u00eda se transforma en un <b>gran loft de autor de inspiraci\u00f3n mid-century y brutalista<\/b>, dise\u00f1ado para dotar de mayor dinamismo y variedad de planos a la informaci\u00f3n. La renovaci\u00f3n viene acompa\u00f1ada de un nuevo sistema gr\u00e1fico minimalista que simula una libreta de apuntes manuscrita y actualiza su paleta crom\u00e1tica con tonos c\u00e1lidos, beige y toques de verde, coral y azul.<\/p>\n<p>Un estreno en el prime time de La 1<\/p>\n<p>Al igual que el programa de entrevistas de Pablo Motos, &#8216;La Revuelta&#8217; retoma sus entregas este 7 de septiembre despu\u00e9s de la edici\u00f3n nocturna del Telediario presentado por Pepa Bueno. Lo hace desde una nueva localizaci\u00f3n: el UMusic Hotel Teatro Alb\u00e9niz de Madrid. Tras su emisi\u00f3n, ser\u00e1 el turno de <b>volver a ver a algunas de las estrellas de las nueve temporadas de &#8216;M\u00e1sterChef Celebrity&#8217;.<\/b><\/p>\n<p>Los 15 aspirantes de la primera edici\u00f3n &#8216;Legends&#8217; buscar\u00e1n la redenci\u00f3n en el concurso de Shine Iberia someti\u00e9ndose a todo tipo de retos gastron\u00f3micos. Los concursantes que regresan a los fogones, bajo la atenta mirada de Jordi Cruz, Pepe Rodr\u00edguez y Delicious Martha, ser\u00e1n <b>Manuel D\u00edaz &#8216;El Cordob\u00e9s&#8217;, Edu Soto, Juan Betancourt, Bibiana Fern\u00e1ndez, Anabel Alonso, Santiago Segura, Paz Vega, Juanjo Ballesta, Florentino Fern\u00e1ndez, David Bustamante, Ruth Lorenzo, Mar\u00eda Escot\u00e9, Jos\u00e9 Mar\u00eda Mart\u00ednez-Bordiu (Pocholo), Marina Rivers y Mala Rodr\u00edguez. <\/b><\/p>\n<p>Vuelve Jorge Javier V\u00e1zquez a Telecinco<\/p>\n<p>En cuanto a la programaci\u00f3n de Telecinco, esta ver\u00e1 como <b>sus tardes recuperan &#8216;El diario de Jorge&#8217;<\/b>, que regresa con una nueva temporada y una duraci\u00f3n de una hora, de 18:00 a 19:00 horas, momento en el que se estrenar\u00e1 &#8216;Rueda la letra&#8217;. El programa que presentar\u00e1 Carlos Sobera y que bebe directamente del esp\u00edritu de &#8216;Pasapalabra&#8217;, ocupar\u00e1 el tramo de las 19:00 horas.<\/p>\n<p>Con respecto al reality show presentado por Sandra Barneda,<b> &#8216;La isla de las tentaciones&#8217; no dejar\u00e1 de reinventarse e incorporar\u00e1 nuevos giros<\/b>, como el desembarco del grupo de solteros, que acompa\u00f1ar\u00e1n por primera vez a los protagonistas hasta sus respectivas villas.<\/p>\n<p>Asimismo, por primera vez los protagonistas <b>podr\u00e1n enviar un objeto personal a sus parejas mediante un dron<\/b> y ver en directo a trav\u00e9s de un monitor las reacciones de estas cuando lo reciban. Por otro lado, durante su primera noche en Villa Monta\u00f1a, las chicas ser\u00e1n sorprendidas con la irrupci\u00f3n de un nuevo soltero al que todas ellas conocen, mientras que para los chicos regresa Villa Playa, una de las villas m\u00edticas del formato donde, en sus lujosas instalaciones, tendr\u00e1n que hacer frente a la tentaci\u00f3n.<\/p>\n","protected":false},"excerpt":{"rendered":"Este lunes 7 de septiembre volver\u00e1 a ser una jornada intensa en t\u00e9rminos televisivos. A los programas que&hellip;\n","protected":false},"author":2,"featured_media":750553,"comment_status":"","ping_status":"","sticky":false,"template":"","format":"standard","meta":{"footnotes":""},"categories":[171],"tags":[4040,151,146,147,25,24,5622,955,2662,518,23,692,807,214],"class_list":["post-750552","post","type-post","status-publish","format-standard","has-post-thumbnail","category-tv","tag-antena-3","tag-atresmedia","tag-entertainment","tag-entretenimiento","tag-es","tag-espana","tag-lasexta","tag-mediaset","tag-programas-de-television","tag-rtve","tag-spain","tag-telecinco","tag-television","tag-tv"],"share_on_mastodon":{"url":"https:\/\/pubeurope.com\/@es\/117223242137135189","error":""},"_links":{"self":[{"href":"https:\/\/www.europesays.com\/es\/wp-json\/wp\/v2\/posts\/750552","targetHints":{"allow":["GET"]}}],"collection":[{"href":"https:\/\/www.europesays.com\/es\/wp-json\/wp\/v2\/posts"}],"about":[{"href":"https:\/\/www.europesays.com\/es\/wp-json\/wp\/v2\/types\/post"}],"author":[{"embeddable":true,"href":"https:\/\/www.europesays.com\/es\/wp-json\/wp\/v2\/users\/2"}],"replies":[{"embeddable":true,"href":"https:\/\/www.europesays.com\/es\/wp-json\/wp\/v2\/comments?post=750552"}],"version-history":[{"count":0,"href":"https:\/\/www.europesays.com\/es\/wp-json\/wp\/v2\/posts\/750552\/revisions"}],"wp:featuredmedia":[{"embeddable":true,"href":"https:\/\/www.europesays.com\/es\/wp-json\/wp\/v2\/media\/750553"}],"wp:attachment":[{"href":"https:\/\/www.europesays.com\/es\/wp-json\/wp\/v2\/media?parent=750552"}],"wp:term":[{"taxonomy":"category","embeddable":true,"href":"https:\/\/www.europesays.com\/es\/wp-json\/wp\/v2\/categories?post=750552"},{"taxonomy":"post_tag","embeddable":true,"href":"https:\/\/www.europesays.com\/es\/wp-json\/wp\/v2\/tags?post=750552"}],"curies":[{"name":"wp","href":"https:\/\/api.w.org\/{rel}","templated":true}]}}